{"id":45654,"date":"2025-09-08T16:35:06","date_gmt":"2025-09-08T22:35:06","guid":{"rendered":"https:\/\/contextoanalisisperiodistico.com\/index.php\/2025\/09\/08\/oaxaca-se-posiciona-como-la-entidad-con-menor-prevalencia-delictivaacorde-al-envipe-sspc\/"},"modified":"2025-09-08T16:37:04","modified_gmt":"2025-09-08T22:37:04","slug":"oaxaca-se-posiciona-como-la-entidad-con-menor-prevalencia-delictivaacorde-al-envipe-sspc","status":"publish","type":"post","link":"https:\/\/contextoanalisisperiodistico.com\/index.php\/2025\/09\/08\/oaxaca-se-posiciona-como-la-entidad-con-menor-prevalencia-delictivaacorde-al-envipe-sspc\/","title":{"rendered":"Oaxaca, la entidad con menor prevalencia delictiva acorde al Envipe: SSPC"},"content":{"rendered":"<div id=\"fb-root\"><\/div>\n\n<p>\u2022 El estado tambi\u00e9n es el quinto m\u00e1s seguro a nivel nacional con una tasa delictiva de 407.44, por debajo de la tasa a nivel nacional de 889.60<\/p>\n\n\n\n<figure class=\"wp-block-image size-large\"><img fetchpriority=\"high\" decoding=\"async\" width=\"732\" height=\"499\" src=\"https:\/\/contextoanalisisperiodistico.com\/wp-content\/uploads\/2025\/09\/img-20250908-wa00892577867318122134359.jpg\" alt=\"\" class=\"wp-image-45653\" srcset=\"https:\/\/contextoanalisisperiodistico.com\/wp-content\/uploads\/2025\/09\/img-20250908-wa00892577867318122134359.jpg 732w, https:\/\/contextoanalisisperiodistico.com\/wp-content\/uploads\/2025\/09\/img-20250908-wa00892577867318122134359-300x205.jpg 300w\" sizes=\"(max-width: 732px) 100vw, 732px\" \/><\/figure>\n\n\n\n<p>Oaxaca de Ju\u00e1rez, Oax. 8 de septiembre de 2025.- Oaxaca es la entidad con menor prevalencia delictiva al reportarse un 13.3 por ciento de v\u00edctimas por cada 100 mil habitantes, de acuerdo con la Encuesta Nacional de Victimizaci\u00f3n y Percepci\u00f3n sobre Seguridad P\u00fablica (Envipe).<\/p>\n\n\n\n<p>Los logros alcanzados fueron compartidos por la Secretar\u00eda de Seguridad y Protecci\u00f3n Ciudadana (SSPC) durante la conferencia de prensa de gobernabilidad y proyectos estrat\u00e9gicos encabezada por el Gobernador Salom\u00f3n Jara Cruz.<\/p>\n\n\n\n<p>El titular de la Fiscal\u00eda General del Estado de Oaxaca (FGEO) Bernardo Rodr\u00edguez Alamilla present\u00f3 los resultados de las mediciones realizadas por el Instituto Nacional de Estad\u00edstica y Geograf\u00eda (INEGI) y el Secretariado Ejecutivo del Sistema Nacional de Seguridad P\u00fablica (SESNSP).<\/p>\n\n\n\n<p>Detall\u00f3 que Oaxaca se coloca como la quinta entidad m\u00e1s segura a nivel nacional con una tasa delictiva de 407.44, por debajo de la tasa a nivel nacional de 889.60; mostrando adem\u00e1s una tendencia anual a la baja de 2023 a 2025 e igualmente en el promedio mensual enero a julio de esas anualidades.<\/p>\n\n\n\n<p>Respecto a las v\u00edctimas de robo, homicidio doloso de hombre, muerte violenta de mujeres, feminicidio; hay una disminuci\u00f3n anual; en el periodo enero a julio de 2025.<\/p>\n\n\n\n<p>Asimismo, el titular de la SSPC, Iv\u00e1n Garc\u00eda \u00c1lvarez report\u00f3 el crecimiento sostenido de operativos y despliegues realizados de 2022 a 2024; durante el a\u00f1o pasado se realizaron 45 mil 316 de estas acciones, un aumento en relaci\u00f3n a los 17 mil 899 implementados en 2022.<\/p>\n\n\n\n<p>Refiri\u00f3 que en 2022 \u00fanicamente se llevaron a cabo mil 646 detenciones, para 2024 esa cifra lleg\u00f3 a 2 mil 38, lo que representa un incremento de 23.8 por ciento.<\/p>\n\n\n\n<p>Sobre el aseguramiento vehicular, en 2024 se reportaron 835 casos, 16. 3 por ciento m\u00e1s que en 2022 que registr\u00f3 718. En el decomiso de armas de fuego, se aseguraron 421 en 2024 y 245 en 2022: 71.8 por ciento m\u00e1s.<\/p>\n\n\n\n<p>Asimismo, al menos 7 mil 349 cargadores fueron asegurados en 2024, un 155 por ciento m\u00e1s en relaci\u00f3n a los 2 mil 878 de 2022.<\/p>\n\n\n\n<p>Este mismo aumento sostenido de resultados se observa en cuanto al decomiso de presuntas drogas en distintas presentaciones y dinero recuperado.<\/p>\n\n\n\n<p>-0-<\/p>\n","protected":false},"excerpt":{"rendered":"<p>\u2022 El estado tambi\u00e9n es el quinto m\u00e1s seguro a nivel nacional con una tasa&#8230;<\/p>\n","protected":false},"author":4,"featured_media":45652,"comment_status":"closed","ping_status":"open","sticky":false,"template":"","format":"standard","meta":{"footnotes":""},"categories":[10],"tags":[],"jetpack_sharing_enabled":true,"featured_image_urls":{"full":["https:\/\/contextoanalisisperiodistico.com\/wp-content\/uploads\/2025\/09\/IMG-20250908-WA0090.jpg",1500,1000,false],"thumbnail":["https:\/\/contextoanalisisperiodistico.com\/wp-content\/uploads\/2025\/09\/IMG-20250908-WA0090-150x150.jpg",150,150,true],"medium":["https:\/\/contextoanalisisperiodistico.com\/wp-content\/uploads\/2025\/09\/IMG-20250908-WA0090-300x200.jpg",300,200,true],"medium_large":["https:\/\/contextoanalisisperiodistico.com\/wp-content\/uploads\/2025\/09\/IMG-20250908-WA0090-768x512.jpg",640,427,true],"large":["https:\/\/contextoanalisisperiodistico.com\/wp-content\/uploads\/2025\/09\/IMG-20250908-WA0090-1024x683.jpg",640,427,true],"1536x1536":["https:\/\/contextoanalisisperiodistico.com\/wp-content\/uploads\/2025\/09\/IMG-20250908-WA0090.jpg",1500,1000,false],"2048x2048":["https:\/\/contextoanalisisperiodistico.com\/wp-content\/uploads\/2025\/09\/IMG-20250908-WA0090.jpg",1500,1000,false],"covernews-slider-full":["https:\/\/contextoanalisisperiodistico.com\/wp-content\/uploads\/2025\/09\/IMG-20250908-WA0090-1115x715.jpg",1115,715,true],"covernews-slider-center":["https:\/\/contextoanalisisperiodistico.com\/wp-content\/uploads\/2025\/09\/IMG-20250908-WA0090-800x500.jpg",800,500,true],"covernews-featured":["https:\/\/contextoanalisisperiodistico.com\/wp-content\/uploads\/2025\/09\/IMG-20250908-WA0090-1024x683.jpg",1024,683,true],"covernews-medium":["https:\/\/contextoanalisisperiodistico.com\/wp-content\/uploads\/2025\/09\/IMG-20250908-WA0090-540x340.jpg",540,340,true],"covernews-medium-square":["https:\/\/contextoanalisisperiodistico.com\/wp-content\/uploads\/2025\/09\/IMG-20250908-WA0090-400x250.jpg",400,250,true]},"author_info":{"display_name":"Mario Gir\u00f3n","author_link":"https:\/\/contextoanalisisperiodistico.com\/index.php\/author\/director\/"},"category_info":"<a href=\"https:\/\/contextoanalisisperiodistico.com\/index.php\/category\/seguridad\/\" rel=\"category tag\">Seguridad<\/a>","tag_info":"Seguridad","comment_count":"0","jetpack_featured_media_url":"https:\/\/contextoanalisisperiodistico.com\/wp-content\/uploads\/2025\/09\/IMG-20250908-WA0090.jpg","_links":{"self":[{"href":"https:\/\/contextoanalisisperiodistico.com\/index.php\/wp-json\/wp\/v2\/posts\/45654"}],"collection":[{"href":"https:\/\/contextoanalisisperiodistico.com\/index.php\/wp-json\/wp\/v2\/posts"}],"about":[{"href":"https:\/\/contextoanalisisperiodistico.com\/index.php\/wp-json\/wp\/v2\/types\/post"}],"author":[{"embeddable":true,"href":"https:\/\/contextoanalisisperiodistico.com\/index.php\/wp-json\/wp\/v2\/users\/4"}],"replies":[{"embeddable":true,"href":"https:\/\/contextoanalisisperiodistico.com\/index.php\/wp-json\/wp\/v2\/comments?post=45654"}],"version-history":[{"count":2,"href":"https:\/\/contextoanalisisperiodistico.com\/index.php\/wp-json\/wp\/v2\/posts\/45654\/revisions"}],"predecessor-version":[{"id":45656,"href":"https:\/\/contextoanalisisperiodistico.com\/index.php\/wp-json\/wp\/v2\/posts\/45654\/revisions\/45656"}],"wp:featuredmedia":[{"embeddable":true,"href":"https:\/\/contextoanalisisperiodistico.com\/index.php\/wp-json\/wp\/v2\/media\/45652"}],"wp:attachment":[{"href":"https:\/\/contextoanalisisperiodistico.com\/index.php\/wp-json\/wp\/v2\/media?parent=45654"}],"wp:term":[{"taxonomy":"category","embeddable":true,"href":"https:\/\/contextoanalisisperiodistico.com\/index.php\/wp-json\/wp\/v2\/categories?post=45654"},{"taxonomy":"post_tag","embeddable":true,"href":"https:\/\/contextoanalisisperiodistico.com\/index.php\/wp-json\/wp\/v2\/tags?post=45654"}],"curies":[{"name":"wp","href":"https:\/\/api.w.org\/{rel}","templated":true}]}}