{"id":45649,"date":"2025-09-08T15:29:49","date_gmt":"2025-09-08T21:29:49","guid":{"rendered":"https:\/\/contextoanalisisperiodistico.com\/index.php\/2025\/09\/08\/refuerza-gobernador-salomon-jara-seguridad-ciudadana-con-mas-de-79-mdp-en-armamento-y-vehiculos-a-corporaciones-policiales\/"},"modified":"2025-09-08T15:29:49","modified_gmt":"2025-09-08T21:29:49","slug":"refuerza-gobernador-salomon-jara-seguridad-ciudadana-con-mas-de-79-mdp-en-armamento-y-vehiculos-a-corporaciones-policiales","status":"publish","type":"post","link":"https:\/\/contextoanalisisperiodistico.com\/index.php\/2025\/09\/08\/refuerza-gobernador-salomon-jara-seguridad-ciudadana-con-mas-de-79-mdp-en-armamento-y-vehiculos-a-corporaciones-policiales\/","title":{"rendered":"Refuerza Gobernador Salom\u00f3n Jara seguridad ciudadana con m\u00e1s de 79 mdp en armamento y veh\u00edculos a corporaciones policiales"},"content":{"rendered":"<div id=\"fb-root\"><\/div>\n\n<p>\u2022 Se hizo el reparto de 67 camionetas pick up equipadas como patrullas, 23 bicicletas el\u00e9ctricas, 27 motocicletas y 75 fusiles de asalto<\/p>\n\n\n\n<p>Oaxaca de Ju\u00e1rez, Oax., 8 de septiembre de 2025.- Con una inversi\u00f3n hist\u00f3rica de 79 millones 481 mil pesos, el Gobernador Salom\u00f3n Jara Cruz entreg\u00f3 armamento y veh\u00edculos policiales para reforzar la seguridad ciudadana y garantizar la procuraci\u00f3n de justicia en el estado.<\/p>\n\n\n\n<p>En el acto realizado en el Parque Primavera Oaxaque\u00f1a Cho Ndob\u00e1, acompa\u00f1ado por representantes del Ej\u00e9rcito Mexicano, el Mandatario estatal destac\u00f3 que este esfuerzo permitir\u00e1 a las y los elementos de los diferentes cuerpos de seguridad p\u00fablica de la entidad, cumplir mejor sus funciones y brindar un servicio m\u00e1s eficiente.<\/p>\n\n\n\n<p>\u201cLa seguridad de las familias es un eje fundamental, no puede haber desarrollo sin paz, ni justicia sin instituciones capaces de hacerla valer\u201d, afirm\u00f3.<\/p>\n\n\n\n<p>De esta manera, se hizo el reparto de 48 camionetas pick up equipadas como patrullas, 23 bicicletas el\u00e9ctricas, 27 motocicletas y 75 fusiles de asalto para instituciones del Gobierno de Oaxaca; as\u00ed como, 19 camionetas para la Fiscal\u00eda General del Estado (FGEO), para reforzar el trabajo de investigaci\u00f3n y procuraci\u00f3n de justicia.<\/p>\n\n\n\n<p>Estas unidades se suman a las 487 dadas con anterioridad, desde que la Primavera Oaxaque\u00f1a inici\u00f3 en diciembre de 2022.<\/p>\n\n\n\n<p>En esta ocasi\u00f3n, las corporaciones beneficiadas con este nuevo equipamiento son: las polic\u00edas Estatal, Vial Estatal y Auxiliar, Bancaria, Industrial y Comercial (PABIC), adem\u00e1s, el Heroico Cuerpo de Bomberos, la FGEO, a las diversas \u00e1reas de la Secretar\u00eda de Seguridad y Protecci\u00f3n Ciudadana (SSPC), la Agencia Estatal de Investigaciones (AEI) y la Universidad de la Seguridad P\u00fablica y Paz Social de Oaxaca.<\/p>\n\n\n\n<p>Por su parte, la titular del Secretariado Ejecutivo del Sistema Estatal de Seguridad P\u00fablica (SESESP), Karina Bar\u00f3n Ortiz se\u00f1al\u00f3 que cada veh\u00edculo y arma entregada representa una herramienta m\u00e1s para proteger la vida, garantizar la justicia y consolidar la paz en el estado.<\/p>\n\n\n\n<p>\u201cSe traduce en la capacidad real de responder con oportunidad y eficacia al llamado de la ciudadan\u00eda\u201d, agreg\u00f3.<\/p>\n\n\n\n<p>Con estas acciones, el Gobierno de Oaxaca equipa a las corporaciones policiacas con la convicci\u00f3n de que la seguridad y tranquilidad de las familias es una prioridad, lo que ha situado al estado como el quinto m\u00e1s seguro del pa\u00eds.<\/p>\n\n\n\n<p>-0-<\/p>\n\n\n\n<figure class=\"wp-block-image size-large\"><img fetchpriority=\"high\" decoding=\"async\" width=\"1024\" height=\"768\" src=\"https:\/\/contextoanalisisperiodistico.com\/wp-content\/uploads\/2025\/09\/img-20250908-wa00747728382768317966498-1024x768.jpg\" alt=\"\" class=\"wp-image-45642\" srcset=\"https:\/\/contextoanalisisperiodistico.com\/wp-content\/uploads\/2025\/09\/img-20250908-wa00747728382768317966498-1024x768.jpg 1024w, https:\/\/contextoanalisisperiodistico.com\/wp-content\/uploads\/2025\/09\/img-20250908-wa00747728382768317966498-300x225.jpg 300w, https:\/\/contextoanalisisperiodistico.com\/wp-content\/uploads\/2025\/09\/img-20250908-wa00747728382768317966498-768x576.jpg 768w, https:\/\/contextoanalisisperiodistico.com\/wp-content\/uploads\/2025\/09\/img-20250908-wa00747728382768317966498.jpg 1280w\" sizes=\"(max-width: 1024px) 100vw, 1024px\" \/><\/figure>\n\n\n\n<figure class=\"wp-block-image\"><img decoding=\"async\" width=\"1024\" height=\"682\" src=\"https:\/\/contextoanalisisperiodistico.com\/wp-content\/uploads\/2025\/09\/img-20250908-wa00703969040138342833762-1024x682.jpg\" alt=\"\" class=\"wp-image-45640\" srcset=\"https:\/\/contextoanalisisperiodistico.com\/wp-content\/uploads\/2025\/09\/img-20250908-wa00703969040138342833762-1024x682.jpg 1024w, https:\/\/contextoanalisisperiodistico.com\/wp-content\/uploads\/2025\/09\/img-20250908-wa00703969040138342833762-300x200.jpg 300w, https:\/\/contextoanalisisperiodistico.com\/wp-content\/uploads\/2025\/09\/img-20250908-wa00703969040138342833762-768x512.jpg 768w, https:\/\/contextoanalisisperiodistico.com\/wp-content\/uploads\/2025\/09\/img-20250908-wa00703969040138342833762.jpg 1280w\" sizes=\"(max-width: 1024px) 100vw, 1024px\" \/><\/figure>\n\n\n\n<figure class=\"wp-block-image\"><img decoding=\"async\" width=\"1024\" height=\"682\" src=\"https:\/\/contextoanalisisperiodistico.com\/wp-content\/uploads\/2025\/09\/img-20250908-wa00687874819648265489170-1024x682.jpg\" alt=\"\" class=\"wp-image-45641\" srcset=\"https:\/\/contextoanalisisperiodistico.com\/wp-content\/uploads\/2025\/09\/img-20250908-wa00687874819648265489170-1024x682.jpg 1024w, https:\/\/contextoanalisisperiodistico.com\/wp-content\/uploads\/2025\/09\/img-20250908-wa00687874819648265489170-300x200.jpg 300w, https:\/\/contextoanalisisperiodistico.com\/wp-content\/uploads\/2025\/09\/img-20250908-wa00687874819648265489170-768x512.jpg 768w, https:\/\/contextoanalisisperiodistico.com\/wp-content\/uploads\/2025\/09\/img-20250908-wa00687874819648265489170.jpg 1280w\" sizes=\"(max-width: 1024px) 100vw, 1024px\" \/><\/figure>\n\n\n\n<figure class=\"wp-block-image\"><img loading=\"lazy\" decoding=\"async\" width=\"1024\" height=\"682\" src=\"https:\/\/contextoanalisisperiodistico.com\/wp-content\/uploads\/2025\/09\/img-20250908-wa00698438252387847288196-1024x682.jpg\" alt=\"\" class=\"wp-image-45639\" srcset=\"https:\/\/contextoanalisisperiodistico.com\/wp-content\/uploads\/2025\/09\/img-20250908-wa00698438252387847288196-1024x682.jpg 1024w, https:\/\/contextoanalisisperiodistico.com\/wp-content\/uploads\/2025\/09\/img-20250908-wa00698438252387847288196-300x200.jpg 300w, https:\/\/contextoanalisisperiodistico.com\/wp-content\/uploads\/2025\/09\/img-20250908-wa00698438252387847288196-768x512.jpg 768w, https:\/\/contextoanalisisperiodistico.com\/wp-content\/uploads\/2025\/09\/img-20250908-wa00698438252387847288196.jpg 1280w\" sizes=\"(max-width: 1024px) 100vw, 1024px\" \/><\/figure>\n\n\n\n<figure class=\"wp-block-image\"><img loading=\"lazy\" decoding=\"async\" width=\"1024\" height=\"682\" src=\"https:\/\/contextoanalisisperiodistico.com\/wp-content\/uploads\/2025\/09\/img-20250908-wa00715904822797799009121-1024x682.jpg\" alt=\"\" class=\"wp-image-45643\" srcset=\"https:\/\/contextoanalisisperiodistico.com\/wp-content\/uploads\/2025\/09\/img-20250908-wa00715904822797799009121-1024x682.jpg 1024w, https:\/\/contextoanalisisperiodistico.com\/wp-content\/uploads\/2025\/09\/img-20250908-wa00715904822797799009121-300x200.jpg 300w, https:\/\/contextoanalisisperiodistico.com\/wp-content\/uploads\/2025\/09\/img-20250908-wa00715904822797799009121-768x512.jpg 768w, https:\/\/contextoanalisisperiodistico.com\/wp-content\/uploads\/2025\/09\/img-20250908-wa00715904822797799009121.jpg 1280w\" sizes=\"(max-width: 1024px) 100vw, 1024px\" \/><\/figure>\n\n\n\n<figure class=\"wp-block-image\"><img loading=\"lazy\" decoding=\"async\" width=\"1024\" height=\"682\" src=\"https:\/\/contextoanalisisperiodistico.com\/wp-content\/uploads\/2025\/09\/img-20250908-wa00733060139517010104023-1024x682.jpg\" alt=\"\" class=\"wp-image-45645\" srcset=\"https:\/\/contextoanalisisperiodistico.com\/wp-content\/uploads\/2025\/09\/img-20250908-wa00733060139517010104023-1024x682.jpg 1024w, https:\/\/contextoanalisisperiodistico.com\/wp-content\/uploads\/2025\/09\/img-20250908-wa00733060139517010104023-300x200.jpg 300w, https:\/\/contextoanalisisperiodistico.com\/wp-content\/uploads\/2025\/09\/img-20250908-wa00733060139517010104023-768x512.jpg 768w, https:\/\/contextoanalisisperiodistico.com\/wp-content\/uploads\/2025\/09\/img-20250908-wa00733060139517010104023.jpg 1280w\" sizes=\"(max-width: 1024px) 100vw, 1024px\" \/><\/figure>\n\n\n\n<figure class=\"wp-block-image\"><img loading=\"lazy\" decoding=\"async\" width=\"1024\" height=\"682\" src=\"https:\/\/contextoanalisisperiodistico.com\/wp-content\/uploads\/2025\/09\/img-20250908-wa00671932735329043711956-1024x682.jpg\" alt=\"\" class=\"wp-image-45644\" srcset=\"https:\/\/contextoanalisisperiodistico.com\/wp-content\/uploads\/2025\/09\/img-20250908-wa00671932735329043711956-1024x682.jpg 1024w, https:\/\/contextoanalisisperiodistico.com\/wp-content\/uploads\/2025\/09\/img-20250908-wa00671932735329043711956-300x200.jpg 300w, https:\/\/contextoanalisisperiodistico.com\/wp-content\/uploads\/2025\/09\/img-20250908-wa00671932735329043711956-768x512.jpg 768w, https:\/\/contextoanalisisperiodistico.com\/wp-content\/uploads\/2025\/09\/img-20250908-wa00671932735329043711956.jpg 1280w\" sizes=\"(max-width: 1024px) 100vw, 1024px\" \/><\/figure>\n\n\n\n<figure class=\"wp-block-image\"><img loading=\"lazy\" decoding=\"async\" width=\"1024\" height=\"682\" src=\"https:\/\/contextoanalisisperiodistico.com\/wp-content\/uploads\/2025\/09\/img-20250908-wa00876057083928537472791-1024x682.jpg\" alt=\"\" class=\"wp-image-45646\" srcset=\"https:\/\/contextoanalisisperiodistico.com\/wp-content\/uploads\/2025\/09\/img-20250908-wa00876057083928537472791-1024x682.jpg 1024w, https:\/\/contextoanalisisperiodistico.com\/wp-content\/uploads\/2025\/09\/img-20250908-wa00876057083928537472791-300x200.jpg 300w, https:\/\/contextoanalisisperiodistico.com\/wp-content\/uploads\/2025\/09\/img-20250908-wa00876057083928537472791-768x512.jpg 768w, https:\/\/contextoanalisisperiodistico.com\/wp-content\/uploads\/2025\/09\/img-20250908-wa00876057083928537472791.jpg 1280w\" sizes=\"(max-width: 1024px) 100vw, 1024px\" \/><\/figure>\n\n\n\n<figure class=\"wp-block-image\"><img loading=\"lazy\" decoding=\"async\" width=\"1024\" height=\"575\" src=\"https:\/\/contextoanalisisperiodistico.com\/wp-content\/uploads\/2025\/09\/img-20250908-wa00868216328372005574897-1024x575.jpg\" alt=\"\" class=\"wp-image-45648\" srcset=\"https:\/\/contextoanalisisperiodistico.com\/wp-content\/uploads\/2025\/09\/img-20250908-wa00868216328372005574897-1024x575.jpg 1024w, https:\/\/contextoanalisisperiodistico.com\/wp-content\/uploads\/2025\/09\/img-20250908-wa00868216328372005574897-300x169.jpg 300w, https:\/\/contextoanalisisperiodistico.com\/wp-content\/uploads\/2025\/09\/img-20250908-wa00868216328372005574897-768x431.jpg 768w, https:\/\/contextoanalisisperiodistico.com\/wp-content\/uploads\/2025\/09\/img-20250908-wa00868216328372005574897.jpg 1280w\" sizes=\"(max-width: 1024px) 100vw, 1024px\" \/><\/figure>\n\n\n\n<figure class=\"wp-block-image\"><img loading=\"lazy\" decoding=\"async\" width=\"1024\" height=\"683\" src=\"https:\/\/contextoanalisisperiodistico.com\/wp-content\/uploads\/2025\/09\/img-20250908-wa00761441871668383969990-1024x683.jpg\" alt=\"\" class=\"wp-image-45647\" srcset=\"https:\/\/contextoanalisisperiodistico.com\/wp-content\/uploads\/2025\/09\/img-20250908-wa00761441871668383969990-1024x683.jpg 1024w, https:\/\/contextoanalisisperiodistico.com\/wp-content\/uploads\/2025\/09\/img-20250908-wa00761441871668383969990-300x200.jpg 300w, https:\/\/contextoanalisisperiodistico.com\/wp-content\/uploads\/2025\/09\/img-20250908-wa00761441871668383969990-768x512.jpg 768w, https:\/\/contextoanalisisperiodistico.com\/wp-content\/uploads\/2025\/09\/img-20250908-wa00761441871668383969990.jpg 1440w\" sizes=\"(max-width: 1024px) 100vw, 1024px\" \/><\/figure>\n","protected":false},"excerpt":{"rendered":"<p>\u2022 Se hizo el reparto de 67 camionetas pick up equipadas como patrullas, 23 bicicletas&#8230;<\/p>\n","protected":false},"author":4,"featured_media":45638,"comment_status":"","ping_status":"open","sticky":false,"template":"","format":"standard","meta":{"footnotes":""},"categories":[9],"tags":[303],"jetpack_sharing_enabled":true,"featured_image_urls":{"full":["https:\/\/contextoanalisisperiodistico.com\/wp-content\/uploads\/2025\/09\/IMG-20250908-WA0088.jpg",1280,853,false],"thumbnail":["https:\/\/contextoanalisisperiodistico.com\/wp-content\/uploads\/2025\/09\/IMG-20250908-WA0088-150x150.jpg",150,150,true],"medium":["https:\/\/contextoanalisisperiodistico.com\/wp-content\/uploads\/2025\/09\/IMG-20250908-WA0088-300x200.jpg",300,200,true],"medium_large":["https:\/\/contextoanalisisperiodistico.com\/wp-content\/uploads\/2025\/09\/IMG-20250908-WA0088-768x512.jpg",640,427,true],"large":["https:\/\/contextoanalisisperiodistico.com\/wp-content\/uploads\/2025\/09\/IMG-20250908-WA0088-1024x682.jpg",640,426,true],"1536x1536":["https:\/\/contextoanalisisperiodistico.com\/wp-content\/uploads\/2025\/09\/IMG-20250908-WA0088.jpg",1280,853,false],"2048x2048":["https:\/\/contextoanalisisperiodistico.com\/wp-content\/uploads\/2025\/09\/IMG-20250908-WA0088.jpg",1280,853,false],"covernews-slider-full":["https:\/\/contextoanalisisperiodistico.com\/wp-content\/uploads\/2025\/09\/IMG-20250908-WA0088-1115x715.jpg",1115,715,true],"covernews-slider-center":["https:\/\/contextoanalisisperiodistico.com\/wp-content\/uploads\/2025\/09\/IMG-20250908-WA0088-800x500.jpg",800,500,true],"covernews-featured":["https:\/\/contextoanalisisperiodistico.com\/wp-content\/uploads\/2025\/09\/IMG-20250908-WA0088-1024x682.jpg",1024,682,true],"covernews-medium":["https:\/\/contextoanalisisperiodistico.com\/wp-content\/uploads\/2025\/09\/IMG-20250908-WA0088-540x340.jpg",540,340,true],"covernews-medium-square":["https:\/\/contextoanalisisperiodistico.com\/wp-content\/uploads\/2025\/09\/IMG-20250908-WA0088-400x250.jpg",400,250,true]},"author_info":{"display_name":"Mario Gir\u00f3n","author_link":"https:\/\/contextoanalisisperiodistico.com\/index.php\/author\/director\/"},"category_info":"<a href=\"https:\/\/contextoanalisisperiodistico.com\/index.php\/category\/politica\/\" rel=\"category tag\">Pol\u00edtica<\/a>","tag_info":"Pol\u00edtica","comment_count":"0","jetpack_featured_media_url":"https:\/\/contextoanalisisperiodistico.com\/wp-content\/uploads\/2025\/09\/IMG-20250908-WA0088.jpg","_links":{"self":[{"href":"https:\/\/contextoanalisisperiodistico.com\/index.php\/wp-json\/wp\/v2\/posts\/45649"}],"collection":[{"href":"https:\/\/contextoanalisisperiodistico.com\/index.php\/wp-json\/wp\/v2\/posts"}],"about":[{"href":"https:\/\/contextoanalisisperiodistico.com\/index.php\/wp-json\/wp\/v2\/types\/post"}],"author":[{"embeddable":true,"href":"https:\/\/contextoanalisisperiodistico.com\/index.php\/wp-json\/wp\/v2\/users\/4"}],"replies":[{"embeddable":true,"href":"https:\/\/contextoanalisisperiodistico.com\/index.php\/wp-json\/wp\/v2\/comments?post=45649"}],"version-history":[{"count":0,"href":"https:\/\/contextoanalisisperiodistico.com\/index.php\/wp-json\/wp\/v2\/posts\/45649\/revisions"}],"wp:featuredmedia":[{"embeddable":true,"href":"https:\/\/contextoanalisisperiodistico.com\/index.php\/wp-json\/wp\/v2\/media\/45638"}],"wp:attachment":[{"href":"https:\/\/contextoanalisisperiodistico.com\/index.php\/wp-json\/wp\/v2\/media?parent=45649"}],"wp:term":[{"taxonomy":"category","embeddable":true,"href":"https:\/\/contextoanalisisperiodistico.com\/index.php\/wp-json\/wp\/v2\/categories?post=45649"},{"taxonomy":"post_tag","embeddable":true,"href":"https:\/\/contextoanalisisperiodistico.com\/index.php\/wp-json\/wp\/v2\/tags?post=45649"}],"curies":[{"name":"wp","href":"https:\/\/api.w.org\/{rel}","templated":true}]}}