{"id":45631,"date":"2025-09-08T14:09:59","date_gmt":"2025-09-08T20:09:59","guid":{"rendered":"https:\/\/contextoanalisisperiodistico.com\/index.php\/2025\/09\/08\/policia-municipal-detiene-a-una-persona-por-el-presunto-delito-de-robo-con-violencia-4\/"},"modified":"2025-09-08T14:09:59","modified_gmt":"2025-09-08T20:09:59","slug":"policia-municipal-detiene-a-una-persona-por-el-presunto-delito-de-robo-con-violencia-4","status":"publish","type":"post","link":"https:\/\/contextoanalisisperiodistico.com\/index.php\/2025\/09\/08\/policia-municipal-detiene-a-una-persona-por-el-presunto-delito-de-robo-con-violencia-4\/","title":{"rendered":"Polic\u00eda Municipal detiene a una persona por el presunto delito de robo con violencia"},"content":{"rendered":"<div id=\"fb-root\"><\/div>\n\n<p>Oaxaca de Ju\u00e1rez, Oax., 08 de septiembre de 2025.- Personal de la Secretar\u00eda de Seguridad Vecinal efectu\u00f3 la detenci\u00f3n de una persona al ser se\u00f1alada como presunta responsable del delito de robo con violencia.<\/p>\n\n\n\n<figure class=\"wp-block-image size-large\"><img fetchpriority=\"high\" decoding=\"async\" width=\"844\" height=\"629\" src=\"https:\/\/contextoanalisisperiodistico.com\/wp-content\/uploads\/2025\/09\/img-20250908-wa00558231332592004769102.jpg\" alt=\"\" class=\"wp-image-45630\" srcset=\"https:\/\/contextoanalisisperiodistico.com\/wp-content\/uploads\/2025\/09\/img-20250908-wa00558231332592004769102.jpg 844w, https:\/\/contextoanalisisperiodistico.com\/wp-content\/uploads\/2025\/09\/img-20250908-wa00558231332592004769102-300x224.jpg 300w, https:\/\/contextoanalisisperiodistico.com\/wp-content\/uploads\/2025\/09\/img-20250908-wa00558231332592004769102-768x572.jpg 768w\" sizes=\"(max-width: 844px) 100vw, 844px\" \/><\/figure>\n\n\n\n<figure class=\"wp-block-image\"><img decoding=\"async\" width=\"300\" height=\"191\" src=\"https:\/\/contextoanalisisperiodistico.com\/wp-content\/uploads\/2025\/09\/img-20250908-wa00562267271303979446408-300x191.jpg\" alt=\"\" class=\"wp-image-45629\" srcset=\"https:\/\/contextoanalisisperiodistico.com\/wp-content\/uploads\/2025\/09\/img-20250908-wa00562267271303979446408-300x191.jpg 300w, https:\/\/contextoanalisisperiodistico.com\/wp-content\/uploads\/2025\/09\/img-20250908-wa00562267271303979446408.jpg 408w\" sizes=\"(max-width: 300px) 100vw, 300px\" \/><\/figure>\n\n\n\n<p>La intervenci\u00f3n de los elementos de la Direcci\u00f3n de Proximidad Social, ocurri\u00f3 en los primeros minutos de este lunes en la calle Berrioz\u00e1bal y Alcal\u00e1, del centro de la ciudad.<\/p>\n\n\n\n<p>Ah\u00ed, la propietaria de una camioneta Toyota Hilux, solicit\u00f3 apoyo, ya que observ\u00f3 a un sujeto que rompi\u00f3 el cristal de su veh\u00edculo y sustrajo un Ipad, para luego abordar una motocicleta y escapar sobre la primera calle.<\/p>\n\n\n\n<p>La ofendida proporcion\u00f3 las caracter\u00edsticas del responsable y el color de la motocicleta, as\u00ed como indic\u00f3 que a trav\u00e9s del GPS, daba seguimiento a su equipo, el cual avanzaba por varias calles.<\/p>\n\n\n\n<p>Los elementos abordaron a la ofendida y finalmente se percataron que, lleg\u00f3 a la avenida L\u00e1zaro C\u00e1rdenas y Norte 1 de la colonia V\u00edctor Bravo Ahuja.<\/p>\n\n\n\n<p>Al presentarse al lugar, la mujer se\u00f1al\u00f3 a un sujeto que se hallaba junto a una motocicleta, como el mismo a quien sorprendi\u00f3 cuando se apoder\u00f3 de su equipo, el cual guard\u00f3 en la mochila.<\/p>\n\n\n\n<p>Los elementos abordaron al sujeto y solicitaron una inspecci\u00f3n a su persona y fue as\u00ed como localizaron el Ipad en la mochila, la cual fue reconocida por la parte afectada.<\/p>\n\n\n\n<p>Ante el se\u00f1alamiento directo, procedieron a la detenci\u00f3n del sujeto, quien dijo llamarse Jos\u00e9 A. S. S., de 44 a\u00f1os de edad, que junto con el dispositivo digital y la motocicleta quedaron a disposici\u00f3n de la Fiscal\u00eda General del Estado para determinar su situaci\u00f3n jur\u00eddica.<\/p>\n","protected":false},"excerpt":{"rendered":"<p>Oaxaca de Ju\u00e1rez, Oax., 08 de septiembre de 2025.- Personal de la Secretar\u00eda de Seguridad&#8230;<\/p>\n","protected":false},"author":4,"featured_media":45628,"comment_status":"","ping_status":"open","sticky":false,"template":"","format":"standard","meta":{"footnotes":""},"categories":[10],"tags":[303],"jetpack_sharing_enabled":true,"featured_image_urls":{"full":["https:\/\/contextoanalisisperiodistico.com\/wp-content\/uploads\/2025\/09\/IMG-20250908-WA0054.jpg",591,599,false],"thumbnail":["https:\/\/contextoanalisisperiodistico.com\/wp-content\/uploads\/2025\/09\/IMG-20250908-WA0054-150x150.jpg",150,150,true],"medium":["https:\/\/contextoanalisisperiodistico.com\/wp-content\/uploads\/2025\/09\/IMG-20250908-WA0054-296x300.jpg",296,300,true],"medium_large":["https:\/\/contextoanalisisperiodistico.com\/wp-content\/uploads\/2025\/09\/IMG-20250908-WA0054.jpg",591,599,false],"large":["https:\/\/contextoanalisisperiodistico.com\/wp-content\/uploads\/2025\/09\/IMG-20250908-WA0054.jpg",591,599,false],"1536x1536":["https:\/\/contextoanalisisperiodistico.com\/wp-content\/uploads\/2025\/09\/IMG-20250908-WA0054.jpg",591,599,false],"2048x2048":["https:\/\/contextoanalisisperiodistico.com\/wp-content\/uploads\/2025\/09\/IMG-20250908-WA0054.jpg",591,599,false],"covernews-slider-full":["https:\/\/contextoanalisisperiodistico.com\/wp-content\/uploads\/2025\/09\/IMG-20250908-WA0054.jpg",591,599,false],"covernews-slider-center":["https:\/\/contextoanalisisperiodistico.com\/wp-content\/uploads\/2025\/09\/IMG-20250908-WA0054-591x500.jpg",591,500,true],"covernews-featured":["https:\/\/contextoanalisisperiodistico.com\/wp-content\/uploads\/2025\/09\/IMG-20250908-WA0054.jpg",591,599,false],"covernews-medium":["https:\/\/contextoanalisisperiodistico.com\/wp-content\/uploads\/2025\/09\/IMG-20250908-WA0054-540x340.jpg",540,340,true],"covernews-medium-square":["https:\/\/contextoanalisisperiodistico.com\/wp-content\/uploads\/2025\/09\/IMG-20250908-WA0054-400x250.jpg",400,250,true]},"author_info":{"display_name":"Mario Gir\u00f3n","author_link":"https:\/\/contextoanalisisperiodistico.com\/index.php\/author\/director\/"},"category_info":"<a href=\"https:\/\/contextoanalisisperiodistico.com\/index.php\/category\/seguridad\/\" rel=\"category tag\">Seguridad<\/a>","tag_info":"Seguridad","comment_count":"0","jetpack_featured_media_url":"https:\/\/contextoanalisisperiodistico.com\/wp-content\/uploads\/2025\/09\/IMG-20250908-WA0054.jpg","_links":{"self":[{"href":"https:\/\/contextoanalisisperiodistico.com\/index.php\/wp-json\/wp\/v2\/posts\/45631"}],"collection":[{"href":"https:\/\/contextoanalisisperiodistico.com\/index.php\/wp-json\/wp\/v2\/posts"}],"about":[{"href":"https:\/\/contextoanalisisperiodistico.com\/index.php\/wp-json\/wp\/v2\/types\/post"}],"author":[{"embeddable":true,"href":"https:\/\/contextoanalisisperiodistico.com\/index.php\/wp-json\/wp\/v2\/users\/4"}],"replies":[{"embeddable":true,"href":"https:\/\/contextoanalisisperiodistico.com\/index.php\/wp-json\/wp\/v2\/comments?post=45631"}],"version-history":[{"count":0,"href":"https:\/\/contextoanalisisperiodistico.com\/index.php\/wp-json\/wp\/v2\/posts\/45631\/revisions"}],"wp:featuredmedia":[{"embeddable":true,"href":"https:\/\/contextoanalisisperiodistico.com\/index.php\/wp-json\/wp\/v2\/media\/45628"}],"wp:attachment":[{"href":"https:\/\/contextoanalisisperiodistico.com\/index.php\/wp-json\/wp\/v2\/media?parent=45631"}],"wp:term":[{"taxonomy":"category","embeddable":true,"href":"https:\/\/contextoanalisisperiodistico.com\/index.php\/wp-json\/wp\/v2\/categories?post=45631"},{"taxonomy":"post_tag","embeddable":true,"href":"https:\/\/contextoanalisisperiodistico.com\/index.php\/wp-json\/wp\/v2\/tags?post=45631"}],"curies":[{"name":"wp","href":"https:\/\/api.w.org\/{rel}","templated":true}]}}