{"id":45590,"date":"2025-09-06T20:59:15","date_gmt":"2025-09-07T02:59:15","guid":{"rendered":"https:\/\/contextoanalisisperiodistico.com\/?p=45590"},"modified":"2025-09-06T21:05:40","modified_gmt":"2025-09-07T03:05:40","slug":"destacada-participacion-de-persona-privada-de-su-libertad-de-oaxaca-en-el-concurso-nacional-de-dibujo-david-alfaro-siqueiros","status":"publish","type":"post","link":"https:\/\/contextoanalisisperiodistico.com\/index.php\/2025\/09\/06\/destacada-participacion-de-persona-privada-de-su-libertad-de-oaxaca-en-el-concurso-nacional-de-dibujo-david-alfaro-siqueiros\/","title":{"rendered":"Destacada participaci\u00f3n de Persona Privada de su Libertad de Oaxaca en el Concurso Nacional de Dibujo \u201cDavid Alfaro Siqueiros\u201d"},"content":{"rendered":"<div id=\"fb-root\"><\/div>\n\n<p>\u2022 La entidad obtuvo el segundo lugar y una menci\u00f3n honor\u00edfica en la vig\u00e9sima novena edici\u00f3n del certamen, organizado por las autoridades penitenciarias federales<\/p>\n\n\n\n<figure class=\"wp-block-image size-large\"><img fetchpriority=\"high\" decoding=\"async\" width=\"1024\" height=\"948\" src=\"https:\/\/contextoanalisisperiodistico.com\/wp-content\/uploads\/2025\/09\/img-20250906-wa00373760126966902680264-1024x948.jpg\" alt=\"\" class=\"wp-image-45589\" srcset=\"https:\/\/contextoanalisisperiodistico.com\/wp-content\/uploads\/2025\/09\/img-20250906-wa00373760126966902680264-1024x948.jpg 1024w, https:\/\/contextoanalisisperiodistico.com\/wp-content\/uploads\/2025\/09\/img-20250906-wa00373760126966902680264-300x278.jpg 300w, https:\/\/contextoanalisisperiodistico.com\/wp-content\/uploads\/2025\/09\/img-20250906-wa00373760126966902680264-768x711.jpg 768w, https:\/\/contextoanalisisperiodistico.com\/wp-content\/uploads\/2025\/09\/img-20250906-wa00373760126966902680264.jpg 1200w\" sizes=\"(max-width: 1024px) 100vw, 1024px\" \/><\/figure>\n\n\n\n<p>Oaxaca de Ju\u00e1rez, Oax. 6 de septiembre de 2025.- En el marco del Concurso Nacional de Dibujo \u201cDavid Alfaro Siqueiros\u201d, promovido por el Gobierno del Estado de Oaxaca a trav\u00e9s de la Secretar\u00eda de Seguridad y Protecci\u00f3n Ciudadana (SSPC), una Persona Privada de su Libertad (PPL) del Centro Penitenciario de la Villa de Etla destac\u00f3 al obtener el segundo lugar con su obra \u201cEstados de \u00c1nimo\u201d.<\/p>\n\n\n\n<p>Este concurso, en su vig\u00e9sima novena edici\u00f3n, fue organizado por la SSPC federal, a trav\u00e9s del \u00d3rgano Administrativo Desconcentrado de Prevenci\u00f3n y Reinserci\u00f3n Social (PRS), en colaboraci\u00f3n con la Secretar\u00eda de Cultura del Gobierno de M\u00e9xico y el Instituto Nacional de Bellas Artes y Literatura (INBAL), as\u00ed como la Coordinaci\u00f3n Nacional de Artes Visuales.<\/p>\n\n\n\n<p>El certamen cont\u00f3 con la participaci\u00f3n de 486 PPL, quienes presentaron sus obras como parte de las actividades culturales destinadas a fomentar una reinserci\u00f3n social efectiva a trav\u00e9s del arte.<\/p>\n\n\n\n<p>El primer lugar lo obtuvo la obra \u201cMi mente creadora\u201d del Centro de Prevenci\u00f3n y Reinserci\u00f3n Social de Valle de Santiago, Guanajuato; el segundo lugar, con \u201cEstados de \u00c1nimo\u201d, fue para el Centro Penitenciario de Reinserci\u00f3n Social n\u00famero 2 Villa de Etla, Oaxaca; y el tercer lugar fue para \u201cAbrigo Polilla\u201d del Centro Federal de Reinserci\u00f3n Social n\u00famero 16 CPS Femenil Morelos.<\/p>\n\n\n\n<p>Adem\u00e1s, el certamen reconoci\u00f3 con menciones honor\u00edficas a cinco obras de igual nivel art\u00edstico provenientes de los sistemas penitenciarios de Michoac\u00e1n, Durango, Sinaloa, Oaxaca y Jalisco, destacando su calidad y el impacto de su expresi\u00f3n art\u00edstica.<\/p>\n\n\n\n<p>Con estas acciones, el Gobierno que encabeza Salom\u00f3n Jara Cruz, fortalece la reinserci\u00f3n social mediante el arte y la cultura, abriendo espacios de expresi\u00f3n en el Sistema Penitenciario del estado y fomentando la rehabilitaci\u00f3n y reintegraci\u00f3n social de las PPL.<\/p>\n\n\n\n<p>-0-<\/p>\n","protected":false},"excerpt":{"rendered":"<p>\u2022 La entidad obtuvo el segundo lugar y una menci\u00f3n honor\u00edfica en la vig\u00e9sima novena&#8230;<\/p>\n","protected":false},"author":4,"featured_media":45588,"comment_status":"closed","ping_status":"open","sticky":false,"template":"","format":"standard","meta":{"footnotes":""},"categories":[4],"tags":[],"jetpack_sharing_enabled":true,"featured_image_urls":{"full":["https:\/\/contextoanalisisperiodistico.com\/wp-content\/uploads\/2025\/09\/IMG-20250906-WA0036.jpg",1600,1200,false],"thumbnail":["https:\/\/contextoanalisisperiodistico.com\/wp-content\/uploads\/2025\/09\/IMG-20250906-WA0036-150x150.jpg",150,150,true],"medium":["https:\/\/contextoanalisisperiodistico.com\/wp-content\/uploads\/2025\/09\/IMG-20250906-WA0036-300x225.jpg",300,225,true],"medium_large":["https:\/\/contextoanalisisperiodistico.com\/wp-content\/uploads\/2025\/09\/IMG-20250906-WA0036-768x576.jpg",640,480,true],"large":["https:\/\/contextoanalisisperiodistico.com\/wp-content\/uploads\/2025\/09\/IMG-20250906-WA0036-1024x768.jpg",640,480,true],"1536x1536":["https:\/\/contextoanalisisperiodistico.com\/wp-content\/uploads\/2025\/09\/IMG-20250906-WA0036-1536x1152.jpg",1536,1152,true],"2048x2048":["https:\/\/contextoanalisisperiodistico.com\/wp-content\/uploads\/2025\/09\/IMG-20250906-WA0036.jpg",1600,1200,false],"covernews-slider-full":["https:\/\/contextoanalisisperiodistico.com\/wp-content\/uploads\/2025\/09\/IMG-20250906-WA0036-1115x715.jpg",1115,715,true],"covernews-slider-center":["https:\/\/contextoanalisisperiodistico.com\/wp-content\/uploads\/2025\/09\/IMG-20250906-WA0036-800x500.jpg",800,500,true],"covernews-featured":["https:\/\/contextoanalisisperiodistico.com\/wp-content\/uploads\/2025\/09\/IMG-20250906-WA0036-1024x768.jpg",1024,768,true],"covernews-medium":["https:\/\/contextoanalisisperiodistico.com\/wp-content\/uploads\/2025\/09\/IMG-20250906-WA0036-540x340.jpg",540,340,true],"covernews-medium-square":["https:\/\/contextoanalisisperiodistico.com\/wp-content\/uploads\/2025\/09\/IMG-20250906-WA0036-400x250.jpg",400,250,true]},"author_info":{"display_name":"Mario Gir\u00f3n","author_link":"https:\/\/contextoanalisisperiodistico.com\/index.php\/author\/director\/"},"category_info":"<a href=\"https:\/\/contextoanalisisperiodistico.com\/index.php\/category\/cultura\/\" rel=\"category tag\">Cultura<\/a>","tag_info":"Cultura","comment_count":"0","jetpack_featured_media_url":"https:\/\/contextoanalisisperiodistico.com\/wp-content\/uploads\/2025\/09\/IMG-20250906-WA0036.jpg","_links":{"self":[{"href":"https:\/\/contextoanalisisperiodistico.com\/index.php\/wp-json\/wp\/v2\/posts\/45590"}],"collection":[{"href":"https:\/\/contextoanalisisperiodistico.com\/index.php\/wp-json\/wp\/v2\/posts"}],"about":[{"href":"https:\/\/contextoanalisisperiodistico.com\/index.php\/wp-json\/wp\/v2\/types\/post"}],"author":[{"embeddable":true,"href":"https:\/\/contextoanalisisperiodistico.com\/index.php\/wp-json\/wp\/v2\/users\/4"}],"replies":[{"embeddable":true,"href":"https:\/\/contextoanalisisperiodistico.com\/index.php\/wp-json\/wp\/v2\/comments?post=45590"}],"version-history":[{"count":1,"href":"https:\/\/contextoanalisisperiodistico.com\/index.php\/wp-json\/wp\/v2\/posts\/45590\/revisions"}],"predecessor-version":[{"id":45591,"href":"https:\/\/contextoanalisisperiodistico.com\/index.php\/wp-json\/wp\/v2\/posts\/45590\/revisions\/45591"}],"wp:featuredmedia":[{"embeddable":true,"href":"https:\/\/contextoanalisisperiodistico.com\/index.php\/wp-json\/wp\/v2\/media\/45588"}],"wp:attachment":[{"href":"https:\/\/contextoanalisisperiodistico.com\/index.php\/wp-json\/wp\/v2\/media?parent=45590"}],"wp:term":[{"taxonomy":"category","embeddable":true,"href":"https:\/\/contextoanalisisperiodistico.com\/index.php\/wp-json\/wp\/v2\/categories?post=45590"},{"taxonomy":"post_tag","embeddable":true,"href":"https:\/\/contextoanalisisperiodistico.com\/index.php\/wp-json\/wp\/v2\/tags?post=45590"}],"curies":[{"name":"wp","href":"https:\/\/api.w.org\/{rel}","templated":true}]}}