{"id":45514,"date":"2025-09-04T14:39:28","date_gmt":"2025-09-04T20:39:28","guid":{"rendered":"https:\/\/contextoanalisisperiodistico.com\/index.php\/2025\/09\/04\/actualiza-hospital-general-doctor-aurelio-valdivieso-a-personal-en-geriatria\/"},"modified":"2025-09-04T14:39:28","modified_gmt":"2025-09-04T20:39:28","slug":"actualiza-hospital-general-doctor-aurelio-valdivieso-a-personal-en-geriatria","status":"publish","type":"post","link":"https:\/\/contextoanalisisperiodistico.com\/index.php\/2025\/09\/04\/actualiza-hospital-general-doctor-aurelio-valdivieso-a-personal-en-geriatria\/","title":{"rendered":"Actualiza Hospital General Doctor Aurelio Valdivieso a personal en Geriatr\u00eda"},"content":{"rendered":"<div id=\"fb-root\"><\/div>\n\n<p>\u2022 Durante la jornada se dot\u00f3 al personal de herramientas y habilidades en patolog\u00edas gerontol\u00f3gicas, tratamientos y protocolos de intervenci\u00f3n<\/p>\n\n\n\n<figure class=\"wp-block-image size-large\"><img fetchpriority=\"high\" decoding=\"async\" width=\"1024\" height=\"682\" src=\"https:\/\/contextoanalisisperiodistico.com\/wp-content\/uploads\/2025\/09\/img-20250904-wa0068703559861531946938-1024x682.jpg\" alt=\"\" class=\"wp-image-45513\" srcset=\"https:\/\/contextoanalisisperiodistico.com\/wp-content\/uploads\/2025\/09\/img-20250904-wa0068703559861531946938-1024x682.jpg 1024w, https:\/\/contextoanalisisperiodistico.com\/wp-content\/uploads\/2025\/09\/img-20250904-wa0068703559861531946938-300x200.jpg 300w, https:\/\/contextoanalisisperiodistico.com\/wp-content\/uploads\/2025\/09\/img-20250904-wa0068703559861531946938-768x511.jpg 768w, https:\/\/contextoanalisisperiodistico.com\/wp-content\/uploads\/2025\/09\/img-20250904-wa0068703559861531946938-1536x1022.jpg 1536w, https:\/\/contextoanalisisperiodistico.com\/wp-content\/uploads\/2025\/09\/img-20250904-wa0068703559861531946938.jpg 1600w\" sizes=\"(max-width: 1024px) 100vw, 1024px\" \/><\/figure>\n\n\n\n<figure class=\"wp-block-image\"><img decoding=\"async\" width=\"1024\" height=\"682\" src=\"https:\/\/contextoanalisisperiodistico.com\/wp-content\/uploads\/2025\/09\/img-20250904-wa00694620306501471911746-1024x682.jpg\" alt=\"\" class=\"wp-image-45512\" srcset=\"https:\/\/contextoanalisisperiodistico.com\/wp-content\/uploads\/2025\/09\/img-20250904-wa00694620306501471911746-1024x682.jpg 1024w, https:\/\/contextoanalisisperiodistico.com\/wp-content\/uploads\/2025\/09\/img-20250904-wa00694620306501471911746-300x200.jpg 300w, https:\/\/contextoanalisisperiodistico.com\/wp-content\/uploads\/2025\/09\/img-20250904-wa00694620306501471911746-768x511.jpg 768w, https:\/\/contextoanalisisperiodistico.com\/wp-content\/uploads\/2025\/09\/img-20250904-wa00694620306501471911746-1536x1022.jpg 1536w, https:\/\/contextoanalisisperiodistico.com\/wp-content\/uploads\/2025\/09\/img-20250904-wa00694620306501471911746.jpg 1600w\" sizes=\"(max-width: 1024px) 100vw, 1024px\" \/><\/figure>\n\n\n\n<p>Oaxaca de Ju\u00e1rez, Oax. 4 de septiembre de 2025.- Con el compromiso de estar a la vanguardia en atenci\u00f3n al adulto mayor, el Hospital General Doctor Aurelio Valdivieso del IMSS-Bienestar llev\u00f3 a cabo una Jornada de Actualizaci\u00f3n en Geriatr\u00eda dirigida al personal m\u00e9dico y param\u00e9dico de primer contacto.<\/p>\n\n\n\n<p>En representaci\u00f3n del director del nosocomio, Jos\u00e9 Luis Lepe Z\u00fa\u00f1iga; la subdirectora de Ense\u00f1anza, Investigaci\u00f3n y Calidad, Laura Ricarda Mart\u00ednez Cruz resalt\u00f3 que una de las prioridades del centro m\u00e9dico es garantizar la salud de las personas mayores, promoviendo acciones que mantengan y mejoren su autonom\u00eda e independencia.<\/p>\n\n\n\n<p>Por su parte, la jefa del servicio de Geriatr\u00eda, Mar\u00eda Guadalupe Castillejos Pe\u00f1a, y la coordinadora del curso, Ana Laura Ram\u00edrez Carlos, coincidieron en se\u00f1alar que la actualizaci\u00f3n busc\u00f3 compartir experiencias cl\u00ednicas, presentar las novedades en patolog\u00edas gerontol\u00f3gicas y sus tratamientos, adem\u00e1s de fortalecer el abordaje de situaciones emergentes en la atenci\u00f3n al adulto mayor.<\/p>\n\n\n\n<p>Entre los temas abordados se incluyeron: Manifestaciones at\u00edpicas de enfermedades en personas mayores; Introducci\u00f3n a la valoraci\u00f3n y s\u00edndromes geri\u00e1tricos; Delirium, Diabetes y Valoraci\u00f3n inicial del deterioro cognitivo, entre otros.<\/p>\n\n\n\n<p>La inauguraci\u00f3n se realiz\u00f3 en el Auditorio Doctor Rafael Garc\u00eda Carrizosa, con la presencia de la directora de la Facultad de Medicina y Cirug\u00eda de la Universidad Aut\u00f3noma Benito Ju\u00e1rez de Oaxaca (UABJO), Gema Hern\u00e1ndez Bernardino, quien destac\u00f3 la relevancia de la Geriatr\u00eda en la salud p\u00fablica y exhort\u00f3 a las personas asistentes a aprovechar al m\u00e1ximo los conocimientos adquiridos para el beneficio de este sector de la poblaci\u00f3n.<\/p>\n\n\n\n<p>-0-<\/p>\n","protected":false},"excerpt":{"rendered":"<p>\u2022 Durante la jornada se dot\u00f3 al personal de herramientas y habilidades en patolog\u00edas gerontol\u00f3gicas,&#8230;<\/p>\n","protected":false},"author":4,"featured_media":45511,"comment_status":"","ping_status":"open","sticky":false,"template":"","format":"standard","meta":{"footnotes":""},"categories":[92],"tags":[303],"jetpack_sharing_enabled":true,"featured_image_urls":{"full":["https:\/\/contextoanalisisperiodistico.com\/wp-content\/uploads\/2025\/09\/IMG-20250904-WA0069.jpg",1600,1065,false],"thumbnail":["https:\/\/contextoanalisisperiodistico.com\/wp-content\/uploads\/2025\/09\/IMG-20250904-WA0069-150x150.jpg",150,150,true],"medium":["https:\/\/contextoanalisisperiodistico.com\/wp-content\/uploads\/2025\/09\/IMG-20250904-WA0069-300x200.jpg",300,200,true],"medium_large":["https:\/\/contextoanalisisperiodistico.com\/wp-content\/uploads\/2025\/09\/IMG-20250904-WA0069-768x511.jpg",640,426,true],"large":["https:\/\/contextoanalisisperiodistico.com\/wp-content\/uploads\/2025\/09\/IMG-20250904-WA0069-1024x682.jpg",640,426,true],"1536x1536":["https:\/\/contextoanalisisperiodistico.com\/wp-content\/uploads\/2025\/09\/IMG-20250904-WA0069-1536x1022.jpg",1536,1022,true],"2048x2048":["https:\/\/contextoanalisisperiodistico.com\/wp-content\/uploads\/2025\/09\/IMG-20250904-WA0069.jpg",1600,1065,false],"covernews-slider-full":["https:\/\/contextoanalisisperiodistico.com\/wp-content\/uploads\/2025\/09\/IMG-20250904-WA0069-1115x715.jpg",1115,715,true],"covernews-slider-center":["https:\/\/contextoanalisisperiodistico.com\/wp-content\/uploads\/2025\/09\/IMG-20250904-WA0069-800x500.jpg",800,500,true],"covernews-featured":["https:\/\/contextoanalisisperiodistico.com\/wp-content\/uploads\/2025\/09\/IMG-20250904-WA0069-1024x682.jpg",1024,682,true],"covernews-medium":["https:\/\/contextoanalisisperiodistico.com\/wp-content\/uploads\/2025\/09\/IMG-20250904-WA0069-540x340.jpg",540,340,true],"covernews-medium-square":["https:\/\/contextoanalisisperiodistico.com\/wp-content\/uploads\/2025\/09\/IMG-20250904-WA0069-400x250.jpg",400,250,true]},"author_info":{"display_name":"Mario Gir\u00f3n","author_link":"https:\/\/contextoanalisisperiodistico.com\/index.php\/author\/director\/"},"category_info":"<a href=\"https:\/\/contextoanalisisperiodistico.com\/index.php\/category\/salud\/\" rel=\"category tag\">Salud<\/a>","tag_info":"Salud","comment_count":"0","jetpack_featured_media_url":"https:\/\/contextoanalisisperiodistico.com\/wp-content\/uploads\/2025\/09\/IMG-20250904-WA0069.jpg","_links":{"self":[{"href":"https:\/\/contextoanalisisperiodistico.com\/index.php\/wp-json\/wp\/v2\/posts\/45514"}],"collection":[{"href":"https:\/\/contextoanalisisperiodistico.com\/index.php\/wp-json\/wp\/v2\/posts"}],"about":[{"href":"https:\/\/contextoanalisisperiodistico.com\/index.php\/wp-json\/wp\/v2\/types\/post"}],"author":[{"embeddable":true,"href":"https:\/\/contextoanalisisperiodistico.com\/index.php\/wp-json\/wp\/v2\/users\/4"}],"replies":[{"embeddable":true,"href":"https:\/\/contextoanalisisperiodistico.com\/index.php\/wp-json\/wp\/v2\/comments?post=45514"}],"version-history":[{"count":0,"href":"https:\/\/contextoanalisisperiodistico.com\/index.php\/wp-json\/wp\/v2\/posts\/45514\/revisions"}],"wp:featuredmedia":[{"embeddable":true,"href":"https:\/\/contextoanalisisperiodistico.com\/index.php\/wp-json\/wp\/v2\/media\/45511"}],"wp:attachment":[{"href":"https:\/\/contextoanalisisperiodistico.com\/index.php\/wp-json\/wp\/v2\/media?parent=45514"}],"wp:term":[{"taxonomy":"category","embeddable":true,"href":"https:\/\/contextoanalisisperiodistico.com\/index.php\/wp-json\/wp\/v2\/categories?post=45514"},{"taxonomy":"post_tag","embeddable":true,"href":"https:\/\/contextoanalisisperiodistico.com\/index.php\/wp-json\/wp\/v2\/tags?post=45514"}],"curies":[{"name":"wp","href":"https:\/\/api.w.org\/{rel}","templated":true}]}}