{"id":45502,"date":"2025-09-04T09:50:14","date_gmt":"2025-09-04T15:50:14","guid":{"rendered":"https:\/\/contextoanalisisperiodistico.com\/index.php\/2025\/09\/04\/coloca-secretaria-de-administracion-iluminacion-y-adornos-patrios-en-el-centro-historico-de-oaxaca\/"},"modified":"2025-09-04T09:50:14","modified_gmt":"2025-09-04T15:50:14","slug":"coloca-secretaria-de-administracion-iluminacion-y-adornos-patrios-en-el-centro-historico-de-oaxaca","status":"publish","type":"post","link":"https:\/\/contextoanalisisperiodistico.com\/index.php\/2025\/09\/04\/coloca-secretaria-de-administracion-iluminacion-y-adornos-patrios-en-el-centro-historico-de-oaxaca\/","title":{"rendered":"Coloca Secretar\u00eda de Administraci\u00f3n iluminaci\u00f3n y adornos patrios en el Centro Hist\u00f3rico de Oaxaca"},"content":{"rendered":"<div id=\"fb-root\"><\/div>\n\n<ul class=\"wp-block-list\">\n<li>El alumbrado estar\u00e1 encendido a partir de las 19:00 horas durante el mes de septiembre<\/li>\n<\/ul>\n\n\n\n<figure class=\"wp-block-image size-large\"><img fetchpriority=\"high\" decoding=\"async\" width=\"1024\" height=\"682\" src=\"https:\/\/contextoanalisisperiodistico.com\/wp-content\/uploads\/2025\/09\/img-20250904-wa00284360732535712671130-1024x682.jpg\" alt=\"\" class=\"wp-image-45499\" srcset=\"https:\/\/contextoanalisisperiodistico.com\/wp-content\/uploads\/2025\/09\/img-20250904-wa00284360732535712671130-1024x682.jpg 1024w, https:\/\/contextoanalisisperiodistico.com\/wp-content\/uploads\/2025\/09\/img-20250904-wa00284360732535712671130-300x200.jpg 300w, https:\/\/contextoanalisisperiodistico.com\/wp-content\/uploads\/2025\/09\/img-20250904-wa00284360732535712671130-768x512.jpg 768w, https:\/\/contextoanalisisperiodistico.com\/wp-content\/uploads\/2025\/09\/img-20250904-wa00284360732535712671130-1536x1023.jpg 1536w, https:\/\/contextoanalisisperiodistico.com\/wp-content\/uploads\/2025\/09\/img-20250904-wa00284360732535712671130.jpg 1600w\" sizes=\"(max-width: 1024px) 100vw, 1024px\" \/><\/figure>\n\n\n\n<figure class=\"wp-block-image\"><img decoding=\"async\" width=\"1024\" height=\"682\" src=\"https:\/\/contextoanalisisperiodistico.com\/wp-content\/uploads\/2025\/09\/img-20250904-wa00305077145236212412172-1024x682.jpg\" alt=\"\" class=\"wp-image-45500\" srcset=\"https:\/\/contextoanalisisperiodistico.com\/wp-content\/uploads\/2025\/09\/img-20250904-wa00305077145236212412172-1024x682.jpg 1024w, https:\/\/contextoanalisisperiodistico.com\/wp-content\/uploads\/2025\/09\/img-20250904-wa00305077145236212412172-300x200.jpg 300w, https:\/\/contextoanalisisperiodistico.com\/wp-content\/uploads\/2025\/09\/img-20250904-wa00305077145236212412172-768x512.jpg 768w, https:\/\/contextoanalisisperiodistico.com\/wp-content\/uploads\/2025\/09\/img-20250904-wa00305077145236212412172-1536x1023.jpg 1536w, https:\/\/contextoanalisisperiodistico.com\/wp-content\/uploads\/2025\/09\/img-20250904-wa00305077145236212412172.jpg 1600w\" sizes=\"(max-width: 1024px) 100vw, 1024px\" \/><\/figure>\n\n\n\n<figure class=\"wp-block-image\"><img decoding=\"async\" width=\"1024\" height=\"682\" src=\"https:\/\/contextoanalisisperiodistico.com\/wp-content\/uploads\/2025\/09\/img-20250904-wa00296024555457634128275-1024x682.jpg\" alt=\"\" class=\"wp-image-45501\" srcset=\"https:\/\/contextoanalisisperiodistico.com\/wp-content\/uploads\/2025\/09\/img-20250904-wa00296024555457634128275-1024x682.jpg 1024w, https:\/\/contextoanalisisperiodistico.com\/wp-content\/uploads\/2025\/09\/img-20250904-wa00296024555457634128275-300x200.jpg 300w, https:\/\/contextoanalisisperiodistico.com\/wp-content\/uploads\/2025\/09\/img-20250904-wa00296024555457634128275-768x512.jpg 768w, https:\/\/contextoanalisisperiodistico.com\/wp-content\/uploads\/2025\/09\/img-20250904-wa00296024555457634128275-1536x1023.jpg 1536w, https:\/\/contextoanalisisperiodistico.com\/wp-content\/uploads\/2025\/09\/img-20250904-wa00296024555457634128275.jpg 1600w\" sizes=\"(max-width: 1024px) 100vw, 1024px\" \/><\/figure>\n\n\n\n<p>Oaxaca de Ju\u00e1rez, Oax. 4 de septiembre de 2025.- En el marco de las fiestas patrias, la Secretar\u00eda de Administraci\u00f3n inici\u00f3 la colocaci\u00f3n de adornos e iluminaci\u00f3n tricolor en el primer cuadro del Centro Hist\u00f3rico de la capital del estado.<\/p>\n\n\n\n<p>Como cada a\u00f1o, personal del Departamento de Eventos Especiales de esta dependencia realiz\u00f3 labores de montaje para fortalecer la identidad nacional, al tiempo de embellecer los espacios p\u00fablicos con motivos de la Independencia de M\u00e9xico.<\/p>\n\n\n\n<p>Las luces y adornos especiales tambi\u00e9n dan vida y alegr\u00eda a las arterias aleda\u00f1as al primer cuadro, entre ellas: cinco cuadras de la calle Macedonio Alcal\u00e1 y cinco de la calle Garc\u00eda Vigil.<\/p>\n\n\n\n<p>Frente a Palacio de Gobierno se instalaron 250 metros de mangueras de ne\u00f3n, reflectores con luces verde, blanco y rojo, pendones iluminados y 180 series en forma de abanico.<\/p>\n\n\n\n<p>De esta manera, se invita a todas y todos a disfrutar de este espect\u00e1culo visual durante este mes de septiembre a partir de las 19:00 horas, para que, junto a familiares y amistades se tomen fotograf\u00edas y hagan de estos espacios un punto de encuentro y celebraci\u00f3n patria.<\/p>\n\n\n\n<p>La Secretar\u00eda de Administraci\u00f3n preserva las costumbres y fomenta el fervor patrio, haciendo de cada rinc\u00f3n del Centro Hist\u00f3rico un s\u00edmbolo de unidad, historia y celebraci\u00f3n para las y los oaxaque\u00f1os.<\/p>\n\n\n\n<p>-0-<\/p>\n","protected":false},"excerpt":{"rendered":"<p>Oaxaca de Ju\u00e1rez, Oax. 4 de septiembre de 2025.- En el marco de las fiestas&#8230;<\/p>\n","protected":false},"author":4,"featured_media":45498,"comment_status":"","ping_status":"open","sticky":false,"template":"","format":"standard","meta":{"footnotes":""},"categories":[3],"tags":[303],"jetpack_sharing_enabled":true,"featured_image_urls":{"full":["https:\/\/contextoanalisisperiodistico.com\/wp-content\/uploads\/2025\/09\/IMG-20250904-WA0031.jpg",1600,1066,false],"thumbnail":["https:\/\/contextoanalisisperiodistico.com\/wp-content\/uploads\/2025\/09\/IMG-20250904-WA0031-150x150.jpg",150,150,true],"medium":["https:\/\/contextoanalisisperiodistico.com\/wp-content\/uploads\/2025\/09\/IMG-20250904-WA0031-300x200.jpg",300,200,true],"medium_large":["https:\/\/contextoanalisisperiodistico.com\/wp-content\/uploads\/2025\/09\/IMG-20250904-WA0031-768x512.jpg",640,427,true],"large":["https:\/\/contextoanalisisperiodistico.com\/wp-content\/uploads\/2025\/09\/IMG-20250904-WA0031-1024x682.jpg",640,426,true],"1536x1536":["https:\/\/contextoanalisisperiodistico.com\/wp-content\/uploads\/2025\/09\/IMG-20250904-WA0031-1536x1023.jpg",1536,1023,true],"2048x2048":["https:\/\/contextoanalisisperiodistico.com\/wp-content\/uploads\/2025\/09\/IMG-20250904-WA0031.jpg",1600,1066,false],"covernews-slider-full":["https:\/\/contextoanalisisperiodistico.com\/wp-content\/uploads\/2025\/09\/IMG-20250904-WA0031-1115x715.jpg",1115,715,true],"covernews-slider-center":["https:\/\/contextoanalisisperiodistico.com\/wp-content\/uploads\/2025\/09\/IMG-20250904-WA0031-800x500.jpg",800,500,true],"covernews-featured":["https:\/\/contextoanalisisperiodistico.com\/wp-content\/uploads\/2025\/09\/IMG-20250904-WA0031-1024x682.jpg",1024,682,true],"covernews-medium":["https:\/\/contextoanalisisperiodistico.com\/wp-content\/uploads\/2025\/09\/IMG-20250904-WA0031-540x340.jpg",540,340,true],"covernews-medium-square":["https:\/\/contextoanalisisperiodistico.com\/wp-content\/uploads\/2025\/09\/IMG-20250904-WA0031-400x250.jpg",400,250,true]},"author_info":{"display_name":"Mario Gir\u00f3n","author_link":"https:\/\/contextoanalisisperiodistico.com\/index.php\/author\/director\/"},"category_info":"<a href=\"https:\/\/contextoanalisisperiodistico.com\/index.php\/category\/ciudad\/\" rel=\"category tag\">Ciudad<\/a>","tag_info":"Ciudad","comment_count":"0","jetpack_featured_media_url":"https:\/\/contextoanalisisperiodistico.com\/wp-content\/uploads\/2025\/09\/IMG-20250904-WA0031.jpg","_links":{"self":[{"href":"https:\/\/contextoanalisisperiodistico.com\/index.php\/wp-json\/wp\/v2\/posts\/45502"}],"collection":[{"href":"https:\/\/contextoanalisisperiodistico.com\/index.php\/wp-json\/wp\/v2\/posts"}],"about":[{"href":"https:\/\/contextoanalisisperiodistico.com\/index.php\/wp-json\/wp\/v2\/types\/post"}],"author":[{"embeddable":true,"href":"https:\/\/contextoanalisisperiodistico.com\/index.php\/wp-json\/wp\/v2\/users\/4"}],"replies":[{"embeddable":true,"href":"https:\/\/contextoanalisisperiodistico.com\/index.php\/wp-json\/wp\/v2\/comments?post=45502"}],"version-history":[{"count":0,"href":"https:\/\/contextoanalisisperiodistico.com\/index.php\/wp-json\/wp\/v2\/posts\/45502\/revisions"}],"wp:featuredmedia":[{"embeddable":true,"href":"https:\/\/contextoanalisisperiodistico.com\/index.php\/wp-json\/wp\/v2\/media\/45498"}],"wp:attachment":[{"href":"https:\/\/contextoanalisisperiodistico.com\/index.php\/wp-json\/wp\/v2\/media?parent=45502"}],"wp:term":[{"taxonomy":"category","embeddable":true,"href":"https:\/\/contextoanalisisperiodistico.com\/index.php\/wp-json\/wp\/v2\/categories?post=45502"},{"taxonomy":"post_tag","embeddable":true,"href":"https:\/\/contextoanalisisperiodistico.com\/index.php\/wp-json\/wp\/v2\/tags?post=45502"}],"curies":[{"name":"wp","href":"https:\/\/api.w.org\/{rel}","templated":true}]}}