{"id":4492,"date":"2022-08-31T10:02:11","date_gmt":"2022-08-31T15:02:11","guid":{"rendered":"http:\/\/contextoanalisisperiodistico.com.mx\/2022\/08\/31\/agradecimientoa-la-madre-tierra\/"},"modified":"2022-08-31T10:02:11","modified_gmt":"2022-08-31T15:02:11","slug":"agradecimientoa-la-madre-tierra","status":"publish","type":"post","link":"https:\/\/contextoanalisisperiodistico.com\/index.php\/2022\/08\/31\/agradecimientoa-la-madre-tierra\/","title":{"rendered":"Agradecimiento a la madre Tierra"},"content":{"rendered":"<div id=\"fb-root\"><\/div>\n\n<p>Ceremonia tradicional de permiso y agradecimiento a la Madre Tierra,&nbsp; realizada en Guelatao de Ju\u00e1rez, para iniciar los trabajos de&nbsp; reconstrucci\u00f3n del&nbsp; camino hist\u00f3rico que recorriera el Benem\u00e9rito de las Am\u00e9ricas, el ilustre, Benito Ju\u00e1rez Garc\u00eda, para caminar desde su pueblo natal,&nbsp; Guelatao,&nbsp; a la ciudad de Oaxaca.<\/p>\n\n\n\n<figure class=\"wp-block-video\"><video controls src=\"https:\/\/contextoinformacionyanalisisperiodistico.files.wordpress.com\/2022\/08\/vid-20220831-wa0028.mp4\"><\/video><\/figure>\n\n\n\n<figure class=\"wp-block-image size-large\"><img decoding=\"async\" src=\"https:\/\/contextoinformacionyanalisisperiodistico.files.wordpress.com\/2022\/08\/screenshot_20220831-093434_whatsapp6992791165016591493.jpg?w=720\" alt=\"\" class=\"wp-image-4489\" \/><\/figure>\n\n\n\n<figure class=\"wp-block-image\"><img decoding=\"async\" src=\"https:\/\/contextoinformacionyanalisisperiodistico.files.wordpress.com\/2022\/08\/screenshot_20220831-093439_whatsapp6067999297333830424.jpg?w=720\" alt=\"\" class=\"wp-image-4490\" \/><\/figure>\n","protected":false},"excerpt":{"rendered":"<p>Ceremonia tradicional de permiso y agradecimiento a la Madre Tierra,&nbsp; realizada en Guelatao de Ju\u00e1rez,&#8230;<\/p>\n","protected":false},"author":2,"featured_media":0,"comment_status":"open","ping_status":"open","sticky":false,"template":"","format":"standard","meta":{"footnotes":""},"categories":[9],"tags":[],"jetpack_sharing_enabled":true,"featured_image_urls":{"full":"","thumbnail":"","medium":"","medium_large":"","large":"","1536x1536":"","2048x2048":"","covernews-slider-full":"","covernews-slider-center":"","covernews-featured":"","covernews-medium":"","covernews-medium-square":""},"author_info":{"display_name":"Miguel","author_link":"https:\/\/contextoanalisisperiodistico.com\/index.php\/author\/editor\/"},"category_info":"<a href=\"https:\/\/contextoanalisisperiodistico.com\/index.php\/category\/politica\/\" rel=\"category tag\">Pol\u00edtica<\/a>","tag_info":"Pol\u00edtica","comment_count":"0","jetpack_featured_media_url":"","_links":{"self":[{"href":"https:\/\/contextoanalisisperiodistico.com\/index.php\/wp-json\/wp\/v2\/posts\/4492"}],"collection":[{"href":"https:\/\/contextoanalisisperiodistico.com\/index.php\/wp-json\/wp\/v2\/posts"}],"about":[{"href":"https:\/\/contextoanalisisperiodistico.com\/index.php\/wp-json\/wp\/v2\/types\/post"}],"author":[{"embeddable":true,"href":"https:\/\/contextoanalisisperiodistico.com\/index.php\/wp-json\/wp\/v2\/users\/2"}],"replies":[{"embeddable":true,"href":"https:\/\/contextoanalisisperiodistico.com\/index.php\/wp-json\/wp\/v2\/comments?post=4492"}],"version-history":[{"count":0,"href":"https:\/\/contextoanalisisperiodistico.com\/index.php\/wp-json\/wp\/v2\/posts\/4492\/revisions"}],"wp:attachment":[{"href":"https:\/\/contextoanalisisperiodistico.com\/index.php\/wp-json\/wp\/v2\/media?parent=4492"}],"wp:term":[{"taxonomy":"category","embeddable":true,"href":"https:\/\/contextoanalisisperiodistico.com\/index.php\/wp-json\/wp\/v2\/categories?post=4492"},{"taxonomy":"post_tag","embeddable":true,"href":"https:\/\/contextoanalisisperiodistico.com\/index.php\/wp-json\/wp\/v2\/tags?post=4492"}],"curies":[{"name":"wp","href":"https:\/\/api.w.org\/{rel}","templated":true}]}}