{"id":44505,"date":"2025-08-07T15:01:12","date_gmt":"2025-08-07T21:01:12","guid":{"rendered":"https:\/\/contextoanalisisperiodistico.com\/index.php\/2025\/08\/07\/el-playon-se-mantiene-limpio-y-libre-de-basura-tras-anos-de-abandono\/"},"modified":"2025-08-07T15:01:12","modified_gmt":"2025-08-07T21:01:12","slug":"el-playon-se-mantiene-limpio-y-libre-de-basura-tras-anos-de-abandono","status":"publish","type":"post","link":"https:\/\/contextoanalisisperiodistico.com\/index.php\/2025\/08\/07\/el-playon-se-mantiene-limpio-y-libre-de-basura-tras-anos-de-abandono\/","title":{"rendered":"El Play\u00f3n se mantiene limpio y libre de basura, tras a\u00f1os de abandono"},"content":{"rendered":"<div id=\"fb-root\"><\/div>\n\n<p>\u2022 Gobierno del Estado y Municipio de Oaxaca de Ju\u00e1rez resolvieron una problem\u00e1tica hist\u00f3rica en inmediaciones de la Central de Abasto<\/p>\n\n\n\n\n\n<figure class=\"wp-block-video\"><video controls src=\"https:\/\/contextoanalisisperiodistico.com\/wp-content\/uploads\/2025\/08\/VID-20250807-WA0076.mp4\"><\/video><\/figure>\n\n\n\n<figure class=\"wp-block-image size-large\"><img fetchpriority=\"high\" decoding=\"async\" width=\"1024\" height=\"767\" src=\"https:\/\/contextoanalisisperiodistico.com\/wp-content\/uploads\/2025\/08\/img-20250807-wa00899044912441405299922-1024x767.jpg\" alt=\"\" class=\"wp-image-44502\" srcset=\"https:\/\/contextoanalisisperiodistico.com\/wp-content\/uploads\/2025\/08\/img-20250807-wa00899044912441405299922-1024x767.jpg 1024w, https:\/\/contextoanalisisperiodistico.com\/wp-content\/uploads\/2025\/08\/img-20250807-wa00899044912441405299922-300x225.jpg 300w, https:\/\/contextoanalisisperiodistico.com\/wp-content\/uploads\/2025\/08\/img-20250807-wa00899044912441405299922-768x575.jpg 768w, https:\/\/contextoanalisisperiodistico.com\/wp-content\/uploads\/2025\/08\/img-20250807-wa00899044912441405299922-1536x1150.jpg 1536w, https:\/\/contextoanalisisperiodistico.com\/wp-content\/uploads\/2025\/08\/img-20250807-wa00899044912441405299922.jpg 2000w\" sizes=\"(max-width: 1024px) 100vw, 1024px\" \/><\/figure>\n\n\n\n<figure class=\"wp-block-image\"><img decoding=\"async\" width=\"1024\" height=\"767\" src=\"https:\/\/contextoanalisisperiodistico.com\/wp-content\/uploads\/2025\/08\/img-20250807-wa00888374765093069785906-1024x767.jpg\" alt=\"\" class=\"wp-image-44503\" srcset=\"https:\/\/contextoanalisisperiodistico.com\/wp-content\/uploads\/2025\/08\/img-20250807-wa00888374765093069785906-1024x767.jpg 1024w, https:\/\/contextoanalisisperiodistico.com\/wp-content\/uploads\/2025\/08\/img-20250807-wa00888374765093069785906-300x225.jpg 300w, https:\/\/contextoanalisisperiodistico.com\/wp-content\/uploads\/2025\/08\/img-20250807-wa00888374765093069785906-768x575.jpg 768w, https:\/\/contextoanalisisperiodistico.com\/wp-content\/uploads\/2025\/08\/img-20250807-wa00888374765093069785906-1536x1150.jpg 1536w, https:\/\/contextoanalisisperiodistico.com\/wp-content\/uploads\/2025\/08\/img-20250807-wa00888374765093069785906.jpg 2000w\" sizes=\"(max-width: 1024px) 100vw, 1024px\" \/><\/figure>\n\n\n\n<figure class=\"wp-block-image\"><img decoding=\"async\" width=\"1024\" height=\"767\" src=\"https:\/\/contextoanalisisperiodistico.com\/wp-content\/uploads\/2025\/08\/img-20250807-wa00874421879403070668133-1024x767.jpg\" alt=\"\" class=\"wp-image-44504\" srcset=\"https:\/\/contextoanalisisperiodistico.com\/wp-content\/uploads\/2025\/08\/img-20250807-wa00874421879403070668133-1024x767.jpg 1024w, https:\/\/contextoanalisisperiodistico.com\/wp-content\/uploads\/2025\/08\/img-20250807-wa00874421879403070668133-300x225.jpg 300w, https:\/\/contextoanalisisperiodistico.com\/wp-content\/uploads\/2025\/08\/img-20250807-wa00874421879403070668133-768x575.jpg 768w, https:\/\/contextoanalisisperiodistico.com\/wp-content\/uploads\/2025\/08\/img-20250807-wa00874421879403070668133-1536x1150.jpg 1536w, https:\/\/contextoanalisisperiodistico.com\/wp-content\/uploads\/2025\/08\/img-20250807-wa00874421879403070668133.jpg 2000w\" sizes=\"(max-width: 1024px) 100vw, 1024px\" \/><\/figure>\n\n\n\n<p>Oaxaca de Ju\u00e1rez, Oax., 7 de agosto de 2025.\u2013 El espacio conocido como el Play\u00f3n, ubicado junto a la Central de Abasto, se mantiene limpio y libre de desechos, luego de haber sido durante a\u00f1os un foco de infecci\u00f3n y abandono. Hoy, gracias al trabajo conjunto entre el Gobierno del Estado y el Municipio de Oaxaca de Ju\u00e1rez, ese sitio refleja el avance de una pol\u00edtica p\u00fablica integral en materia de residuos s\u00f3lidos.<\/p>\n\n\n\n<p>La actual administraci\u00f3n municipal, que preside Ray Chagoya en coordinaci\u00f3n con el gobierno que encabeza el gobernador Salom\u00f3n Jara Cruz, logr\u00f3 dar soluci\u00f3n a una problem\u00e1tica que gobiernos anteriores ignoraron por d\u00e9cadas.<\/p>\n\n\n\n<p>La limpieza total del Play\u00f3n, que por a\u00f1os oper\u00f3 de forma improvisada como centro de transferencia, representa un logro tangible en favor de la salud p\u00fablica y la dignidad urbana.<\/p>\n\n\n\n<p>Este cambio fue posible gracias a la construcci\u00f3n del nuevo centro de transferencia y al proyecto del Centro Integral de Revalorizaci\u00f3n de Residuos S\u00f3lidos Urbanos (CIRRSU), que consolidar\u00e1 un nuevo modelo para el tratamiento de los residuos en la ciudad y municipios aleda\u00f1os.<\/p>\n\n\n\n<p>Adem\u00e1s de la intervenci\u00f3n institucional, vecinas y vecinos han participado activamente en jornadas de tequio, fortaleciendo el trabajo colectivo y la corresponsabilidad en el cuidado del entorno.<\/p>\n\n\n\n<p>Hoy, el Play\u00f3n ya no es s\u00edmbolo de abandono, sino ejemplo de transformaci\u00f3n, resultado de la coordinaci\u00f3n entre los tres niveles de gobierno y la ciudadan\u00eda.<\/p>\n","protected":false},"excerpt":{"rendered":"<p>\u2022 Gobierno del Estado y Municipio de Oaxaca de Ju\u00e1rez resolvieron una problem\u00e1tica hist\u00f3rica en&#8230;<\/p>\n","protected":false},"author":4,"featured_media":44500,"comment_status":"","ping_status":"open","sticky":false,"template":"","format":"standard","meta":{"footnotes":""},"categories":[9],"tags":[178,235,234,45],"jetpack_sharing_enabled":true,"featured_image_urls":{"full":["https:\/\/contextoanalisisperiodistico.com\/wp-content\/uploads\/2025\/08\/IMG-20250807-WA0086-scaled.jpg",2560,1917,false],"thumbnail":["https:\/\/contextoanalisisperiodistico.com\/wp-content\/uploads\/2025\/08\/IMG-20250807-WA0086-150x150.jpg",150,150,true],"medium":["https:\/\/contextoanalisisperiodistico.com\/wp-content\/uploads\/2025\/08\/IMG-20250807-WA0086-300x225.jpg",300,225,true],"medium_large":["https:\/\/contextoanalisisperiodistico.com\/wp-content\/uploads\/2025\/08\/IMG-20250807-WA0086-768x575.jpg",640,479,true],"large":["https:\/\/contextoanalisisperiodistico.com\/wp-content\/uploads\/2025\/08\/IMG-20250807-WA0086-1024x767.jpg",640,479,true],"1536x1536":["https:\/\/contextoanalisisperiodistico.com\/wp-content\/uploads\/2025\/08\/IMG-20250807-WA0086-1536x1150.jpg",1536,1150,true],"2048x2048":["https:\/\/contextoanalisisperiodistico.com\/wp-content\/uploads\/2025\/08\/IMG-20250807-WA0086-2048x1534.jpg",2048,1534,true],"covernews-slider-full":["https:\/\/contextoanalisisperiodistico.com\/wp-content\/uploads\/2025\/08\/IMG-20250807-WA0086-1115x715.jpg",1115,715,true],"covernews-slider-center":["https:\/\/contextoanalisisperiodistico.com\/wp-content\/uploads\/2025\/08\/IMG-20250807-WA0086-800x500.jpg",800,500,true],"covernews-featured":["https:\/\/contextoanalisisperiodistico.com\/wp-content\/uploads\/2025\/08\/IMG-20250807-WA0086-1024x767.jpg",1024,767,true],"covernews-medium":["https:\/\/contextoanalisisperiodistico.com\/wp-content\/uploads\/2025\/08\/IMG-20250807-WA0086-540x340.jpg",540,340,true],"covernews-medium-square":["https:\/\/contextoanalisisperiodistico.com\/wp-content\/uploads\/2025\/08\/IMG-20250807-WA0086-400x250.jpg",400,250,true]},"author_info":{"display_name":"Mario Gir\u00f3n","author_link":"https:\/\/contextoanalisisperiodistico.com\/index.php\/author\/director\/"},"category_info":"<a href=\"https:\/\/contextoanalisisperiodistico.com\/index.php\/category\/politica\/\" rel=\"category tag\">Pol\u00edtica<\/a>","tag_info":"Pol\u00edtica","comment_count":"0","jetpack_featured_media_url":"https:\/\/contextoanalisisperiodistico.com\/wp-content\/uploads\/2025\/08\/IMG-20250807-WA0086-scaled.jpg","_links":{"self":[{"href":"https:\/\/contextoanalisisperiodistico.com\/index.php\/wp-json\/wp\/v2\/posts\/44505"}],"collection":[{"href":"https:\/\/contextoanalisisperiodistico.com\/index.php\/wp-json\/wp\/v2\/posts"}],"about":[{"href":"https:\/\/contextoanalisisperiodistico.com\/index.php\/wp-json\/wp\/v2\/types\/post"}],"author":[{"embeddable":true,"href":"https:\/\/contextoanalisisperiodistico.com\/index.php\/wp-json\/wp\/v2\/users\/4"}],"replies":[{"embeddable":true,"href":"https:\/\/contextoanalisisperiodistico.com\/index.php\/wp-json\/wp\/v2\/comments?post=44505"}],"version-history":[{"count":0,"href":"https:\/\/contextoanalisisperiodistico.com\/index.php\/wp-json\/wp\/v2\/posts\/44505\/revisions"}],"wp:featuredmedia":[{"embeddable":true,"href":"https:\/\/contextoanalisisperiodistico.com\/index.php\/wp-json\/wp\/v2\/media\/44500"}],"wp:attachment":[{"href":"https:\/\/contextoanalisisperiodistico.com\/index.php\/wp-json\/wp\/v2\/media?parent=44505"}],"wp:term":[{"taxonomy":"category","embeddable":true,"href":"https:\/\/contextoanalisisperiodistico.com\/index.php\/wp-json\/wp\/v2\/categories?post=44505"},{"taxonomy":"post_tag","embeddable":true,"href":"https:\/\/contextoanalisisperiodistico.com\/index.php\/wp-json\/wp\/v2\/tags?post=44505"}],"curies":[{"name":"wp","href":"https:\/\/api.w.org\/{rel}","templated":true}]}}