{"id":44499,"date":"2025-08-07T09:16:26","date_gmt":"2025-08-07T15:16:26","guid":{"rendered":"https:\/\/contextoanalisisperiodistico.com\/index.php\/2025\/08\/07\/gobierno-de-oaxaca-informa-a-la-sociedad-civil-sobre-la-situacion-actual-del-area-natural-protegida-el-creston\/"},"modified":"2025-08-07T09:16:26","modified_gmt":"2025-08-07T15:16:26","slug":"gobierno-de-oaxaca-informa-a-la-sociedad-civil-sobre-la-situacion-actual-del-area-natural-protegida-el-creston","status":"publish","type":"post","link":"https:\/\/contextoanalisisperiodistico.com\/index.php\/2025\/08\/07\/gobierno-de-oaxaca-informa-a-la-sociedad-civil-sobre-la-situacion-actual-del-area-natural-protegida-el-creston\/","title":{"rendered":"Gobierno de Oaxaca informa a la sociedad civil sobre la situaci\u00f3n actual del \u00c1rea Natural Protegida \u201cEl Crest\u00f3n\u201d"},"content":{"rendered":"<div id=\"fb-root\"><\/div>\n\n<p>\u2022 El objetivo fue mostrar el inter\u00e9s de la Secretar\u00eda de Medio Ambiente de promover un desarrollo sustentable y ordenado en el pol\u00edgono<\/p>\n\n\n\n<figure class=\"wp-block-image size-large\"><img fetchpriority=\"high\" decoding=\"async\" width=\"900\" height=\"607\" src=\"https:\/\/contextoanalisisperiodistico.com\/wp-content\/uploads\/2025\/08\/img-20250807-wa00278521228395822976876.jpg\" alt=\"\" class=\"wp-image-44496\" srcset=\"https:\/\/contextoanalisisperiodistico.com\/wp-content\/uploads\/2025\/08\/img-20250807-wa00278521228395822976876.jpg 900w, https:\/\/contextoanalisisperiodistico.com\/wp-content\/uploads\/2025\/08\/img-20250807-wa00278521228395822976876-300x202.jpg 300w, https:\/\/contextoanalisisperiodistico.com\/wp-content\/uploads\/2025\/08\/img-20250807-wa00278521228395822976876-768x518.jpg 768w\" sizes=\"(max-width: 900px) 100vw, 900px\" \/><\/figure>\n\n\n\n<figure class=\"wp-block-image\"><img decoding=\"async\" width=\"300\" height=\"200\" src=\"https:\/\/contextoanalisisperiodistico.com\/wp-content\/uploads\/2025\/08\/img-20250807-wa00287910529074068666088-300x200.jpg\" alt=\"\" class=\"wp-image-44497\" srcset=\"https:\/\/contextoanalisisperiodistico.com\/wp-content\/uploads\/2025\/08\/img-20250807-wa00287910529074068666088-300x200.jpg 300w, https:\/\/contextoanalisisperiodistico.com\/wp-content\/uploads\/2025\/08\/img-20250807-wa00287910529074068666088-768x512.jpg 768w, https:\/\/contextoanalisisperiodistico.com\/wp-content\/uploads\/2025\/08\/img-20250807-wa00287910529074068666088.jpg 900w\" sizes=\"(max-width: 300px) 100vw, 300px\" \/><\/figure>\n\n\n\n<figure class=\"wp-block-image\"><img decoding=\"async\" width=\"300\" height=\"200\" src=\"https:\/\/contextoanalisisperiodistico.com\/wp-content\/uploads\/2025\/08\/img-20250807-wa00261372417892511080073-300x200.jpg\" alt=\"\" class=\"wp-image-44498\" srcset=\"https:\/\/contextoanalisisperiodistico.com\/wp-content\/uploads\/2025\/08\/img-20250807-wa00261372417892511080073-300x200.jpg 300w, https:\/\/contextoanalisisperiodistico.com\/wp-content\/uploads\/2025\/08\/img-20250807-wa00261372417892511080073-768x512.jpg 768w, https:\/\/contextoanalisisperiodistico.com\/wp-content\/uploads\/2025\/08\/img-20250807-wa00261372417892511080073.jpg 900w\" sizes=\"(max-width: 300px) 100vw, 300px\" \/><\/figure>\n\n\n\n<p>\u2022 Se brind\u00f3 informaci\u00f3n precisa sobre las acciones emprendidas en la protecci\u00f3n ambiental y los procedimientos administrativos en curso<\/p>\n\n\n\n<p>Oaxaca de Ju\u00e1rez, Oax. 7 de agosto de 2025.- El Gobierno del Estado de Oaxaca encabez\u00f3 una reuni\u00f3n informativa con organizaciones de la sociedad civil para abordar la situaci\u00f3n actual de la Zona de Reserva Ecol\u00f3gica y \u00c1rea Natural Protegida (ZREANP), conocida com\u00fanmente como \u201cEl Crest\u00f3n\u201d, decretada el 14 de noviembre de 1992.<\/p>\n\n\n\n<p>La sesi\u00f3n fue presidida por la titular de la Secretar\u00eda de Medio Ambiente, Biodiversidad, Energ\u00edas y Sostenibilidad, Karime Unda Harp, junto con representantes de la Secretar\u00eda de Gobierno, la Consejer\u00eda Jur\u00eddica y Asistencia Legal, as\u00ed como del municipio de Oaxaca de Ju\u00e1rez.<\/p>\n\n\n\n<p>El Gobierno del Estado concert\u00f3 un acuerdo de coadministraci\u00f3n de la ZREANP con el municipio capitalino, a trav\u00e9s de la Secretar\u00eda de Medio Ambiente y la Procuradur\u00eda Ambiental Municipal, quienes administrar\u00e1n la superficie urbanizada, conformada por 44 colonias legalmente reconocidas y 14 colonias en proceso de regularizaci\u00f3n, lo que representa el 31 por ciento del total del pol\u00edgono.<\/p>\n\n\n\n<p>Esta medida tiene como fin regularizar el \u00e1rea actualmente ocupada por asentamientos humanos desde hace varios a\u00f1os, como resultado de la indefinici\u00f3n del pol\u00edgono decretado en 1992.<\/p>\n\n\n\n<p>El 69 por ciento restante, correspondiente a la superficie libre de asentamientos humanos, continuar\u00e1 bajo la administraci\u00f3n de la Secretar\u00eda de Medio Ambiente del Estado.<\/p>\n\n\n\n<p>Respecto al acuerdo de cabildo del municipio de Oaxaca de Ju\u00e1rez, emitido el 29 de julio de 2025, mediante el cual se dejaron sin efectos los acuerdos de dos administraciones anteriores, este forma parte del proceso de atenci\u00f3n a tr\u00e1mites con un rezago de 6 a\u00f1os.<\/p>\n\n\n\n<p>Lo anterior ha impedido que las personas leg\u00edtimas propietarias cuenten con certeza jur\u00eddica sobre la regulaci\u00f3n de sus posesiones, tales como n\u00famero oficial, alineamientos, subdivisi\u00f3n de predios y servicios p\u00fablicos esenciales, incluyendo el derecho humano al agua potable.<\/p>\n\n\n\n<p>-0-<\/p>\n","protected":false},"excerpt":{"rendered":"<p>\u2022 El objetivo fue mostrar el inter\u00e9s de la Secretar\u00eda de Medio Ambiente de promover&#8230;<\/p>\n","protected":false},"author":4,"featured_media":44495,"comment_status":"","ping_status":"open","sticky":false,"template":"","format":"standard","meta":{"footnotes":""},"categories":[9],"tags":[230,134,261,178,45],"jetpack_sharing_enabled":true,"featured_image_urls":{"full":["https:\/\/contextoanalisisperiodistico.com\/wp-content\/uploads\/2025\/08\/IMG-20250807-WA0025.jpg",900,600,false],"thumbnail":["https:\/\/contextoanalisisperiodistico.com\/wp-content\/uploads\/2025\/08\/IMG-20250807-WA0025-150x150.jpg",150,150,true],"medium":["https:\/\/contextoanalisisperiodistico.com\/wp-content\/uploads\/2025\/08\/IMG-20250807-WA0025-300x200.jpg",300,200,true],"medium_large":["https:\/\/contextoanalisisperiodistico.com\/wp-content\/uploads\/2025\/08\/IMG-20250807-WA0025-768x512.jpg",640,427,true],"large":["https:\/\/contextoanalisisperiodistico.com\/wp-content\/uploads\/2025\/08\/IMG-20250807-WA0025.jpg",640,427,false],"1536x1536":["https:\/\/contextoanalisisperiodistico.com\/wp-content\/uploads\/2025\/08\/IMG-20250807-WA0025.jpg",900,600,false],"2048x2048":["https:\/\/contextoanalisisperiodistico.com\/wp-content\/uploads\/2025\/08\/IMG-20250807-WA0025.jpg",900,600,false],"covernews-slider-full":["https:\/\/contextoanalisisperiodistico.com\/wp-content\/uploads\/2025\/08\/IMG-20250807-WA0025.jpg",900,600,false],"covernews-slider-center":["https:\/\/contextoanalisisperiodistico.com\/wp-content\/uploads\/2025\/08\/IMG-20250807-WA0025-800x500.jpg",800,500,true],"covernews-featured":["https:\/\/contextoanalisisperiodistico.com\/wp-content\/uploads\/2025\/08\/IMG-20250807-WA0025.jpg",900,600,false],"covernews-medium":["https:\/\/contextoanalisisperiodistico.com\/wp-content\/uploads\/2025\/08\/IMG-20250807-WA0025-540x340.jpg",540,340,true],"covernews-medium-square":["https:\/\/contextoanalisisperiodistico.com\/wp-content\/uploads\/2025\/08\/IMG-20250807-WA0025-400x250.jpg",400,250,true]},"author_info":{"display_name":"Mario Gir\u00f3n","author_link":"https:\/\/contextoanalisisperiodistico.com\/index.php\/author\/director\/"},"category_info":"<a href=\"https:\/\/contextoanalisisperiodistico.com\/index.php\/category\/politica\/\" rel=\"category tag\">Pol\u00edtica<\/a>","tag_info":"Pol\u00edtica","comment_count":"0","jetpack_featured_media_url":"https:\/\/contextoanalisisperiodistico.com\/wp-content\/uploads\/2025\/08\/IMG-20250807-WA0025.jpg","_links":{"self":[{"href":"https:\/\/contextoanalisisperiodistico.com\/index.php\/wp-json\/wp\/v2\/posts\/44499"}],"collection":[{"href":"https:\/\/contextoanalisisperiodistico.com\/index.php\/wp-json\/wp\/v2\/posts"}],"about":[{"href":"https:\/\/contextoanalisisperiodistico.com\/index.php\/wp-json\/wp\/v2\/types\/post"}],"author":[{"embeddable":true,"href":"https:\/\/contextoanalisisperiodistico.com\/index.php\/wp-json\/wp\/v2\/users\/4"}],"replies":[{"embeddable":true,"href":"https:\/\/contextoanalisisperiodistico.com\/index.php\/wp-json\/wp\/v2\/comments?post=44499"}],"version-history":[{"count":0,"href":"https:\/\/contextoanalisisperiodistico.com\/index.php\/wp-json\/wp\/v2\/posts\/44499\/revisions"}],"wp:featuredmedia":[{"embeddable":true,"href":"https:\/\/contextoanalisisperiodistico.com\/index.php\/wp-json\/wp\/v2\/media\/44495"}],"wp:attachment":[{"href":"https:\/\/contextoanalisisperiodistico.com\/index.php\/wp-json\/wp\/v2\/media?parent=44499"}],"wp:term":[{"taxonomy":"category","embeddable":true,"href":"https:\/\/contextoanalisisperiodistico.com\/index.php\/wp-json\/wp\/v2\/categories?post=44499"},{"taxonomy":"post_tag","embeddable":true,"href":"https:\/\/contextoanalisisperiodistico.com\/index.php\/wp-json\/wp\/v2\/tags?post=44499"}],"curies":[{"name":"wp","href":"https:\/\/api.w.org\/{rel}","templated":true}]}}