{"id":44494,"date":"2025-08-06T21:44:56","date_gmt":"2025-08-07T03:44:56","guid":{"rendered":"https:\/\/contextoanalisisperiodistico.com\/index.php\/2025\/08\/06\/llama-sso-a-reforzar-la-prevencion-comunitaria-ante-casos-de-dengue\/"},"modified":"2025-08-06T21:44:56","modified_gmt":"2025-08-07T03:44:56","slug":"llama-sso-a-reforzar-la-prevencion-comunitaria-ante-casos-de-dengue","status":"publish","type":"post","link":"https:\/\/contextoanalisisperiodistico.com\/index.php\/2025\/08\/06\/llama-sso-a-reforzar-la-prevencion-comunitaria-ante-casos-de-dengue\/","title":{"rendered":"Llama SSO a reforzar la prevenci\u00f3n comunitaria ante casos de dengue"},"content":{"rendered":"<div id=\"fb-root\"><\/div>\n\n<p>\u2022 \u2060La participaci\u00f3n activa de la ciudadan\u00eda es la herramienta m\u00e1s poderosa contra la enfermedad<\/p>\n\n\n\n<figure class=\"wp-block-image size-large\"><img fetchpriority=\"high\" decoding=\"async\" width=\"614\" height=\"1024\" src=\"https:\/\/contextoanalisisperiodistico.com\/wp-content\/uploads\/2025\/08\/img-20250806-wa01514384580294243061984-614x1024.jpg\" alt=\"\" class=\"wp-image-44493\" srcset=\"https:\/\/contextoanalisisperiodistico.com\/wp-content\/uploads\/2025\/08\/img-20250806-wa01514384580294243061984-614x1024.jpg 614w, https:\/\/contextoanalisisperiodistico.com\/wp-content\/uploads\/2025\/08\/img-20250806-wa01514384580294243061984-180x300.jpg 180w, https:\/\/contextoanalisisperiodistico.com\/wp-content\/uploads\/2025\/08\/img-20250806-wa01514384580294243061984.jpg 767w\" sizes=\"(max-width: 614px) 100vw, 614px\" \/><\/figure>\n\n\n\n<figure class=\"wp-block-image\"><img decoding=\"async\" width=\"766\" height=\"1024\" src=\"https:\/\/contextoanalisisperiodistico.com\/wp-content\/uploads\/2025\/08\/img-20250806-wa01523000476626173373319-766x1024.jpg\" alt=\"\" class=\"wp-image-44492\" srcset=\"https:\/\/contextoanalisisperiodistico.com\/wp-content\/uploads\/2025\/08\/img-20250806-wa01523000476626173373319-766x1024.jpg 766w, https:\/\/contextoanalisisperiodistico.com\/wp-content\/uploads\/2025\/08\/img-20250806-wa01523000476626173373319-224x300.jpg 224w, https:\/\/contextoanalisisperiodistico.com\/wp-content\/uploads\/2025\/08\/img-20250806-wa01523000476626173373319-768x1027.jpg 768w, https:\/\/contextoanalisisperiodistico.com\/wp-content\/uploads\/2025\/08\/img-20250806-wa01523000476626173373319.jpg 957w\" sizes=\"(max-width: 766px) 100vw, 766px\" \/><\/figure>\n\n\n\n<p>\u2022 Al corte de la semana epidemiol\u00f3gica n\u00famero 31, se han registrado dos nuevos casos en San Lucas Ojitl\u00e1n, por lo que el acumulado asciende a 55 personas afectadas<\/p>\n\n\n\n<p>Oaxaca de Ju\u00e1rez, Oax. 6 de agosto de 2025.- En este periodo de lluvias, Servicios de Salud de Oaxaca (SSO) hace un llamado urgente a la poblaci\u00f3n para intensificar las acciones preventivas contra el dengue, zika y chikungunya, al advertir que la participaci\u00f3n activa en cada hogar, es la herramienta m\u00e1s poderosa contra la enfermedad.<\/p>\n\n\n\n<p>La dependencia estatal report\u00f3 que, al corte de la semana epidemiol\u00f3gica n\u00famero 31, se han registrado dos nuevos casos en San Lucas Ojitl\u00e1n, por lo que el acumulado asciende a 55 personas afectadas: 15 con Dengue No Grave (DNG); 32 con Dengue con Signos de Alarma (DCSA); ocho con Dengue Grave (DG), y lamentablemente, dos defunciones.<\/p>\n\n\n\n<p>La Jurisdicci\u00f3n Sanitaria de Tuxtepec encabeza la incidencia con 31 registros; seguido de Valles Centrales con ocho; la Costa con siete; Istmo con seis; Mixteca tres y Sierra cero; de los cuales 32 corresponden a hombres y 23 a mujeres, siendo el grupo de edad de 10 a 14 a\u00f1os el m\u00e1s afectado.<\/p>\n\n\n\n<p>Ante este panorama, SSO insiste en que la participaci\u00f3n social es clave para frenar la transmisi\u00f3n del mosquito Aedes aegypti, portador del virus. Por ello, se exhorta a la ciudadan\u00eda redoblar esfuerzos desde sus hogares y lugares de trabajo, mediante la estrategia \u201clava, tapa, voltea y tira\u201d, as\u00ed como mantener patios y viviendas limpios, usar camisas de manga larga, pantalones, repelente y colocar telas mosquiteras en puertas y ventanas.<\/p>\n\n\n\n<p>Adem\u00e1s, se recomienda estar alerta ante los principales s\u00edntomas del dengue como: fiebre, dolor de cabeza, muscular, articular y sarpullido, especialmente en ni\u00f1as, ni\u00f1os y adolescentes. Es importante acudir de inmediato a los servicios m\u00e9dicos sin recurrir a la automedicaci\u00f3n, la cual podr\u00eda agravar el cuadro cl\u00ednico.<\/p>\n\n\n\n<p>El titular de SSO, Efr\u00e9n Emmanuel Jarqu\u00edn Gonz\u00e1lez reiter\u00f3 que este gobierno, bajo el liderazgo de Salom\u00f3n Jara Cruz, trabaja con un enfoque territorial, humano y preventivo.<\/p>\n\n\n\n<p>\u201cCombatir al dengue es una responsabilidad compartida; el compromiso ciudadano, sumado al esfuerzo institucional, permitir\u00e1 contener y reducir la propagaci\u00f3n del virus. La salud p\u00fablica se construye desde los hogares, las comunidades y con un gobierno presente\u201d, concluy\u00f3.<\/p>\n\n\n\n<p>-0-<\/p>\n","protected":false},"excerpt":{"rendered":"<p>\u2022 \u2060La participaci\u00f3n activa de la ciudadan\u00eda es la herramienta m\u00e1s poderosa contra la enfermedad&#8230;<\/p>\n","protected":false},"author":4,"featured_media":44491,"comment_status":"","ping_status":"open","sticky":false,"template":"","format":"standard","meta":{"footnotes":""},"categories":[92],"tags":[],"jetpack_sharing_enabled":true,"featured_image_urls":{"full":["https:\/\/contextoanalisisperiodistico.com\/wp-content\/uploads\/2025\/08\/IMG-20250806-WA0150.jpg",960,1280,false],"thumbnail":["https:\/\/contextoanalisisperiodistico.com\/wp-content\/uploads\/2025\/08\/IMG-20250806-WA0150-150x150.jpg",150,150,true],"medium":["https:\/\/contextoanalisisperiodistico.com\/wp-content\/uploads\/2025\/08\/IMG-20250806-WA0150-225x300.jpg",225,300,true],"medium_large":["https:\/\/contextoanalisisperiodistico.com\/wp-content\/uploads\/2025\/08\/IMG-20250806-WA0150-768x1024.jpg",640,853,true],"large":["https:\/\/contextoanalisisperiodistico.com\/wp-content\/uploads\/2025\/08\/IMG-20250806-WA0150-768x1024.jpg",640,853,true],"1536x1536":["https:\/\/contextoanalisisperiodistico.com\/wp-content\/uploads\/2025\/08\/IMG-20250806-WA0150.jpg",960,1280,false],"2048x2048":["https:\/\/contextoanalisisperiodistico.com\/wp-content\/uploads\/2025\/08\/IMG-20250806-WA0150.jpg",960,1280,false],"covernews-slider-full":["https:\/\/contextoanalisisperiodistico.com\/wp-content\/uploads\/2025\/08\/IMG-20250806-WA0150-960x715.jpg",960,715,true],"covernews-slider-center":["https:\/\/contextoanalisisperiodistico.com\/wp-content\/uploads\/2025\/08\/IMG-20250806-WA0150-800x500.jpg",800,500,true],"covernews-featured":["https:\/\/contextoanalisisperiodistico.com\/wp-content\/uploads\/2025\/08\/IMG-20250806-WA0150.jpg",960,1280,false],"covernews-medium":["https:\/\/contextoanalisisperiodistico.com\/wp-content\/uploads\/2025\/08\/IMG-20250806-WA0150-540x340.jpg",540,340,true],"covernews-medium-square":["https:\/\/contextoanalisisperiodistico.com\/wp-content\/uploads\/2025\/08\/IMG-20250806-WA0150-400x250.jpg",400,250,true]},"author_info":{"display_name":"Mario Gir\u00f3n","author_link":"https:\/\/contextoanalisisperiodistico.com\/index.php\/author\/director\/"},"category_info":"<a href=\"https:\/\/contextoanalisisperiodistico.com\/index.php\/category\/salud\/\" rel=\"category tag\">Salud<\/a>","tag_info":"Salud","comment_count":"0","jetpack_featured_media_url":"https:\/\/contextoanalisisperiodistico.com\/wp-content\/uploads\/2025\/08\/IMG-20250806-WA0150.jpg","_links":{"self":[{"href":"https:\/\/contextoanalisisperiodistico.com\/index.php\/wp-json\/wp\/v2\/posts\/44494"}],"collection":[{"href":"https:\/\/contextoanalisisperiodistico.com\/index.php\/wp-json\/wp\/v2\/posts"}],"about":[{"href":"https:\/\/contextoanalisisperiodistico.com\/index.php\/wp-json\/wp\/v2\/types\/post"}],"author":[{"embeddable":true,"href":"https:\/\/contextoanalisisperiodistico.com\/index.php\/wp-json\/wp\/v2\/users\/4"}],"replies":[{"embeddable":true,"href":"https:\/\/contextoanalisisperiodistico.com\/index.php\/wp-json\/wp\/v2\/comments?post=44494"}],"version-history":[{"count":0,"href":"https:\/\/contextoanalisisperiodistico.com\/index.php\/wp-json\/wp\/v2\/posts\/44494\/revisions"}],"wp:featuredmedia":[{"embeddable":true,"href":"https:\/\/contextoanalisisperiodistico.com\/index.php\/wp-json\/wp\/v2\/media\/44491"}],"wp:attachment":[{"href":"https:\/\/contextoanalisisperiodistico.com\/index.php\/wp-json\/wp\/v2\/media?parent=44494"}],"wp:term":[{"taxonomy":"category","embeddable":true,"href":"https:\/\/contextoanalisisperiodistico.com\/index.php\/wp-json\/wp\/v2\/categories?post=44494"},{"taxonomy":"post_tag","embeddable":true,"href":"https:\/\/contextoanalisisperiodistico.com\/index.php\/wp-json\/wp\/v2\/tags?post=44494"}],"curies":[{"name":"wp","href":"https:\/\/api.w.org\/{rel}","templated":true}]}}