{"id":44483,"date":"2025-08-06T16:50:35","date_gmt":"2025-08-06T22:50:35","guid":{"rendered":"https:\/\/contextoanalisisperiodistico.com\/index.php\/2025\/08\/06\/moviliza-binnibus-a-mas-de-100-mil-personas-durante-julio-mes-de-la-guelaguetza-2025\/"},"modified":"2025-08-06T16:50:35","modified_gmt":"2025-08-06T22:50:35","slug":"moviliza-binnibus-a-mas-de-100-mil-personas-durante-julio-mes-de-la-guelaguetza-2025","status":"publish","type":"post","link":"https:\/\/contextoanalisisperiodistico.com\/index.php\/2025\/08\/06\/moviliza-binnibus-a-mas-de-100-mil-personas-durante-julio-mes-de-la-guelaguetza-2025\/","title":{"rendered":"Moviliza BinniBus a m\u00e1s de 100 mil personas durante Julio, mes de la Guelaguetza 2025"},"content":{"rendered":"<div id=\"fb-root\"><\/div>\n\n<p>\u2022 Con nueve rutas gratuitas y 17 unidades en operaci\u00f3n, el Sistema super\u00f3 la cifra registrada en 2024<\/p>\n\n\n\n<figure class=\"wp-block-image size-large\"><img fetchpriority=\"high\" decoding=\"async\" width=\"1024\" height=\"576\" src=\"https:\/\/contextoanalisisperiodistico.com\/wp-content\/uploads\/2025\/08\/img-20250806-wa00756255776821182710346-1024x576.jpg\" alt=\"\" class=\"wp-image-44482\" srcset=\"https:\/\/contextoanalisisperiodistico.com\/wp-content\/uploads\/2025\/08\/img-20250806-wa00756255776821182710346-1024x576.jpg 1024w, https:\/\/contextoanalisisperiodistico.com\/wp-content\/uploads\/2025\/08\/img-20250806-wa00756255776821182710346-300x169.jpg 300w, https:\/\/contextoanalisisperiodistico.com\/wp-content\/uploads\/2025\/08\/img-20250806-wa00756255776821182710346-768x432.jpg 768w, https:\/\/contextoanalisisperiodistico.com\/wp-content\/uploads\/2025\/08\/img-20250806-wa00756255776821182710346.jpg 1280w\" sizes=\"(max-width: 1024px) 100vw, 1024px\" \/><\/figure>\n\n\n\n<p>\u2022 La Primavera Oaxaque\u00f1a brinda un servicio eficiente, seguro y ordenado<\/p>\n\n\n\n<p>Oaxaca de Ju\u00e1rez, Oax., 6 de agosto de 2025.- El Sistema de Transporte Colectivo Metropolitano BinniBus Oaxaca, a trav\u00e9s de las Rutas Guelaguetza, moviliz\u00f3 a 104 mil 786 personas, del 1 de julio al 2 de agosto de 2025, rompiendo as\u00ed su r\u00e9cord de 84 mil usuarias y usuarios favorecidos en el mismo periodo de 2024.<\/p>\n\n\n\n<p>Como parte de la estrategia integral para garantizar el acceso gratuito e incluyente a las festividades de Julio, mes de la Guelaguetza 2025, el Gobierno del Estado encabezado por Salom\u00f3n Jara Cruz, implement\u00f3 esta estrategia mediante nueve rutas gratuitas y 17 unidades en operaci\u00f3n.<\/p>\n\n\n\n<p>Esta acci\u00f3n responde al compromiso del Mandatario estatal por brindar una movilidad eficiente, segura y ordenada durante los eventos m\u00e1s emblem\u00e1ticos de la entidad.<\/p>\n\n\n\n<p>La directora general del BinniBus, Karina G\u00f3mez Esteban resalt\u00f3 que las unidades trasladaron a visitantes de distintas regiones de la entidad, del pa\u00eds y extranjero.<\/p>\n\n\n\n<p>\u201cEl BinniBus fue una herramienta clave para acercar a la poblaci\u00f3n al coraz\u00f3n de las tradiciones oaxaque\u00f1as. Agradecemos a las personas usuarias su confianza y colaboraci\u00f3n para brindar un servicio digno y eficiente, como el que todas y todos merecemos\u201d, se\u00f1al\u00f3.<\/p>\n\n\n\n<p>Las rutas conectaron de manera directa y segura con puntos estrat\u00e9gicos como el Auditorio Guelaguetza, la Feria del Mezcal 2025, el Parque Primavera Oaxaque\u00f1a Cho Ndob\u00e1, la Feria del Quesillo en Reyes Etla, los conciertos en la Alameda de Le\u00f3n y el Festival Gastron\u00f3mico en la Plaza de la Danza, entre otros.<\/p>\n\n\n\n<p>Con estas acciones, el Gobierno del Estado fortalece el tejido social y proyecta al mundo la grandeza del Coraz\u00f3n cultural de Oaxaca.<\/p>\n\n\n\n<p>-0-<\/p>\n","protected":false},"excerpt":{"rendered":"<p>\u2022 Con nueve rutas gratuitas y 17 unidades en operaci\u00f3n, el Sistema super\u00f3 la cifra&#8230;<\/p>\n","protected":false},"author":4,"featured_media":44481,"comment_status":"","ping_status":"open","sticky":false,"template":"","format":"standard","meta":{"footnotes":""},"categories":[3],"tags":[],"jetpack_sharing_enabled":true,"featured_image_urls":{"full":["https:\/\/contextoanalisisperiodistico.com\/wp-content\/uploads\/2025\/08\/IMG-20250806-WA0076.jpg",1280,720,false],"thumbnail":["https:\/\/contextoanalisisperiodistico.com\/wp-content\/uploads\/2025\/08\/IMG-20250806-WA0076-150x150.jpg",150,150,true],"medium":["https:\/\/contextoanalisisperiodistico.com\/wp-content\/uploads\/2025\/08\/IMG-20250806-WA0076-300x169.jpg",300,169,true],"medium_large":["https:\/\/contextoanalisisperiodistico.com\/wp-content\/uploads\/2025\/08\/IMG-20250806-WA0076-768x432.jpg",640,360,true],"large":["https:\/\/contextoanalisisperiodistico.com\/wp-content\/uploads\/2025\/08\/IMG-20250806-WA0076-1024x576.jpg",640,360,true],"1536x1536":["https:\/\/contextoanalisisperiodistico.com\/wp-content\/uploads\/2025\/08\/IMG-20250806-WA0076.jpg",1280,720,false],"2048x2048":["https:\/\/contextoanalisisperiodistico.com\/wp-content\/uploads\/2025\/08\/IMG-20250806-WA0076.jpg",1280,720,false],"covernews-slider-full":["https:\/\/contextoanalisisperiodistico.com\/wp-content\/uploads\/2025\/08\/IMG-20250806-WA0076-1115x715.jpg",1115,715,true],"covernews-slider-center":["https:\/\/contextoanalisisperiodistico.com\/wp-content\/uploads\/2025\/08\/IMG-20250806-WA0076-800x500.jpg",800,500,true],"covernews-featured":["https:\/\/contextoanalisisperiodistico.com\/wp-content\/uploads\/2025\/08\/IMG-20250806-WA0076-1024x576.jpg",1024,576,true],"covernews-medium":["https:\/\/contextoanalisisperiodistico.com\/wp-content\/uploads\/2025\/08\/IMG-20250806-WA0076-540x340.jpg",540,340,true],"covernews-medium-square":["https:\/\/contextoanalisisperiodistico.com\/wp-content\/uploads\/2025\/08\/IMG-20250806-WA0076-400x250.jpg",400,250,true]},"author_info":{"display_name":"Mario Gir\u00f3n","author_link":"https:\/\/contextoanalisisperiodistico.com\/index.php\/author\/director\/"},"category_info":"<a href=\"https:\/\/contextoanalisisperiodistico.com\/index.php\/category\/ciudad\/\" rel=\"category tag\">Ciudad<\/a>","tag_info":"Ciudad","comment_count":"0","jetpack_featured_media_url":"https:\/\/contextoanalisisperiodistico.com\/wp-content\/uploads\/2025\/08\/IMG-20250806-WA0076.jpg","_links":{"self":[{"href":"https:\/\/contextoanalisisperiodistico.com\/index.php\/wp-json\/wp\/v2\/posts\/44483"}],"collection":[{"href":"https:\/\/contextoanalisisperiodistico.com\/index.php\/wp-json\/wp\/v2\/posts"}],"about":[{"href":"https:\/\/contextoanalisisperiodistico.com\/index.php\/wp-json\/wp\/v2\/types\/post"}],"author":[{"embeddable":true,"href":"https:\/\/contextoanalisisperiodistico.com\/index.php\/wp-json\/wp\/v2\/users\/4"}],"replies":[{"embeddable":true,"href":"https:\/\/contextoanalisisperiodistico.com\/index.php\/wp-json\/wp\/v2\/comments?post=44483"}],"version-history":[{"count":0,"href":"https:\/\/contextoanalisisperiodistico.com\/index.php\/wp-json\/wp\/v2\/posts\/44483\/revisions"}],"wp:featuredmedia":[{"embeddable":true,"href":"https:\/\/contextoanalisisperiodistico.com\/index.php\/wp-json\/wp\/v2\/media\/44481"}],"wp:attachment":[{"href":"https:\/\/contextoanalisisperiodistico.com\/index.php\/wp-json\/wp\/v2\/media?parent=44483"}],"wp:term":[{"taxonomy":"category","embeddable":true,"href":"https:\/\/contextoanalisisperiodistico.com\/index.php\/wp-json\/wp\/v2\/categories?post=44483"},{"taxonomy":"post_tag","embeddable":true,"href":"https:\/\/contextoanalisisperiodistico.com\/index.php\/wp-json\/wp\/v2\/tags?post=44483"}],"curies":[{"name":"wp","href":"https:\/\/api.w.org\/{rel}","templated":true}]}}