{"id":44395,"date":"2025-08-03T20:10:29","date_gmt":"2025-08-04T02:10:29","guid":{"rendered":"https:\/\/contextoanalisisperiodistico.com\/index.php\/2025\/08\/03\/san-juan-mazatlan-con-equipamiento-y-obras-de-infraestructura-educativa\/"},"modified":"2025-08-03T20:10:29","modified_gmt":"2025-08-04T02:10:29","slug":"san-juan-mazatlan-con-equipamiento-y-obras-de-infraestructura-educativa","status":"publish","type":"post","link":"https:\/\/contextoanalisisperiodistico.com\/index.php\/2025\/08\/03\/san-juan-mazatlan-con-equipamiento-y-obras-de-infraestructura-educativa\/","title":{"rendered":"San Juan Mazatl\u00e1n con equipamiento y obras de infraestructura educativa"},"content":{"rendered":"<div id=\"fb-root\"><\/div>\n\n<p>\u2022 El Mandatario estatal Salom\u00f3n Jara inform\u00f3 que este municipio tambi\u00e9n recibe apoyos de programas alimentarios y para el campo<\/p>\n\n\n\n<figure class=\"wp-block-image size-large\"><img fetchpriority=\"high\" decoding=\"async\" width=\"1024\" height=\"682\" src=\"https:\/\/contextoanalisisperiodistico.com\/wp-content\/uploads\/2025\/08\/img-20250803-wa00711644023384511198601-1024x682.jpg\" alt=\"\" class=\"wp-image-44392\" srcset=\"https:\/\/contextoanalisisperiodistico.com\/wp-content\/uploads\/2025\/08\/img-20250803-wa00711644023384511198601-1024x682.jpg 1024w, https:\/\/contextoanalisisperiodistico.com\/wp-content\/uploads\/2025\/08\/img-20250803-wa00711644023384511198601-300x200.jpg 300w, https:\/\/contextoanalisisperiodistico.com\/wp-content\/uploads\/2025\/08\/img-20250803-wa00711644023384511198601-768x512.jpg 768w, https:\/\/contextoanalisisperiodistico.com\/wp-content\/uploads\/2025\/08\/img-20250803-wa00711644023384511198601.jpg 1280w\" sizes=\"(max-width: 1024px) 100vw, 1024px\" \/><\/figure>\n\n\n\n<figure class=\"wp-block-image\"><img decoding=\"async\" width=\"1024\" height=\"682\" src=\"https:\/\/contextoanalisisperiodistico.com\/wp-content\/uploads\/2025\/08\/img-20250803-wa00727531779886939182785-1024x682.jpg\" alt=\"\" class=\"wp-image-44393\" srcset=\"https:\/\/contextoanalisisperiodistico.com\/wp-content\/uploads\/2025\/08\/img-20250803-wa00727531779886939182785-1024x682.jpg 1024w, https:\/\/contextoanalisisperiodistico.com\/wp-content\/uploads\/2025\/08\/img-20250803-wa00727531779886939182785-300x200.jpg 300w, https:\/\/contextoanalisisperiodistico.com\/wp-content\/uploads\/2025\/08\/img-20250803-wa00727531779886939182785-768x512.jpg 768w, https:\/\/contextoanalisisperiodistico.com\/wp-content\/uploads\/2025\/08\/img-20250803-wa00727531779886939182785.jpg 1280w\" sizes=\"(max-width: 1024px) 100vw, 1024px\" \/><\/figure>\n\n\n\n<figure class=\"wp-block-image\"><img decoding=\"async\" width=\"1024\" height=\"682\" src=\"https:\/\/contextoanalisisperiodistico.com\/wp-content\/uploads\/2025\/08\/img-20250803-wa00765660280007147821107-1024x682.jpg\" alt=\"\" class=\"wp-image-44394\" srcset=\"https:\/\/contextoanalisisperiodistico.com\/wp-content\/uploads\/2025\/08\/img-20250803-wa00765660280007147821107-1024x682.jpg 1024w, https:\/\/contextoanalisisperiodistico.com\/wp-content\/uploads\/2025\/08\/img-20250803-wa00765660280007147821107-300x200.jpg 300w, https:\/\/contextoanalisisperiodistico.com\/wp-content\/uploads\/2025\/08\/img-20250803-wa00765660280007147821107-768x512.jpg 768w, https:\/\/contextoanalisisperiodistico.com\/wp-content\/uploads\/2025\/08\/img-20250803-wa00765660280007147821107.jpg 1280w\" sizes=\"(max-width: 1024px) 100vw, 1024px\" \/><\/figure>\n\n\n\n<p>San Juan Mazatl\u00e1n, Oax. 3 de agosto de 2025.- Como muestra del compromiso de la Primavera Oaxaque\u00f1a con el futuro de las nuevas generaciones y el fortalecimiento del sistema educativo, el Gobernador Salom\u00f3n Jara Cruz anunci\u00f3 el equipamiento de 79 escuelas del nivel b\u00e1sico de este municipio.<\/p>\n\n\n\n<p>En la agencia municipal Constituci\u00f3n Mexicana de San Juan Mazatl\u00e1n, el Mandatario estatal inform\u00f3 que esta acci\u00f3n consiste en la entrega de 316 pizarrones, 158 computadoras, 79 proyectores, 79 impresoras y 79 lotes de mobiliarios, as\u00ed como material de aseo, deportivo y de oficina.<\/p>\n\n\n\n<p>Aunado a ello, el Instituto Oaxaque\u00f1o Constructor de Infraestructura Educativa realizar\u00e1 lo siguiente: un techado en la Primaria Enrique R\u00e9bsamen y otro en el Preescolar Ind\u00edgena Guadalupe Victoria; rehabilitaci\u00f3n de cuatro aulas en el IEBO 183, as\u00ed como de ba\u00f1os y aulas en la Primaria Ni\u00f1os H\u00e9roes; un aula en la Primaria Ricardo Flores Mag\u00f3n y otra en Preescolar Cuitl\u00e1huac.<\/p>\n\n\n\n<p>Adem\u00e1s, se edificar\u00e1n bardas en el Jard\u00edn de Ni\u00f1os Macedonio Alcal\u00e1, Escuela Secundaria T\u00e9cnica n\u00famero 178 y Primaria Benito Ju\u00e1rez; un sal\u00f3n audiovisual en una telesecundaria; y se dotar\u00e1 de material en Primaria Benito Ju\u00e1rez.<\/p>\n\n\n\n<p>\u201cVengo a invitarlos a que trabajemos por el municipio y sus agencias; si nos unimos habr\u00e1 progreso, sino nos quedaremos en el abandono\u201d, expres\u00f3 Jara Cruz, ante las y los pobladores de esta demarcaci\u00f3n de la Sierra de Ju\u00e1rez.<\/p>\n\n\n\n<p>El esquema Trabajo que Transforma tu Municipio del Gobierno de Oaxaca se hace patente en:<\/p>\n\n\n\n<p>\u2022 El Sistema DIF Oaxaca aplica los programas Guisos de mi Pueblo, Desayuno de Letritas, Itacate de mi Coraz\u00f3n y Latido Nutritivo en favor de diversas agencias de esta municipalidad.<\/p>\n\n\n\n<p>\u2022 Mediante el programa Abasto Seguro de Ma\u00edz se apoya a cinco agencias con semillas mejoradas y no transg\u00e9nicas, fertilizantes y bioinsumos para la producci\u00f3n de ma\u00edz. Tambi\u00e9n se apoyar\u00e1 con la inseminaci\u00f3n artificial del ganado.<\/p>\n\n\n\n<p>\u2022 Este territorio fue beneficiado con el programa La Cl\u00ednica es Nuestra, que brind\u00f3 apoyos a los cinco centros de salud del IMSS-Bienestar y a las tres unidades M\u00e9dicas Rurales del IMSS Ordinario para la mejora de instalaciones. Este 2025 ser\u00e1n favorecidos nuevamente.<\/p>\n\n\n\n<p>\u2022 Adicionalmente, la Primavera Oaxaque\u00f1a apoyar\u00e1 a dos bandas de m\u00fasica con instrumentos.<\/p>\n\n\n\n<p>-0-<\/p>\n","protected":false},"excerpt":{"rendered":"<p>\u2022 El Mandatario estatal Salom\u00f3n Jara inform\u00f3 que este municipio tambi\u00e9n recibe apoyos de programas&#8230;<\/p>\n","protected":false},"author":4,"featured_media":44391,"comment_status":"","ping_status":"open","sticky":false,"template":"","format":"standard","meta":{"footnotes":""},"categories":[7],"tags":[],"jetpack_sharing_enabled":true,"featured_image_urls":{"full":["https:\/\/contextoanalisisperiodistico.com\/wp-content\/uploads\/2025\/08\/IMG-20250803-WA0061.jpg",1279,800,false],"thumbnail":["https:\/\/contextoanalisisperiodistico.com\/wp-content\/uploads\/2025\/08\/IMG-20250803-WA0061-150x150.jpg",150,150,true],"medium":["https:\/\/contextoanalisisperiodistico.com\/wp-content\/uploads\/2025\/08\/IMG-20250803-WA0061-300x188.jpg",300,188,true],"medium_large":["https:\/\/contextoanalisisperiodistico.com\/wp-content\/uploads\/2025\/08\/IMG-20250803-WA0061-768x480.jpg",640,400,true],"large":["https:\/\/contextoanalisisperiodistico.com\/wp-content\/uploads\/2025\/08\/IMG-20250803-WA0061-1024x641.jpg",640,401,true],"1536x1536":["https:\/\/contextoanalisisperiodistico.com\/wp-content\/uploads\/2025\/08\/IMG-20250803-WA0061.jpg",1279,800,false],"2048x2048":["https:\/\/contextoanalisisperiodistico.com\/wp-content\/uploads\/2025\/08\/IMG-20250803-WA0061.jpg",1279,800,false],"covernews-slider-full":["https:\/\/contextoanalisisperiodistico.com\/wp-content\/uploads\/2025\/08\/IMG-20250803-WA0061-1115x715.jpg",1115,715,true],"covernews-slider-center":["https:\/\/contextoanalisisperiodistico.com\/wp-content\/uploads\/2025\/08\/IMG-20250803-WA0061-800x500.jpg",800,500,true],"covernews-featured":["https:\/\/contextoanalisisperiodistico.com\/wp-content\/uploads\/2025\/08\/IMG-20250803-WA0061-1024x641.jpg",1024,641,true],"covernews-medium":["https:\/\/contextoanalisisperiodistico.com\/wp-content\/uploads\/2025\/08\/IMG-20250803-WA0061-540x340.jpg",540,340,true],"covernews-medium-square":["https:\/\/contextoanalisisperiodistico.com\/wp-content\/uploads\/2025\/08\/IMG-20250803-WA0061-400x250.jpg",400,250,true]},"author_info":{"display_name":"Mario Gir\u00f3n","author_link":"https:\/\/contextoanalisisperiodistico.com\/index.php\/author\/director\/"},"category_info":"<a href=\"https:\/\/contextoanalisisperiodistico.com\/index.php\/category\/municipios\/\" rel=\"category tag\">Municipios<\/a>","tag_info":"Municipios","comment_count":"0","jetpack_featured_media_url":"https:\/\/contextoanalisisperiodistico.com\/wp-content\/uploads\/2025\/08\/IMG-20250803-WA0061.jpg","_links":{"self":[{"href":"https:\/\/contextoanalisisperiodistico.com\/index.php\/wp-json\/wp\/v2\/posts\/44395"}],"collection":[{"href":"https:\/\/contextoanalisisperiodistico.com\/index.php\/wp-json\/wp\/v2\/posts"}],"about":[{"href":"https:\/\/contextoanalisisperiodistico.com\/index.php\/wp-json\/wp\/v2\/types\/post"}],"author":[{"embeddable":true,"href":"https:\/\/contextoanalisisperiodistico.com\/index.php\/wp-json\/wp\/v2\/users\/4"}],"replies":[{"embeddable":true,"href":"https:\/\/contextoanalisisperiodistico.com\/index.php\/wp-json\/wp\/v2\/comments?post=44395"}],"version-history":[{"count":0,"href":"https:\/\/contextoanalisisperiodistico.com\/index.php\/wp-json\/wp\/v2\/posts\/44395\/revisions"}],"wp:featuredmedia":[{"embeddable":true,"href":"https:\/\/contextoanalisisperiodistico.com\/index.php\/wp-json\/wp\/v2\/media\/44391"}],"wp:attachment":[{"href":"https:\/\/contextoanalisisperiodistico.com\/index.php\/wp-json\/wp\/v2\/media?parent=44395"}],"wp:term":[{"taxonomy":"category","embeddable":true,"href":"https:\/\/contextoanalisisperiodistico.com\/index.php\/wp-json\/wp\/v2\/categories?post=44395"},{"taxonomy":"post_tag","embeddable":true,"href":"https:\/\/contextoanalisisperiodistico.com\/index.php\/wp-json\/wp\/v2\/tags?post=44395"}],"curies":[{"name":"wp","href":"https:\/\/api.w.org\/{rel}","templated":true}]}}