{"id":44390,"date":"2025-08-03T14:08:49","date_gmt":"2025-08-03T20:08:49","guid":{"rendered":"https:\/\/contextoanalisisperiodistico.com\/index.php\/2025\/08\/03\/el-panuelito-vibra-con-la-musica-la-tradicion-y-la-alegria-de-la-gente\/"},"modified":"2025-08-03T14:08:49","modified_gmt":"2025-08-03T20:08:49","slug":"el-panuelito-vibra-con-la-musica-la-tradicion-y-la-alegria-de-la-gente","status":"publish","type":"post","link":"https:\/\/contextoanalisisperiodistico.com\/index.php\/2025\/08\/03\/el-panuelito-vibra-con-la-musica-la-tradicion-y-la-alegria-de-la-gente\/","title":{"rendered":"El Pa\u00f1uelito vibra con la m\u00fasica, la tradici\u00f3n y la alegr\u00eda de la gente"},"content":{"rendered":"<div id=\"fb-root\"><\/div>\n\n<ul class=\"wp-block-list\">\n<li>Vecinas, vecinos y visitantes disfrutan de actividades culturales gratuitas en el coraz\u00f3n del Centro Hist\u00f3rico.<\/li>\n<\/ul>\n\n\n\n<figure class=\"wp-block-image size-large\"><img fetchpriority=\"high\" decoding=\"async\" width=\"1024\" height=\"683\" src=\"https:\/\/contextoanalisisperiodistico.com\/wp-content\/uploads\/2025\/08\/img-20250803-wa003137566883457226494-1024x683.jpg\" alt=\"\" class=\"wp-image-44385\" srcset=\"https:\/\/contextoanalisisperiodistico.com\/wp-content\/uploads\/2025\/08\/img-20250803-wa003137566883457226494-1024x683.jpg 1024w, https:\/\/contextoanalisisperiodistico.com\/wp-content\/uploads\/2025\/08\/img-20250803-wa003137566883457226494-300x200.jpg 300w, https:\/\/contextoanalisisperiodistico.com\/wp-content\/uploads\/2025\/08\/img-20250803-wa003137566883457226494-768x512.jpg 768w, https:\/\/contextoanalisisperiodistico.com\/wp-content\/uploads\/2025\/08\/img-20250803-wa003137566883457226494.jpg 1440w\" sizes=\"(max-width: 1024px) 100vw, 1024px\" \/><\/figure>\n\n\n\n<figure class=\"wp-block-image\"><img decoding=\"async\" width=\"1024\" height=\"681\" src=\"https:\/\/contextoanalisisperiodistico.com\/wp-content\/uploads\/2025\/08\/img-20250803-wa00271476641292338846169-1024x681.jpg\" alt=\"\" class=\"wp-image-44384\" srcset=\"https:\/\/contextoanalisisperiodistico.com\/wp-content\/uploads\/2025\/08\/img-20250803-wa00271476641292338846169-1024x681.jpg 1024w, https:\/\/contextoanalisisperiodistico.com\/wp-content\/uploads\/2025\/08\/img-20250803-wa00271476641292338846169-300x200.jpg 300w, https:\/\/contextoanalisisperiodistico.com\/wp-content\/uploads\/2025\/08\/img-20250803-wa00271476641292338846169-768x511.jpg 768w, https:\/\/contextoanalisisperiodistico.com\/wp-content\/uploads\/2025\/08\/img-20250803-wa00271476641292338846169.jpg 1440w\" sizes=\"(max-width: 1024px) 100vw, 1024px\" \/><\/figure>\n\n\n\n<figure class=\"wp-block-image\"><img decoding=\"async\" width=\"1024\" height=\"681\" src=\"https:\/\/contextoanalisisperiodistico.com\/wp-content\/uploads\/2025\/08\/img-20250803-wa00322748539814449031359-1024x681.jpg\" alt=\"\" class=\"wp-image-44383\" srcset=\"https:\/\/contextoanalisisperiodistico.com\/wp-content\/uploads\/2025\/08\/img-20250803-wa00322748539814449031359-1024x681.jpg 1024w, https:\/\/contextoanalisisperiodistico.com\/wp-content\/uploads\/2025\/08\/img-20250803-wa00322748539814449031359-300x200.jpg 300w, https:\/\/contextoanalisisperiodistico.com\/wp-content\/uploads\/2025\/08\/img-20250803-wa00322748539814449031359-768x511.jpg 768w, https:\/\/contextoanalisisperiodistico.com\/wp-content\/uploads\/2025\/08\/img-20250803-wa00322748539814449031359.jpg 1440w\" sizes=\"(max-width: 1024px) 100vw, 1024px\" \/><\/figure>\n\n\n\n<figure class=\"wp-block-image\"><img loading=\"lazy\" decoding=\"async\" width=\"1024\" height=\"681\" src=\"https:\/\/contextoanalisisperiodistico.com\/wp-content\/uploads\/2025\/08\/img-20250803-wa00293163830231900265016-1024x681.jpg\" alt=\"\" class=\"wp-image-44386\" srcset=\"https:\/\/contextoanalisisperiodistico.com\/wp-content\/uploads\/2025\/08\/img-20250803-wa00293163830231900265016-1024x681.jpg 1024w, https:\/\/contextoanalisisperiodistico.com\/wp-content\/uploads\/2025\/08\/img-20250803-wa00293163830231900265016-300x200.jpg 300w, https:\/\/contextoanalisisperiodistico.com\/wp-content\/uploads\/2025\/08\/img-20250803-wa00293163830231900265016-768x511.jpg 768w, https:\/\/contextoanalisisperiodistico.com\/wp-content\/uploads\/2025\/08\/img-20250803-wa00293163830231900265016.jpg 1440w\" sizes=\"(max-width: 1024px) 100vw, 1024px\" \/><\/figure>\n\n\n\n<figure class=\"wp-block-image\"><img loading=\"lazy\" decoding=\"async\" width=\"1024\" height=\"681\" src=\"https:\/\/contextoanalisisperiodistico.com\/wp-content\/uploads\/2025\/08\/img-20250803-wa0026370764784120697585-1024x681.jpg\" alt=\"\" class=\"wp-image-44387\" srcset=\"https:\/\/contextoanalisisperiodistico.com\/wp-content\/uploads\/2025\/08\/img-20250803-wa0026370764784120697585-1024x681.jpg 1024w, https:\/\/contextoanalisisperiodistico.com\/wp-content\/uploads\/2025\/08\/img-20250803-wa0026370764784120697585-300x200.jpg 300w, https:\/\/contextoanalisisperiodistico.com\/wp-content\/uploads\/2025\/08\/img-20250803-wa0026370764784120697585-768x511.jpg 768w, https:\/\/contextoanalisisperiodistico.com\/wp-content\/uploads\/2025\/08\/img-20250803-wa0026370764784120697585.jpg 1440w\" sizes=\"(max-width: 1024px) 100vw, 1024px\" \/><\/figure>\n\n\n\n<figure class=\"wp-block-image\"><img loading=\"lazy\" decoding=\"async\" width=\"1024\" height=\"681\" src=\"https:\/\/contextoanalisisperiodistico.com\/wp-content\/uploads\/2025\/08\/img-20250803-wa00332529496151169509433-1024x681.jpg\" alt=\"\" class=\"wp-image-44388\" srcset=\"https:\/\/contextoanalisisperiodistico.com\/wp-content\/uploads\/2025\/08\/img-20250803-wa00332529496151169509433-1024x681.jpg 1024w, https:\/\/contextoanalisisperiodistico.com\/wp-content\/uploads\/2025\/08\/img-20250803-wa00332529496151169509433-300x200.jpg 300w, https:\/\/contextoanalisisperiodistico.com\/wp-content\/uploads\/2025\/08\/img-20250803-wa00332529496151169509433-768x511.jpg 768w, https:\/\/contextoanalisisperiodistico.com\/wp-content\/uploads\/2025\/08\/img-20250803-wa00332529496151169509433.jpg 1440w\" sizes=\"(max-width: 1024px) 100vw, 1024px\" \/><\/figure>\n\n\n\n<figure class=\"wp-block-image\"><img loading=\"lazy\" decoding=\"async\" width=\"1024\" height=\"681\" src=\"https:\/\/contextoanalisisperiodistico.com\/wp-content\/uploads\/2025\/08\/img-20250803-wa00301147457060940367646-1024x681.jpg\" alt=\"\" class=\"wp-image-44389\" srcset=\"https:\/\/contextoanalisisperiodistico.com\/wp-content\/uploads\/2025\/08\/img-20250803-wa00301147457060940367646-1024x681.jpg 1024w, https:\/\/contextoanalisisperiodistico.com\/wp-content\/uploads\/2025\/08\/img-20250803-wa00301147457060940367646-300x200.jpg 300w, https:\/\/contextoanalisisperiodistico.com\/wp-content\/uploads\/2025\/08\/img-20250803-wa00301147457060940367646-768x511.jpg 768w, https:\/\/contextoanalisisperiodistico.com\/wp-content\/uploads\/2025\/08\/img-20250803-wa00301147457060940367646.jpg 1440w\" sizes=\"(max-width: 1024px) 100vw, 1024px\" \/><\/figure>\n\n\n\n<p>Oaxaca de Ju\u00e1rez, Oax., 3 de agosto de 2025 El Jard\u00edn El Pa\u00f1uelito contin\u00faa consolid\u00e1ndose como un espacio vivo de cultura y encuentro para Oaxaca de Ju\u00e1rez. Este s\u00e1bado, el presidente municipal Ray Chagoya, acompa\u00f1ado de su esposa Gaby Garc\u00eda, comparti\u00f3 con vecinas, vecinos y visitantes una tarde llena de m\u00fasica, alegr\u00eda y tradici\u00f3n, como parte del programa El Pa\u00f1uelito: Jard\u00edn de Cultura y Tradici\u00f3n.<\/p>\n\n\n\n<p>La Tuna Universitaria de la UABJO celebr\u00f3 60 a\u00f1os de trayectoria con una emotiva presentaci\u00f3n que llen\u00f3 de romanticismo y nostalgia el coraz\u00f3n del Centro Hist\u00f3rico. El ambiente familiar y festivo permiti\u00f3 a todas y todos disfrutar de este espacio rescatado para el disfrute cultural.<\/p>\n\n\n\n<p>El presidente Ray Chagoya invit\u00f3 a seguir participando en las actividades que la Secretar\u00eda de Cultura, Educaci\u00f3n y Fomento a la Lectura, en coordinaci\u00f3n con el Instituto Municipal de las Lenguas Ind\u00edgenas, ha preparado para la ciudadan\u00eda.<\/p>\n\n\n\n<p>Este domingo 3 de agosto, contin\u00faan las presentaciones en El Pa\u00f1uelito:<br \/>\u2022 18:00 horas: Ival\u00fa Garc\u00eda y Tony Rodr\u00edguez presentan Por un canto mejor, un recital lleno de identidad y ra\u00edces.<br \/>\u2022 18:30 horas: Rondalla Sentimientos de Oaxaca, con un repertorio que celebra la m\u00fasica tradicional oaxaque\u00f1a.<\/p>\n\n\n\n<p>Las actividades culminar\u00e1n este lunes 4 de agosto a las 17:30 horas con la presentaci\u00f3n del Ballet Folkl\u00f3rico Yeye-Ta JIAPSI, de Quila, Culiac\u00e1n, Sinaloa, que dar\u00e1 cierre a una exitosa jornada de cultura y tradici\u00f3n en uno de los espacios m\u00e1s emblem\u00e1ticos de la ciudad.<\/p>\n","protected":false},"excerpt":{"rendered":"<p>Oaxaca de Ju\u00e1rez, Oax., 3 de agosto de 2025 El Jard\u00edn El Pa\u00f1uelito contin\u00faa consolid\u00e1ndose&#8230;<\/p>\n","protected":false},"author":4,"featured_media":44382,"comment_status":"","ping_status":"open","sticky":false,"template":"","format":"standard","meta":{"footnotes":""},"categories":[3],"tags":[178,235,234,45],"jetpack_sharing_enabled":true,"featured_image_urls":{"full":["https:\/\/contextoanalisisperiodistico.com\/wp-content\/uploads\/2025\/08\/IMG-20250803-WA0028.jpg",1440,958,false],"thumbnail":["https:\/\/contextoanalisisperiodistico.com\/wp-content\/uploads\/2025\/08\/IMG-20250803-WA0028-150x150.jpg",150,150,true],"medium":["https:\/\/contextoanalisisperiodistico.com\/wp-content\/uploads\/2025\/08\/IMG-20250803-WA0028-300x200.jpg",300,200,true],"medium_large":["https:\/\/contextoanalisisperiodistico.com\/wp-content\/uploads\/2025\/08\/IMG-20250803-WA0028-768x511.jpg",640,426,true],"large":["https:\/\/contextoanalisisperiodistico.com\/wp-content\/uploads\/2025\/08\/IMG-20250803-WA0028-1024x681.jpg",640,426,true],"1536x1536":["https:\/\/contextoanalisisperiodistico.com\/wp-content\/uploads\/2025\/08\/IMG-20250803-WA0028.jpg",1440,958,false],"2048x2048":["https:\/\/contextoanalisisperiodistico.com\/wp-content\/uploads\/2025\/08\/IMG-20250803-WA0028.jpg",1440,958,false],"covernews-slider-full":["https:\/\/contextoanalisisperiodistico.com\/wp-content\/uploads\/2025\/08\/IMG-20250803-WA0028-1115x715.jpg",1115,715,true],"covernews-slider-center":["https:\/\/contextoanalisisperiodistico.com\/wp-content\/uploads\/2025\/08\/IMG-20250803-WA0028-800x500.jpg",800,500,true],"covernews-featured":["https:\/\/contextoanalisisperiodistico.com\/wp-content\/uploads\/2025\/08\/IMG-20250803-WA0028-1024x681.jpg",1024,681,true],"covernews-medium":["https:\/\/contextoanalisisperiodistico.com\/wp-content\/uploads\/2025\/08\/IMG-20250803-WA0028-540x340.jpg",540,340,true],"covernews-medium-square":["https:\/\/contextoanalisisperiodistico.com\/wp-content\/uploads\/2025\/08\/IMG-20250803-WA0028-400x250.jpg",400,250,true]},"author_info":{"display_name":"Mario Gir\u00f3n","author_link":"https:\/\/contextoanalisisperiodistico.com\/index.php\/author\/director\/"},"category_info":"<a href=\"https:\/\/contextoanalisisperiodistico.com\/index.php\/category\/ciudad\/\" rel=\"category tag\">Ciudad<\/a>","tag_info":"Ciudad","comment_count":"0","jetpack_featured_media_url":"https:\/\/contextoanalisisperiodistico.com\/wp-content\/uploads\/2025\/08\/IMG-20250803-WA0028.jpg","_links":{"self":[{"href":"https:\/\/contextoanalisisperiodistico.com\/index.php\/wp-json\/wp\/v2\/posts\/44390"}],"collection":[{"href":"https:\/\/contextoanalisisperiodistico.com\/index.php\/wp-json\/wp\/v2\/posts"}],"about":[{"href":"https:\/\/contextoanalisisperiodistico.com\/index.php\/wp-json\/wp\/v2\/types\/post"}],"author":[{"embeddable":true,"href":"https:\/\/contextoanalisisperiodistico.com\/index.php\/wp-json\/wp\/v2\/users\/4"}],"replies":[{"embeddable":true,"href":"https:\/\/contextoanalisisperiodistico.com\/index.php\/wp-json\/wp\/v2\/comments?post=44390"}],"version-history":[{"count":0,"href":"https:\/\/contextoanalisisperiodistico.com\/index.php\/wp-json\/wp\/v2\/posts\/44390\/revisions"}],"wp:featuredmedia":[{"embeddable":true,"href":"https:\/\/contextoanalisisperiodistico.com\/index.php\/wp-json\/wp\/v2\/media\/44382"}],"wp:attachment":[{"href":"https:\/\/contextoanalisisperiodistico.com\/index.php\/wp-json\/wp\/v2\/media?parent=44390"}],"wp:term":[{"taxonomy":"category","embeddable":true,"href":"https:\/\/contextoanalisisperiodistico.com\/index.php\/wp-json\/wp\/v2\/categories?post=44390"},{"taxonomy":"post_tag","embeddable":true,"href":"https:\/\/contextoanalisisperiodistico.com\/index.php\/wp-json\/wp\/v2\/tags?post=44390"}],"curies":[{"name":"wp","href":"https:\/\/api.w.org\/{rel}","templated":true}]}}