{"id":44258,"date":"2025-07-29T12:52:13","date_gmt":"2025-07-29T18:52:13","guid":{"rendered":"https:\/\/contextoanalisisperiodistico.com\/index.php\/2025\/07\/29\/rehabilita-ceabien-tuberia-sanitaria-del-hospital-general-doctor-aurelio-valdivieso-imss-bienestar\/"},"modified":"2025-07-29T12:55:06","modified_gmt":"2025-07-29T18:55:06","slug":"rehabilita-ceabien-tuberia-sanitaria-del-hospital-general-doctor-aurelio-valdivieso-imss-bienestar","status":"publish","type":"post","link":"https:\/\/contextoanalisisperiodistico.com\/index.php\/2025\/07\/29\/rehabilita-ceabien-tuberia-sanitaria-del-hospital-general-doctor-aurelio-valdivieso-imss-bienestar\/","title":{"rendered":"Rehabilita Ceabien tuber\u00eda sanitaria del Hospital General Aurelio Valdivieso IMSS-Bienestar"},"content":{"rendered":"<div id=\"fb-root\"><\/div>\n\n<p>\u2022 Por indicaciones del Gobernador Salom\u00f3n Jara Cruz, se realiz\u00f3 limpieza y sellado de la infraestructura da\u00f1ada, la cual tiene m\u00e1s de 10 a\u00f1os en servicio<\/p>\n\n\n\n<p>Oaxaca de Ju\u00e1rez, Oax. 29 de julio de 2025.- La Comisi\u00f3n Estatal del Agua para el Bienestar (Ceabien) atendi\u00f3 de manera inmediata, por indicaciones del Gobernador Salom\u00f3n Jara Cruz, las tuber\u00edas del Hospital General Doctor Aurelio Valdivieso IMSS-Bienestar tras las afectaciones en el \u00e1rea de urgencias m\u00e9dicas.<\/p>\n\n\n\n<p>\u00abSe atendi\u00f3 la situaci\u00f3n, realizando limpieza y sellando la tuber\u00eda afectada. Dado que tiene m\u00e1s de 10 a\u00f1os, se reemplazar\u00e1 por nueva tuber\u00eda de PVC y coples reforzados, adem\u00e1s de los plafones\u00bb, dijo el titular de la dependencia estatal, Neftal\u00ed L\u00f3pez Hern\u00e1ndez.<\/p>\n\n\n\n<p>El funcionario expres\u00f3 que el equipo t\u00e9cnico de la Ceabien coordinar\u00e1 con autoridades sanitarias los trabajos de rehabilitaci\u00f3n de este nosocomio, entre ellos, inspecci\u00f3n t\u00e9cnica para evaluar posibles riesgos estructurales en otras \u00e1reas del sistema hidr\u00e1ulico del hospital como medida preventiva.<\/p>\n\n\n\n<p>Cabe mencionar que la dependencia estatal atiende las necesidades de la poblaci\u00f3n en los rubros de agua potable, alcantarillado y saneamiento, e implementa acciones para brindar servicios m\u00e1s dignos y seguros a la ciudadan\u00eda oaxaque\u00f1a.<\/p>\n\n\n\n<p>Asimismo, trabaja en coordinaci\u00f3n con los tres niveles de gobierno e impulsa proyectos de captaci\u00f3n pluvial y mantenimiento integral de redes hidr\u00e1ulicas en comunidades urbanas, rurales y de alta marginaci\u00f3n en las ocho regiones de la entidad.<\/p>\n\n\n\n<p>Estas acciones garantizan el derecho humano al agua y saneamiento para priorizar la salud p\u00fablica, infraestructura funcional y el desarrollo con justicia social.<\/p>\n\n\n\n<p>-0-<\/p>\n","protected":false},"excerpt":{"rendered":"<p>\u2022 Por indicaciones del Gobernador Salom\u00f3n Jara Cruz, se realiz\u00f3 limpieza y sellado de la&#8230;<\/p>\n","protected":false},"author":4,"featured_media":44257,"comment_status":"closed","ping_status":"open","sticky":false,"template":"","format":"standard","meta":{"footnotes":""},"categories":[92],"tags":[],"jetpack_sharing_enabled":true,"featured_image_urls":{"full":["https:\/\/contextoanalisisperiodistico.com\/wp-content\/uploads\/2025\/07\/IMG-20250729-WA0070.jpg",1280,853,false],"thumbnail":["https:\/\/contextoanalisisperiodistico.com\/wp-content\/uploads\/2025\/07\/IMG-20250729-WA0070-150x150.jpg",150,150,true],"medium":["https:\/\/contextoanalisisperiodistico.com\/wp-content\/uploads\/2025\/07\/IMG-20250729-WA0070-300x200.jpg",300,200,true],"medium_large":["https:\/\/contextoanalisisperiodistico.com\/wp-content\/uploads\/2025\/07\/IMG-20250729-WA0070-768x512.jpg",640,427,true],"large":["https:\/\/contextoanalisisperiodistico.com\/wp-content\/uploads\/2025\/07\/IMG-20250729-WA0070-1024x682.jpg",640,426,true],"1536x1536":["https:\/\/contextoanalisisperiodistico.com\/wp-content\/uploads\/2025\/07\/IMG-20250729-WA0070.jpg",1280,853,false],"2048x2048":["https:\/\/contextoanalisisperiodistico.com\/wp-content\/uploads\/2025\/07\/IMG-20250729-WA0070.jpg",1280,853,false],"covernews-slider-full":["https:\/\/contextoanalisisperiodistico.com\/wp-content\/uploads\/2025\/07\/IMG-20250729-WA0070-1115x715.jpg",1115,715,true],"covernews-slider-center":["https:\/\/contextoanalisisperiodistico.com\/wp-content\/uploads\/2025\/07\/IMG-20250729-WA0070-800x500.jpg",800,500,true],"covernews-featured":["https:\/\/contextoanalisisperiodistico.com\/wp-content\/uploads\/2025\/07\/IMG-20250729-WA0070-1024x682.jpg",1024,682,true],"covernews-medium":["https:\/\/contextoanalisisperiodistico.com\/wp-content\/uploads\/2025\/07\/IMG-20250729-WA0070-540x340.jpg",540,340,true],"covernews-medium-square":["https:\/\/contextoanalisisperiodistico.com\/wp-content\/uploads\/2025\/07\/IMG-20250729-WA0070-400x250.jpg",400,250,true]},"author_info":{"display_name":"Mario Gir\u00f3n","author_link":"https:\/\/contextoanalisisperiodistico.com\/index.php\/author\/director\/"},"category_info":"<a href=\"https:\/\/contextoanalisisperiodistico.com\/index.php\/category\/salud\/\" rel=\"category tag\">Salud<\/a>","tag_info":"Salud","comment_count":"0","jetpack_featured_media_url":"https:\/\/contextoanalisisperiodistico.com\/wp-content\/uploads\/2025\/07\/IMG-20250729-WA0070.jpg","_links":{"self":[{"href":"https:\/\/contextoanalisisperiodistico.com\/index.php\/wp-json\/wp\/v2\/posts\/44258"}],"collection":[{"href":"https:\/\/contextoanalisisperiodistico.com\/index.php\/wp-json\/wp\/v2\/posts"}],"about":[{"href":"https:\/\/contextoanalisisperiodistico.com\/index.php\/wp-json\/wp\/v2\/types\/post"}],"author":[{"embeddable":true,"href":"https:\/\/contextoanalisisperiodistico.com\/index.php\/wp-json\/wp\/v2\/users\/4"}],"replies":[{"embeddable":true,"href":"https:\/\/contextoanalisisperiodistico.com\/index.php\/wp-json\/wp\/v2\/comments?post=44258"}],"version-history":[{"count":1,"href":"https:\/\/contextoanalisisperiodistico.com\/index.php\/wp-json\/wp\/v2\/posts\/44258\/revisions"}],"predecessor-version":[{"id":44259,"href":"https:\/\/contextoanalisisperiodistico.com\/index.php\/wp-json\/wp\/v2\/posts\/44258\/revisions\/44259"}],"wp:featuredmedia":[{"embeddable":true,"href":"https:\/\/contextoanalisisperiodistico.com\/index.php\/wp-json\/wp\/v2\/media\/44257"}],"wp:attachment":[{"href":"https:\/\/contextoanalisisperiodistico.com\/index.php\/wp-json\/wp\/v2\/media?parent=44258"}],"wp:term":[{"taxonomy":"category","embeddable":true,"href":"https:\/\/contextoanalisisperiodistico.com\/index.php\/wp-json\/wp\/v2\/categories?post=44258"},{"taxonomy":"post_tag","embeddable":true,"href":"https:\/\/contextoanalisisperiodistico.com\/index.php\/wp-json\/wp\/v2\/tags?post=44258"}],"curies":[{"name":"wp","href":"https:\/\/api.w.org\/{rel}","templated":true}]}}