{"id":44146,"date":"2025-07-26T17:32:26","date_gmt":"2025-07-26T23:32:26","guid":{"rendered":"https:\/\/contextoanalisisperiodistico.com\/index.php\/2025\/07\/26\/llama-sego-a-santiago-minas-y-san-lorenzo-texmelucan-a-privilegiar-el-dialogo-para-resolver-conflicto-por-tierras\/"},"modified":"2025-07-26T17:32:26","modified_gmt":"2025-07-26T23:32:26","slug":"llama-sego-a-santiago-minas-y-san-lorenzo-texmelucan-a-privilegiar-el-dialogo-para-resolver-conflicto-por-tierras","status":"publish","type":"post","link":"https:\/\/contextoanalisisperiodistico.com\/index.php\/2025\/07\/26\/llama-sego-a-santiago-minas-y-san-lorenzo-texmelucan-a-privilegiar-el-dialogo-para-resolver-conflicto-por-tierras\/","title":{"rendered":"Llama Sego a Santiago Minas y San Lorenzo Texmelucan a privilegiar el di\u00e1logo para resolver conflicto por tierras"},"content":{"rendered":"<div id=\"fb-root\"><\/div>\n\n<ul class=\"wp-block-list\">\n<li>Ha sostenido comunicaci\u00f3n constante con ambas comunidades a trav\u00e9s de mesas de trabajo interinstitucionales, privilegiando en todo momento la b\u00fasqueda de soluciones pac\u00edficas que fortalezcan la paz territorial<\/li>\n<\/ul>\n\n\n\n<figure class=\"wp-block-image size-large\"><img fetchpriority=\"high\" decoding=\"async\" width=\"1024\" height=\"768\" src=\"https:\/\/contextoanalisisperiodistico.com\/wp-content\/uploads\/2025\/07\/img-20250726-wa00599082702134633451291-1024x768.jpg\" alt=\"\" class=\"wp-image-44145\" srcset=\"https:\/\/contextoanalisisperiodistico.com\/wp-content\/uploads\/2025\/07\/img-20250726-wa00599082702134633451291-1024x768.jpg 1024w, https:\/\/contextoanalisisperiodistico.com\/wp-content\/uploads\/2025\/07\/img-20250726-wa00599082702134633451291-300x225.jpg 300w, https:\/\/contextoanalisisperiodistico.com\/wp-content\/uploads\/2025\/07\/img-20250726-wa00599082702134633451291-768x576.jpg 768w, https:\/\/contextoanalisisperiodistico.com\/wp-content\/uploads\/2025\/07\/img-20250726-wa00599082702134633451291-1536x1152.jpg 1536w, https:\/\/contextoanalisisperiodistico.com\/wp-content\/uploads\/2025\/07\/img-20250726-wa00599082702134633451291.jpg 1600w\" sizes=\"(max-width: 1024px) 100vw, 1024px\" \/><\/figure>\n\n\n\n<figure class=\"wp-block-image\"><img decoding=\"async\" width=\"1024\" height=\"768\" src=\"https:\/\/contextoanalisisperiodistico.com\/wp-content\/uploads\/2025\/07\/img-20250726-wa0060730465812211879764-1024x768.jpg\" alt=\"\" class=\"wp-image-44144\" srcset=\"https:\/\/contextoanalisisperiodistico.com\/wp-content\/uploads\/2025\/07\/img-20250726-wa0060730465812211879764-1024x768.jpg 1024w, https:\/\/contextoanalisisperiodistico.com\/wp-content\/uploads\/2025\/07\/img-20250726-wa0060730465812211879764-300x225.jpg 300w, https:\/\/contextoanalisisperiodistico.com\/wp-content\/uploads\/2025\/07\/img-20250726-wa0060730465812211879764-768x576.jpg 768w, https:\/\/contextoanalisisperiodistico.com\/wp-content\/uploads\/2025\/07\/img-20250726-wa0060730465812211879764-1536x1152.jpg 1536w, https:\/\/contextoanalisisperiodistico.com\/wp-content\/uploads\/2025\/07\/img-20250726-wa0060730465812211879764.jpg 1600w\" sizes=\"(max-width: 1024px) 100vw, 1024px\" \/><\/figure>\n\n\n\n<p>Oaxaca de Ju\u00e1rez, Oax., 26 de julio de 2025.- Con relaci\u00f3n al conflicto por la tenencia de tierras entre Santiago Minas y San Lorenzo Texmelucan, la Secretar\u00eda de Gobierno (Sego) informa que, desde el mes de junio del actual, ha llevado a cabo diversas mesas de di\u00e1logo con el prop\u00f3sito de preservar la paz y prevenir enfrentamientos.<\/p>\n\n\n\n<p>En estos encuentros han participado autoridades agrarias, municipales, as\u00ed como dependencias estatales y federales como: la Junta de Conciliaci\u00f3n Agraria (JCA), Fiscal\u00eda General del Estado de Oaxaca (FGEO), Secretar\u00eda de Seguridad y Protecci\u00f3n Ciudadana (SSPC), Procuradur\u00eda Agraria (PA), entre otras.<\/p>\n\n\n\n<p>La Sego exhorta a ambas comunidades a mantener la calma, evitar provocaciones y privilegiar los cauces institucionales. Asimismo, hace un llamado respetuoso a las y los habitantes de San Lorenzo Texmelucan para que se retiren del \u00e1rea en disputa, toda vez que no existe reconocimiento legal sobre su posesi\u00f3n.<\/p>\n\n\n\n<p>Subraya que cualquier pretensi\u00f3n agraria deber\u00e1 presentarse y resolverse exclusivamente ante las instancias competentes conforme a la ley.<\/p>\n\n\n\n<p>La dependencia reitera su firme compromiso de actuar como interlocutor entre las partes, con el objetivo de evitar la escalada del conflicto y construir una ruta de soluci\u00f3n que garantice la paz, el respeto a la legalidad y gobernabilidad en la regi\u00f3n.<\/p>\n\n\n\n<p>Finalmente, precisa que se tomar\u00e1n las medidas necesarias para proteger la integridad de las y los pobladores de la localidad de Tobal\u00e1, perteneciente a Santiago Minas, quienes habitan en la periferia del pol\u00edgono en disputa, ya que no se tolerar\u00e1 la violaci\u00f3n a la ley ni ning\u00fan acto de violencia; de presentarse, se actuar\u00e1 conforme a derecho.<\/p>\n\n\n\n<p>-0-<\/p>\n","protected":false},"excerpt":{"rendered":"<p>Oaxaca de Ju\u00e1rez, Oax., 26 de julio de 2025.- Con relaci\u00f3n al conflicto por la&#8230;<\/p>\n","protected":false},"author":4,"featured_media":44143,"comment_status":"","ping_status":"open","sticky":false,"template":"","format":"standard","meta":{"footnotes":""},"categories":[9],"tags":[261],"jetpack_sharing_enabled":true,"featured_image_urls":{"full":["https:\/\/contextoanalisisperiodistico.com\/wp-content\/uploads\/2025\/07\/IMG-20250726-WA0061.jpg",1600,1200,false],"thumbnail":["https:\/\/contextoanalisisperiodistico.com\/wp-content\/uploads\/2025\/07\/IMG-20250726-WA0061-150x150.jpg",150,150,true],"medium":["https:\/\/contextoanalisisperiodistico.com\/wp-content\/uploads\/2025\/07\/IMG-20250726-WA0061-300x225.jpg",300,225,true],"medium_large":["https:\/\/contextoanalisisperiodistico.com\/wp-content\/uploads\/2025\/07\/IMG-20250726-WA0061-768x576.jpg",640,480,true],"large":["https:\/\/contextoanalisisperiodistico.com\/wp-content\/uploads\/2025\/07\/IMG-20250726-WA0061-1024x768.jpg",640,480,true],"1536x1536":["https:\/\/contextoanalisisperiodistico.com\/wp-content\/uploads\/2025\/07\/IMG-20250726-WA0061-1536x1152.jpg",1536,1152,true],"2048x2048":["https:\/\/contextoanalisisperiodistico.com\/wp-content\/uploads\/2025\/07\/IMG-20250726-WA0061.jpg",1600,1200,false],"covernews-slider-full":["https:\/\/contextoanalisisperiodistico.com\/wp-content\/uploads\/2025\/07\/IMG-20250726-WA0061-1115x715.jpg",1115,715,true],"covernews-slider-center":["https:\/\/contextoanalisisperiodistico.com\/wp-content\/uploads\/2025\/07\/IMG-20250726-WA0061-800x500.jpg",800,500,true],"covernews-featured":["https:\/\/contextoanalisisperiodistico.com\/wp-content\/uploads\/2025\/07\/IMG-20250726-WA0061-1024x768.jpg",1024,768,true],"covernews-medium":["https:\/\/contextoanalisisperiodistico.com\/wp-content\/uploads\/2025\/07\/IMG-20250726-WA0061-540x340.jpg",540,340,true],"covernews-medium-square":["https:\/\/contextoanalisisperiodistico.com\/wp-content\/uploads\/2025\/07\/IMG-20250726-WA0061-400x250.jpg",400,250,true]},"author_info":{"display_name":"Mario Gir\u00f3n","author_link":"https:\/\/contextoanalisisperiodistico.com\/index.php\/author\/director\/"},"category_info":"<a href=\"https:\/\/contextoanalisisperiodistico.com\/index.php\/category\/politica\/\" rel=\"category tag\">Pol\u00edtica<\/a>","tag_info":"Pol\u00edtica","comment_count":"0","jetpack_featured_media_url":"https:\/\/contextoanalisisperiodistico.com\/wp-content\/uploads\/2025\/07\/IMG-20250726-WA0061.jpg","_links":{"self":[{"href":"https:\/\/contextoanalisisperiodistico.com\/index.php\/wp-json\/wp\/v2\/posts\/44146"}],"collection":[{"href":"https:\/\/contextoanalisisperiodistico.com\/index.php\/wp-json\/wp\/v2\/posts"}],"about":[{"href":"https:\/\/contextoanalisisperiodistico.com\/index.php\/wp-json\/wp\/v2\/types\/post"}],"author":[{"embeddable":true,"href":"https:\/\/contextoanalisisperiodistico.com\/index.php\/wp-json\/wp\/v2\/users\/4"}],"replies":[{"embeddable":true,"href":"https:\/\/contextoanalisisperiodistico.com\/index.php\/wp-json\/wp\/v2\/comments?post=44146"}],"version-history":[{"count":0,"href":"https:\/\/contextoanalisisperiodistico.com\/index.php\/wp-json\/wp\/v2\/posts\/44146\/revisions"}],"wp:featuredmedia":[{"embeddable":true,"href":"https:\/\/contextoanalisisperiodistico.com\/index.php\/wp-json\/wp\/v2\/media\/44143"}],"wp:attachment":[{"href":"https:\/\/contextoanalisisperiodistico.com\/index.php\/wp-json\/wp\/v2\/media?parent=44146"}],"wp:term":[{"taxonomy":"category","embeddable":true,"href":"https:\/\/contextoanalisisperiodistico.com\/index.php\/wp-json\/wp\/v2\/categories?post=44146"},{"taxonomy":"post_tag","embeddable":true,"href":"https:\/\/contextoanalisisperiodistico.com\/index.php\/wp-json\/wp\/v2\/tags?post=44146"}],"curies":[{"name":"wp","href":"https:\/\/api.w.org\/{rel}","templated":true}]}}