{"id":44122,"date":"2025-07-25T15:08:51","date_gmt":"2025-07-25T21:08:51","guid":{"rendered":"https:\/\/contextoanalisisperiodistico.com\/index.php\/2025\/07\/25\/lleva-salomon-jara-bienestar-a-san-pablo-cuatro-venados-con-infraestructura-carretera\/"},"modified":"2025-07-25T15:08:51","modified_gmt":"2025-07-25T21:08:51","slug":"lleva-salomon-jara-bienestar-a-san-pablo-cuatro-venados-con-infraestructura-carretera","status":"publish","type":"post","link":"https:\/\/contextoanalisisperiodistico.com\/index.php\/2025\/07\/25\/lleva-salomon-jara-bienestar-a-san-pablo-cuatro-venados-con-infraestructura-carretera\/","title":{"rendered":"Lleva Salom\u00f3n Jara bienestar a San Pablo Cuatro Venados con infraestructura carretera"},"content":{"rendered":"<div id=\"fb-root\"><\/div>\n\n<p>\u2022 De visita a esta comunidad que es una de las m\u00e1s pobres del estado y el pa\u00eds, el Gobernador de Oaxaca autoriz\u00f3 la construcci\u00f3n de 40 ba\u00f1os con biodigestor<\/p>\n\n\n\n<figure class=\"wp-block-image size-large\"><img fetchpriority=\"high\" decoding=\"async\" width=\"1024\" height=\"682\" src=\"https:\/\/contextoanalisisperiodistico.com\/wp-content\/uploads\/2025\/07\/img-20250725-wa01123255322596041177892-1024x682.jpg\" alt=\"\" class=\"wp-image-44119\" srcset=\"https:\/\/contextoanalisisperiodistico.com\/wp-content\/uploads\/2025\/07\/img-20250725-wa01123255322596041177892-1024x682.jpg 1024w, https:\/\/contextoanalisisperiodistico.com\/wp-content\/uploads\/2025\/07\/img-20250725-wa01123255322596041177892-300x200.jpg 300w, https:\/\/contextoanalisisperiodistico.com\/wp-content\/uploads\/2025\/07\/img-20250725-wa01123255322596041177892-768x512.jpg 768w, https:\/\/contextoanalisisperiodistico.com\/wp-content\/uploads\/2025\/07\/img-20250725-wa01123255322596041177892.jpg 1280w\" sizes=\"(max-width: 1024px) 100vw, 1024px\" \/><\/figure>\n\n\n\n<figure class=\"wp-block-image\"><img decoding=\"async\" width=\"1024\" height=\"682\" src=\"https:\/\/contextoanalisisperiodistico.com\/wp-content\/uploads\/2025\/07\/img-20250725-wa01143351003600189242592-1024x682.jpg\" alt=\"\" class=\"wp-image-44121\" srcset=\"https:\/\/contextoanalisisperiodistico.com\/wp-content\/uploads\/2025\/07\/img-20250725-wa01143351003600189242592-1024x682.jpg 1024w, https:\/\/contextoanalisisperiodistico.com\/wp-content\/uploads\/2025\/07\/img-20250725-wa01143351003600189242592-300x200.jpg 300w, https:\/\/contextoanalisisperiodistico.com\/wp-content\/uploads\/2025\/07\/img-20250725-wa01143351003600189242592-768x512.jpg 768w, https:\/\/contextoanalisisperiodistico.com\/wp-content\/uploads\/2025\/07\/img-20250725-wa01143351003600189242592.jpg 1280w\" sizes=\"(max-width: 1024px) 100vw, 1024px\" \/><\/figure>\n\n\n\n<figure class=\"wp-block-image\"><img decoding=\"async\" width=\"1024\" height=\"682\" src=\"https:\/\/contextoanalisisperiodistico.com\/wp-content\/uploads\/2025\/07\/img-20250725-wa01151335510872599852700-1024x682.jpg\" alt=\"\" class=\"wp-image-44120\" srcset=\"https:\/\/contextoanalisisperiodistico.com\/wp-content\/uploads\/2025\/07\/img-20250725-wa01151335510872599852700-1024x682.jpg 1024w, https:\/\/contextoanalisisperiodistico.com\/wp-content\/uploads\/2025\/07\/img-20250725-wa01151335510872599852700-300x200.jpg 300w, https:\/\/contextoanalisisperiodistico.com\/wp-content\/uploads\/2025\/07\/img-20250725-wa01151335510872599852700-768x512.jpg 768w, https:\/\/contextoanalisisperiodistico.com\/wp-content\/uploads\/2025\/07\/img-20250725-wa01151335510872599852700.jpg 1280w\" sizes=\"(max-width: 1024px) 100vw, 1024px\" \/><\/figure>\n\n\n\n<p>San Pablo Cuatro Venados, Oax., 25 de julio de 2025. \u2013 En este municipio de la regi\u00f3n de los Valles Centrales que ocupa el lugar n\u00famero 10 en pobreza a nivel estatal y el 18 nacional; el Gobernador Salom\u00f3n Jara Cruz dar\u00e1 continuidad a la construcci\u00f3n de mejores caminos.<\/p>\n\n\n\n<p>En su segunda visita a San Pablo Cuatro Venados, inform\u00f3 que se realizar\u00e1 la pavimentaci\u00f3n de la segunda etapa de la carretera de Llano del Toro a La Never\u00eda, una v\u00eda clave para la conectividad de las comunidades y que transformar\u00e1 sus condiciones de vida.<\/p>\n\n\n\n<p>\u201cMe da gusto volver aqu\u00ed a la comunidad, venir a saludarlos. Venimos aqu\u00ed porque ofrecimos ser un gobierno de territorio, no de escritorio, un gobierno cercano al pueblo\u201d, expres\u00f3 el Mandatario estatal.<\/p>\n\n\n\n<p>Como parte de la estrategia estatal Atenci\u00f3n a Municipios Territorios Bienestar, la Primavera Oaxaque\u00f1a anunci\u00f3 diversos apoyos para San Pablo Cuatro Venados:<\/p>\n\n\n\n<p>\u2022 Con la tarjeta Margarita Maza 31 jefas de familia en condici\u00f3n de pobreza extrema, reciben un apoyo econ\u00f3mico de manera bimestral.<\/p>\n\n\n\n<p>\u2022 El Sistema DIF Oaxaca continuar\u00e1 beneficiando a 424 familias de las agencias El Esponjado, El Magueyal, El Zacat\u00f3n, La Never\u00eda, Llano Manteca, R\u00edo Jalapilla, R\u00edo Minas, San Crist\u00f3bal y la cabecera municipal, mediante los programas Guisos de mi Pueblo e Itacate de mi Coraz\u00f3n.<\/p>\n\n\n\n<p>\u2022 El Centro de Salud de esta localidad fue beneficiado en 2024 con un apoyo econ\u00f3mico a trav\u00e9s de la tarjeta La Cl\u00ednica es Nuestra que les permiti\u00f3 construir una nueva unidad m\u00e9dica, adquirir insumos m\u00e9dicos y equipamiento. Este a\u00f1o, ser\u00e1n apoyados con un monto similar.<\/p>\n\n\n\n<p>\u2022 Por su parte la Secretar\u00eda de Fomento Agroalimentario y Desarrollo Rural (Sefader) dar\u00e1 continuidad a la entrega de paquetes de gallinas para autoconsumo y fortalecer\u00e1 el proyecto de producci\u00f3n de trucha iniciado en 2023.<\/p>\n\n\n\n<p>\u2022 El Gobierno del Estado construir\u00e1 40 ba\u00f1os con biodigestor, en beneficio de las familias m\u00e1s necesitadas.<\/p>\n\n\n\n<p>\u2022 En el sector educativo, las ocho escuelas de nivel b\u00e1sico recibir\u00e1n computadoras, impresoras, proyectores, mobiliario, material de aseo, deportivo y de oficina.<\/p>\n\n\n\n<p>\u2022 Se construir\u00e1 un techado en la Primaria \u201cEl Progreso Ind\u00edgena\u201d as\u00ed como sanitarios en el Instituto de estudios de Bachillerato del estado de Oaxaca (IEBO) plantel 184.<\/p>\n\n\n\n<p>-0-<\/p>\n","protected":false},"excerpt":{"rendered":"<p>\u2022 De visita a esta comunidad que es una de las m\u00e1s pobres del estado&#8230;<\/p>\n","protected":false},"author":4,"featured_media":44118,"comment_status":"","ping_status":"open","sticky":false,"template":"","format":"standard","meta":{"footnotes":""},"categories":[9],"tags":[134,261],"jetpack_sharing_enabled":true,"featured_image_urls":{"full":["https:\/\/contextoanalisisperiodistico.com\/wp-content\/uploads\/2025\/07\/IMG-20250725-WA0113.jpg",1280,853,false],"thumbnail":["https:\/\/contextoanalisisperiodistico.com\/wp-content\/uploads\/2025\/07\/IMG-20250725-WA0113-150x150.jpg",150,150,true],"medium":["https:\/\/contextoanalisisperiodistico.com\/wp-content\/uploads\/2025\/07\/IMG-20250725-WA0113-300x200.jpg",300,200,true],"medium_large":["https:\/\/contextoanalisisperiodistico.com\/wp-content\/uploads\/2025\/07\/IMG-20250725-WA0113-768x512.jpg",640,427,true],"large":["https:\/\/contextoanalisisperiodistico.com\/wp-content\/uploads\/2025\/07\/IMG-20250725-WA0113-1024x682.jpg",640,426,true],"1536x1536":["https:\/\/contextoanalisisperiodistico.com\/wp-content\/uploads\/2025\/07\/IMG-20250725-WA0113.jpg",1280,853,false],"2048x2048":["https:\/\/contextoanalisisperiodistico.com\/wp-content\/uploads\/2025\/07\/IMG-20250725-WA0113.jpg",1280,853,false],"covernews-slider-full":["https:\/\/contextoanalisisperiodistico.com\/wp-content\/uploads\/2025\/07\/IMG-20250725-WA0113-1115x715.jpg",1115,715,true],"covernews-slider-center":["https:\/\/contextoanalisisperiodistico.com\/wp-content\/uploads\/2025\/07\/IMG-20250725-WA0113-800x500.jpg",800,500,true],"covernews-featured":["https:\/\/contextoanalisisperiodistico.com\/wp-content\/uploads\/2025\/07\/IMG-20250725-WA0113-1024x682.jpg",1024,682,true],"covernews-medium":["https:\/\/contextoanalisisperiodistico.com\/wp-content\/uploads\/2025\/07\/IMG-20250725-WA0113-540x340.jpg",540,340,true],"covernews-medium-square":["https:\/\/contextoanalisisperiodistico.com\/wp-content\/uploads\/2025\/07\/IMG-20250725-WA0113-400x250.jpg",400,250,true]},"author_info":{"display_name":"Mario Gir\u00f3n","author_link":"https:\/\/contextoanalisisperiodistico.com\/index.php\/author\/director\/"},"category_info":"<a href=\"https:\/\/contextoanalisisperiodistico.com\/index.php\/category\/politica\/\" rel=\"category tag\">Pol\u00edtica<\/a>","tag_info":"Pol\u00edtica","comment_count":"0","jetpack_featured_media_url":"https:\/\/contextoanalisisperiodistico.com\/wp-content\/uploads\/2025\/07\/IMG-20250725-WA0113.jpg","_links":{"self":[{"href":"https:\/\/contextoanalisisperiodistico.com\/index.php\/wp-json\/wp\/v2\/posts\/44122"}],"collection":[{"href":"https:\/\/contextoanalisisperiodistico.com\/index.php\/wp-json\/wp\/v2\/posts"}],"about":[{"href":"https:\/\/contextoanalisisperiodistico.com\/index.php\/wp-json\/wp\/v2\/types\/post"}],"author":[{"embeddable":true,"href":"https:\/\/contextoanalisisperiodistico.com\/index.php\/wp-json\/wp\/v2\/users\/4"}],"replies":[{"embeddable":true,"href":"https:\/\/contextoanalisisperiodistico.com\/index.php\/wp-json\/wp\/v2\/comments?post=44122"}],"version-history":[{"count":0,"href":"https:\/\/contextoanalisisperiodistico.com\/index.php\/wp-json\/wp\/v2\/posts\/44122\/revisions"}],"wp:featuredmedia":[{"embeddable":true,"href":"https:\/\/contextoanalisisperiodistico.com\/index.php\/wp-json\/wp\/v2\/media\/44118"}],"wp:attachment":[{"href":"https:\/\/contextoanalisisperiodistico.com\/index.php\/wp-json\/wp\/v2\/media?parent=44122"}],"wp:term":[{"taxonomy":"category","embeddable":true,"href":"https:\/\/contextoanalisisperiodistico.com\/index.php\/wp-json\/wp\/v2\/categories?post=44122"},{"taxonomy":"post_tag","embeddable":true,"href":"https:\/\/contextoanalisisperiodistico.com\/index.php\/wp-json\/wp\/v2\/tags?post=44122"}],"curies":[{"name":"wp","href":"https:\/\/api.w.org\/{rel}","templated":true}]}}