{"id":44106,"date":"2025-07-25T13:18:21","date_gmt":"2025-07-25T19:18:21","guid":{"rendered":"https:\/\/contextoanalisisperiodistico.com\/index.php\/2025\/07\/25\/realiza-sso-jornadas-dermatologicas-gratuitas-para-la-deteccion-y-atencion-oportuna-de-la-lepra-en-el-istmo\/"},"modified":"2025-07-25T13:18:21","modified_gmt":"2025-07-25T19:18:21","slug":"realiza-sso-jornadas-dermatologicas-gratuitas-para-la-deteccion-y-atencion-oportuna-de-la-lepra-en-el-istmo","status":"publish","type":"post","link":"https:\/\/contextoanalisisperiodistico.com\/index.php\/2025\/07\/25\/realiza-sso-jornadas-dermatologicas-gratuitas-para-la-deteccion-y-atencion-oportuna-de-la-lepra-en-el-istmo\/","title":{"rendered":"Realiza SSO Jornadas Dermatol\u00f3gicas Gratuitas para la detecci\u00f3n y atenci\u00f3n oportuna de la lepra en el Istmo"},"content":{"rendered":"<div id=\"fb-root\"><\/div>\n\n<p>\u2022 Combatir esta enfermedad y erradicar el estigma representa una prioridad para el Gobierno del Estado<\/p>\n\n\n\n<figure class=\"wp-block-image size-large\"><img fetchpriority=\"high\" decoding=\"async\" width=\"705\" height=\"1024\" src=\"https:\/\/contextoanalisisperiodistico.com\/wp-content\/uploads\/2025\/07\/img-20250725-wa00638897108012502956634-705x1024.jpg\" alt=\"\" class=\"wp-image-44105\" srcset=\"https:\/\/contextoanalisisperiodistico.com\/wp-content\/uploads\/2025\/07\/img-20250725-wa00638897108012502956634-705x1024.jpg 705w, https:\/\/contextoanalisisperiodistico.com\/wp-content\/uploads\/2025\/07\/img-20250725-wa00638897108012502956634-207x300.jpg 207w, https:\/\/contextoanalisisperiodistico.com\/wp-content\/uploads\/2025\/07\/img-20250725-wa00638897108012502956634-768x1116.jpg 768w, https:\/\/contextoanalisisperiodistico.com\/wp-content\/uploads\/2025\/07\/img-20250725-wa00638897108012502956634.jpg 877w\" sizes=\"(max-width: 705px) 100vw, 705px\" \/><\/figure>\n\n\n\n<figure class=\"wp-block-image\"><img decoding=\"async\" width=\"229\" height=\"300\" src=\"https:\/\/contextoanalisisperiodistico.com\/wp-content\/uploads\/2025\/07\/img-20250725-wa00651497283472807397768-229x300.jpg\" alt=\"\" class=\"wp-image-44104\" srcset=\"https:\/\/contextoanalisisperiodistico.com\/wp-content\/uploads\/2025\/07\/img-20250725-wa00651497283472807397768-229x300.jpg 229w, https:\/\/contextoanalisisperiodistico.com\/wp-content\/uploads\/2025\/07\/img-20250725-wa00651497283472807397768.jpg 683w\" sizes=\"(max-width: 229px) 100vw, 229px\" \/><\/figure>\n\n\n\n<p>Oaxaca de Ju\u00e1rez, Oax. 25 julio de 2025.- Como parte de las estrategias para fortalecer la detecci\u00f3n oportuna, el diagn\u00f3stico certero y la atenci\u00f3n integral de personas con lepra, Servicios de Salud de Oaxaca (SSO) llev\u00f3 a cabo una Jornada Dermatol\u00f3gica gratuita en municipios de la Jurisdicci\u00f3n Sanitaria 2 Istmo.<\/p>\n\n\n\n<p>Estas acciones forman parte del compromiso institucional por reducir la prevalencia de la enfermedad, garantizar el acceso al tratamiento gratuito y de calidad y, sobre todo, combatir el estigma y la exclusi\u00f3n social que hist\u00f3ricamente ha enfrentado esta poblaci\u00f3n.<\/p>\n\n\n\n<p>Durante tres d\u00edas, el personal m\u00e9dico y especializado brind\u00f3 atenci\u00f3n en localidades prioritarias de la regi\u00f3n, donde se realizaron: valoraciones cl\u00ednicas a pacientes en tratamiento, revisi\u00f3n de casos concluidos con seguimiento de hasta cinco a\u00f1os, estudios a contactos intra y extra domiciliarios, toma de muestras para diagn\u00f3sticos y capacitaci\u00f3n en servicio al personal de salud.<\/p>\n\n\n\n<p>La lepra es una enfermedad infecciosa cr\u00f3nica causada por una bacteria que afecta la piel y los nervios perif\u00e9ricos, presentando manifestaciones como manchas hipopigmentadas o rojizas, n\u00f3dulos, \u00falceras, placas infiltradas y zonas con trastornos de sensibilidad.<\/p>\n\n\n\n<p>Aunque es poco contagiosa, puede generar complicaciones severas si no se atiende a tiempo. Sin embargo, es una enfermedad curable al 100 por ciento con el tratamiento adecuado, el cual est\u00e1 disponible de manera gratuita en todas las unidades de salud de la entidad.<\/p>\n\n\n\n<p>De acuerdo con datos de SSO, en lo que va del a\u00f1o 2025 se tienen contabilizados seis casos prevalentes (identificados en a\u00f1os anteriores) y un caso nuevo, todos bajo tratamiento m\u00e9dico con seguimiento puntual.<\/p>\n\n\n\n<p>La dependencia reitera el llamado a la poblaci\u00f3n a mantenerse informada, acudir a su unidad de salud ante cualquier s\u00edntoma y, sobre todo, a sumarse a la lucha contra el estigma que persiste alrededor de este padecimiento. La lepra es tratable y su eliminaci\u00f3n definitiva requiere no solo voluntad m\u00e9dica, tambi\u00e9n de conciencia, inclusi\u00f3n y sensibilidad social.<br \/>-0-<\/p>\n","protected":false},"excerpt":{"rendered":"<p>\u2022 Combatir esta enfermedad y erradicar el estigma representa una prioridad para el Gobierno del&#8230;<\/p>\n","protected":false},"author":4,"featured_media":44103,"comment_status":"","ping_status":"open","sticky":false,"template":"","format":"standard","meta":{"footnotes":""},"categories":[92],"tags":[],"jetpack_sharing_enabled":true,"featured_image_urls":{"full":["https:\/\/contextoanalisisperiodistico.com\/wp-content\/uploads\/2025\/07\/IMG-20250725-WA0064.jpg",1280,960,false],"thumbnail":["https:\/\/contextoanalisisperiodistico.com\/wp-content\/uploads\/2025\/07\/IMG-20250725-WA0064-150x150.jpg",150,150,true],"medium":["https:\/\/contextoanalisisperiodistico.com\/wp-content\/uploads\/2025\/07\/IMG-20250725-WA0064-300x225.jpg",300,225,true],"medium_large":["https:\/\/contextoanalisisperiodistico.com\/wp-content\/uploads\/2025\/07\/IMG-20250725-WA0064-768x576.jpg",640,480,true],"large":["https:\/\/contextoanalisisperiodistico.com\/wp-content\/uploads\/2025\/07\/IMG-20250725-WA0064-1024x768.jpg",640,480,true],"1536x1536":["https:\/\/contextoanalisisperiodistico.com\/wp-content\/uploads\/2025\/07\/IMG-20250725-WA0064.jpg",1280,960,false],"2048x2048":["https:\/\/contextoanalisisperiodistico.com\/wp-content\/uploads\/2025\/07\/IMG-20250725-WA0064.jpg",1280,960,false],"covernews-slider-full":["https:\/\/contextoanalisisperiodistico.com\/wp-content\/uploads\/2025\/07\/IMG-20250725-WA0064-1115x715.jpg",1115,715,true],"covernews-slider-center":["https:\/\/contextoanalisisperiodistico.com\/wp-content\/uploads\/2025\/07\/IMG-20250725-WA0064-800x500.jpg",800,500,true],"covernews-featured":["https:\/\/contextoanalisisperiodistico.com\/wp-content\/uploads\/2025\/07\/IMG-20250725-WA0064-1024x768.jpg",1024,768,true],"covernews-medium":["https:\/\/contextoanalisisperiodistico.com\/wp-content\/uploads\/2025\/07\/IMG-20250725-WA0064-540x340.jpg",540,340,true],"covernews-medium-square":["https:\/\/contextoanalisisperiodistico.com\/wp-content\/uploads\/2025\/07\/IMG-20250725-WA0064-400x250.jpg",400,250,true]},"author_info":{"display_name":"Mario Gir\u00f3n","author_link":"https:\/\/contextoanalisisperiodistico.com\/index.php\/author\/director\/"},"category_info":"<a href=\"https:\/\/contextoanalisisperiodistico.com\/index.php\/category\/salud\/\" rel=\"category tag\">Salud<\/a>","tag_info":"Salud","comment_count":"0","jetpack_featured_media_url":"https:\/\/contextoanalisisperiodistico.com\/wp-content\/uploads\/2025\/07\/IMG-20250725-WA0064.jpg","_links":{"self":[{"href":"https:\/\/contextoanalisisperiodistico.com\/index.php\/wp-json\/wp\/v2\/posts\/44106"}],"collection":[{"href":"https:\/\/contextoanalisisperiodistico.com\/index.php\/wp-json\/wp\/v2\/posts"}],"about":[{"href":"https:\/\/contextoanalisisperiodistico.com\/index.php\/wp-json\/wp\/v2\/types\/post"}],"author":[{"embeddable":true,"href":"https:\/\/contextoanalisisperiodistico.com\/index.php\/wp-json\/wp\/v2\/users\/4"}],"replies":[{"embeddable":true,"href":"https:\/\/contextoanalisisperiodistico.com\/index.php\/wp-json\/wp\/v2\/comments?post=44106"}],"version-history":[{"count":0,"href":"https:\/\/contextoanalisisperiodistico.com\/index.php\/wp-json\/wp\/v2\/posts\/44106\/revisions"}],"wp:featuredmedia":[{"embeddable":true,"href":"https:\/\/contextoanalisisperiodistico.com\/index.php\/wp-json\/wp\/v2\/media\/44103"}],"wp:attachment":[{"href":"https:\/\/contextoanalisisperiodistico.com\/index.php\/wp-json\/wp\/v2\/media?parent=44106"}],"wp:term":[{"taxonomy":"category","embeddable":true,"href":"https:\/\/contextoanalisisperiodistico.com\/index.php\/wp-json\/wp\/v2\/categories?post=44106"},{"taxonomy":"post_tag","embeddable":true,"href":"https:\/\/contextoanalisisperiodistico.com\/index.php\/wp-json\/wp\/v2\/tags?post=44106"}],"curies":[{"name":"wp","href":"https:\/\/api.w.org\/{rel}","templated":true}]}}