{"id":44089,"date":"2025-07-25T10:32:46","date_gmt":"2025-07-25T16:32:46","guid":{"rendered":"https:\/\/contextoanalisisperiodistico.com\/?p=44089"},"modified":"2025-07-25T10:33:49","modified_gmt":"2025-07-25T16:33:49","slug":"llega-alumbrado-a-la-colonia-prosperidad","status":"publish","type":"post","link":"https:\/\/contextoanalisisperiodistico.com\/index.php\/2025\/07\/25\/llega-alumbrado-a-la-colonia-prosperidad\/","title":{"rendered":"Llega alumbrado a la colonia Prosperidad"},"content":{"rendered":"<div id=\"fb-root\"><\/div>\n\n<p>(*) En coordinaci\u00f3n con vecinos, se concret\u00f3 la gesti\u00f3n del FALP, con aprobaci\u00f3n de los gobiernos de Oaxaca y de Claudia Sheinbaum<br \/>Mario GIR\u00d3N<br \/>La \u00fanica Prosperidad en este asentamiento humano atendido por la marginaci\u00f3n es el nombre con el que bautizaron los fundadores de una de las colonias con mayor rezago en Oaxaca de Ju\u00e1rez, perteneciente a la agencia municipal de Santa Rosa Panzacola.<br \/>Sin embargo, no est\u00e1n solas en el universo de la adversidad m\u00e1s de 150 familias en una colonia en donde los residentes est\u00e1n por contemplar la ampliaci\u00f3n de la red de energ\u00eda el\u00e9ctrica, con la cual, quedar\u00e1n iluminadas la totalidad de las humildes residencias.<br \/>El milagro fue concretado por la organizaci\u00f3n vecinal, la gestor\u00eda del Frente Amplio de Lucha Popular (FALP), la anuencia del gobierno del estado, representado por Salom\u00f3n jara y el gobierno federal de Claudia Sheinbaum Pardo, aportando 580 mil pesos federales, valor de la obra por concepto de la ampliaci\u00f3n de la red de energ\u00eda el\u00e9ctrica.<br \/>Desde lo m\u00e1s alto de la agencia Santa Rosa Panzacola, donde se asoma el rostro de la marginaci\u00f3n, Gregoria Trinidad L\u00f3pez, presidenta de la colonia y el profesor Gervacio Garc\u00eda Mart\u00ednez, titular del FALP coincidieron al reconocer la responsabilidad para con los que menos tienen de los gobiernos de Oaxaca y Federal.<br \/>En la colonia Prosperidad poco a poco empieza a tomar forma el concepto de progreso. Est\u00e1n de fiesta los colonos. No es para menos, pocas veces han sido tomados en cuenta en materia de ayuda, de respuesta y soluci\u00f3n a importantes necesidades.<br \/>En la calle Pedregal, una v\u00eda en el rezago, de tierra, sin drenaje ni pavimentaci\u00f3n, las cepas empiezan a recibir la colocaci\u00f3n de poderosos y largos postes de cemento, los cual se encargar\u00e1n de sostener el tendido de cables que la Comisi\u00f3n Federal de Electricidad (CFE) se encargar\u00e1 de tender la siguiente semana.<br \/>Como en tiempos de la colonia, velas, veladoras y antorchas iluminan las humildes viviendas horas antes de que termine el d\u00eda. Los ni\u00f1os, en edad escolar, deben apurar el paso para estudiar y terminar la tarea antes de que se esfume la luz de la tarde.<br \/>La colonia Prosperidad est\u00e1 de fiesta. Las familias marcadas con el hierro de la humildad y el rezago en infraestructura urbana dan gracias al FALP y a los gobiernos de Oaxaca y Federal por tomarlos en cuenta. Est\u00e1n a unos cuantos d\u00edas de que la luz ilumine con felicidad todos los hogares. Los moradores pensaban que jam\u00e1s conocer\u00edan un hogar iluminado.<br \/>Ahora, lo que sigue, es la red de agua potable. En este espacio, en lo m\u00e1s alto de la ciudad, la falta de poder adquisitivo no permite con facilidad que cada jefe de familia invierta 300 pesos por llenado de un tinado de mil 200 litros.<\/p>\n\n\n\n<figure class=\"wp-block-image size-large\"><img fetchpriority=\"high\" decoding=\"async\" width=\"1024\" height=\"768\" src=\"https:\/\/contextoanalisisperiodistico.com\/wp-content\/uploads\/2025\/07\/img-20250722-wa00835135586270336756319-1024x768.jpg\" alt=\"\" class=\"wp-image-44093\" srcset=\"https:\/\/contextoanalisisperiodistico.com\/wp-content\/uploads\/2025\/07\/img-20250722-wa00835135586270336756319-1024x768.jpg 1024w, https:\/\/contextoanalisisperiodistico.com\/wp-content\/uploads\/2025\/07\/img-20250722-wa00835135586270336756319-300x225.jpg 300w, https:\/\/contextoanalisisperiodistico.com\/wp-content\/uploads\/2025\/07\/img-20250722-wa00835135586270336756319-768x576.jpg 768w, https:\/\/contextoanalisisperiodistico.com\/wp-content\/uploads\/2025\/07\/img-20250722-wa00835135586270336756319-1536x1152.jpg 1536w, https:\/\/contextoanalisisperiodistico.com\/wp-content\/uploads\/2025\/07\/img-20250722-wa00835135586270336756319.jpg 1600w\" sizes=\"(max-width: 1024px) 100vw, 1024px\" \/><\/figure>\n\n\n\n<figure class=\"wp-block-image\"><img decoding=\"async\" width=\"768\" height=\"1024\" src=\"https:\/\/contextoanalisisperiodistico.com\/wp-content\/uploads\/2025\/07\/img-20250722-wa00825013324158026014064-768x1024.jpg\" alt=\"\" class=\"wp-image-44092\" srcset=\"https:\/\/contextoanalisisperiodistico.com\/wp-content\/uploads\/2025\/07\/img-20250722-wa00825013324158026014064-768x1024.jpg 768w, https:\/\/contextoanalisisperiodistico.com\/wp-content\/uploads\/2025\/07\/img-20250722-wa00825013324158026014064-225x300.jpg 225w, https:\/\/contextoanalisisperiodistico.com\/wp-content\/uploads\/2025\/07\/img-20250722-wa00825013324158026014064-1152x1536.jpg 1152w, https:\/\/contextoanalisisperiodistico.com\/wp-content\/uploads\/2025\/07\/img-20250722-wa00825013324158026014064-1024x1365.jpg 1024w, https:\/\/contextoanalisisperiodistico.com\/wp-content\/uploads\/2025\/07\/img-20250722-wa00825013324158026014064.jpg 1200w\" sizes=\"(max-width: 768px) 100vw, 768px\" \/><\/figure>\n\n\n\n<figure class=\"wp-block-image\"><img decoding=\"async\" width=\"576\" height=\"1024\" src=\"https:\/\/contextoanalisisperiodistico.com\/wp-content\/uploads\/2025\/07\/img202507221232346031512550086155903-576x1024.jpg\" alt=\"\" class=\"wp-image-44095\" srcset=\"https:\/\/contextoanalisisperiodistico.com\/wp-content\/uploads\/2025\/07\/img202507221232346031512550086155903-576x1024.jpg 576w, https:\/\/contextoanalisisperiodistico.com\/wp-content\/uploads\/2025\/07\/img202507221232346031512550086155903-169x300.jpg 169w, https:\/\/contextoanalisisperiodistico.com\/wp-content\/uploads\/2025\/07\/img202507221232346031512550086155903-768x1365.jpg 768w, https:\/\/contextoanalisisperiodistico.com\/wp-content\/uploads\/2025\/07\/img202507221232346031512550086155903-864x1536.jpg 864w, https:\/\/contextoanalisisperiodistico.com\/wp-content\/uploads\/2025\/07\/img202507221232346031512550086155903-1024x1820.jpg 1024w, https:\/\/contextoanalisisperiodistico.com\/wp-content\/uploads\/2025\/07\/img202507221232346031512550086155903.jpg 1125w\" sizes=\"(max-width: 576px) 100vw, 576px\" \/><\/figure>\n\n\n\n<figure class=\"wp-block-image\"><img loading=\"lazy\" decoding=\"async\" width=\"576\" height=\"1024\" src=\"https:\/\/contextoanalisisperiodistico.com\/wp-content\/uploads\/2025\/07\/img202507221222407431805138938011025-576x1024.jpg\" alt=\"\" class=\"wp-image-44091\" srcset=\"https:\/\/contextoanalisisperiodistico.com\/wp-content\/uploads\/2025\/07\/img202507221222407431805138938011025-576x1024.jpg 576w, https:\/\/contextoanalisisperiodistico.com\/wp-content\/uploads\/2025\/07\/img202507221222407431805138938011025-169x300.jpg 169w, https:\/\/contextoanalisisperiodistico.com\/wp-content\/uploads\/2025\/07\/img202507221222407431805138938011025-768x1365.jpg 768w, https:\/\/contextoanalisisperiodistico.com\/wp-content\/uploads\/2025\/07\/img202507221222407431805138938011025-864x1536.jpg 864w, https:\/\/contextoanalisisperiodistico.com\/wp-content\/uploads\/2025\/07\/img202507221222407431805138938011025-1024x1820.jpg 1024w, https:\/\/contextoanalisisperiodistico.com\/wp-content\/uploads\/2025\/07\/img202507221222407431805138938011025.jpg 1125w\" sizes=\"(max-width: 576px) 100vw, 576px\" \/><\/figure>\n\n\n\n<figure class=\"wp-block-image\"><img loading=\"lazy\" decoding=\"async\" width=\"576\" height=\"1024\" src=\"https:\/\/contextoanalisisperiodistico.com\/wp-content\/uploads\/2025\/07\/img202507221222261921852256874978210-576x1024.jpg\" alt=\"\" class=\"wp-image-44094\" srcset=\"https:\/\/contextoanalisisperiodistico.com\/wp-content\/uploads\/2025\/07\/img202507221222261921852256874978210-576x1024.jpg 576w, https:\/\/contextoanalisisperiodistico.com\/wp-content\/uploads\/2025\/07\/img202507221222261921852256874978210-169x300.jpg 169w, https:\/\/contextoanalisisperiodistico.com\/wp-content\/uploads\/2025\/07\/img202507221222261921852256874978210-768x1365.jpg 768w, https:\/\/contextoanalisisperiodistico.com\/wp-content\/uploads\/2025\/07\/img202507221222261921852256874978210-864x1536.jpg 864w, https:\/\/contextoanalisisperiodistico.com\/wp-content\/uploads\/2025\/07\/img202507221222261921852256874978210-1024x1820.jpg 1024w, https:\/\/contextoanalisisperiodistico.com\/wp-content\/uploads\/2025\/07\/img202507221222261921852256874978210.jpg 1125w\" sizes=\"(max-width: 576px) 100vw, 576px\" \/><\/figure>\n\n\n\n<figure class=\"wp-block-image\"><img loading=\"lazy\" decoding=\"async\" width=\"576\" height=\"1024\" src=\"https:\/\/contextoanalisisperiodistico.com\/wp-content\/uploads\/2025\/07\/img202507221222126514340097189903955-576x1024.jpg\" alt=\"\" class=\"wp-image-44096\" srcset=\"https:\/\/contextoanalisisperiodistico.com\/wp-content\/uploads\/2025\/07\/img202507221222126514340097189903955-576x1024.jpg 576w, https:\/\/contextoanalisisperiodistico.com\/wp-content\/uploads\/2025\/07\/img202507221222126514340097189903955-169x300.jpg 169w, https:\/\/contextoanalisisperiodistico.com\/wp-content\/uploads\/2025\/07\/img202507221222126514340097189903955-768x1365.jpg 768w, https:\/\/contextoanalisisperiodistico.com\/wp-content\/uploads\/2025\/07\/img202507221222126514340097189903955-864x1536.jpg 864w, https:\/\/contextoanalisisperiodistico.com\/wp-content\/uploads\/2025\/07\/img202507221222126514340097189903955-1024x1820.jpg 1024w, https:\/\/contextoanalisisperiodistico.com\/wp-content\/uploads\/2025\/07\/img202507221222126514340097189903955.jpg 1125w\" sizes=\"(max-width: 576px) 100vw, 576px\" \/><\/figure>\n\n\n\n<figure class=\"wp-block-image\"><img loading=\"lazy\" decoding=\"async\" width=\"1024\" height=\"576\" src=\"https:\/\/contextoanalisisperiodistico.com\/wp-content\/uploads\/2025\/07\/img202507221234442727360827202469083-1024x576.jpg\" alt=\"\" class=\"wp-image-44097\" srcset=\"https:\/\/contextoanalisisperiodistico.com\/wp-content\/uploads\/2025\/07\/img202507221234442727360827202469083-1024x576.jpg 1024w, https:\/\/contextoanalisisperiodistico.com\/wp-content\/uploads\/2025\/07\/img202507221234442727360827202469083-300x169.jpg 300w, https:\/\/contextoanalisisperiodistico.com\/wp-content\/uploads\/2025\/07\/img202507221234442727360827202469083-768x432.jpg 768w, https:\/\/contextoanalisisperiodistico.com\/wp-content\/uploads\/2025\/07\/img202507221234442727360827202469083-1536x864.jpg 1536w, https:\/\/contextoanalisisperiodistico.com\/wp-content\/uploads\/2025\/07\/img202507221234442727360827202469083.jpg 1999w\" sizes=\"(max-width: 1024px) 100vw, 1024px\" \/><\/figure>\n\n\n\n<figure class=\"wp-block-image\"><img loading=\"lazy\" decoding=\"async\" width=\"576\" height=\"1024\" src=\"https:\/\/contextoanalisisperiodistico.com\/wp-content\/uploads\/2025\/07\/img202507221234487344287535002206523-576x1024.jpg\" alt=\"\" class=\"wp-image-44099\" srcset=\"https:\/\/contextoanalisisperiodistico.com\/wp-content\/uploads\/2025\/07\/img202507221234487344287535002206523-576x1024.jpg 576w, https:\/\/contextoanalisisperiodistico.com\/wp-content\/uploads\/2025\/07\/img202507221234487344287535002206523-169x300.jpg 169w, https:\/\/contextoanalisisperiodistico.com\/wp-content\/uploads\/2025\/07\/img202507221234487344287535002206523-768x1365.jpg 768w, https:\/\/contextoanalisisperiodistico.com\/wp-content\/uploads\/2025\/07\/img202507221234487344287535002206523-864x1536.jpg 864w, https:\/\/contextoanalisisperiodistico.com\/wp-content\/uploads\/2025\/07\/img202507221234487344287535002206523-1024x1820.jpg 1024w, https:\/\/contextoanalisisperiodistico.com\/wp-content\/uploads\/2025\/07\/img202507221234487344287535002206523.jpg 1125w\" sizes=\"(max-width: 576px) 100vw, 576px\" \/><\/figure>\n\n\n\n<figure class=\"wp-block-image\"><img loading=\"lazy\" decoding=\"async\" width=\"576\" height=\"1024\" src=\"https:\/\/contextoanalisisperiodistico.com\/wp-content\/uploads\/2025\/07\/img202507221232438174340987941795034-576x1024.jpg\" alt=\"\" class=\"wp-image-44098\" srcset=\"https:\/\/contextoanalisisperiodistico.com\/wp-content\/uploads\/2025\/07\/img202507221232438174340987941795034-576x1024.jpg 576w, https:\/\/contextoanalisisperiodistico.com\/wp-content\/uploads\/2025\/07\/img202507221232438174340987941795034-169x300.jpg 169w, https:\/\/contextoanalisisperiodistico.com\/wp-content\/uploads\/2025\/07\/img202507221232438174340987941795034-768x1365.jpg 768w, https:\/\/contextoanalisisperiodistico.com\/wp-content\/uploads\/2025\/07\/img202507221232438174340987941795034-864x1536.jpg 864w, https:\/\/contextoanalisisperiodistico.com\/wp-content\/uploads\/2025\/07\/img202507221232438174340987941795034-1024x1820.jpg 1024w, https:\/\/contextoanalisisperiodistico.com\/wp-content\/uploads\/2025\/07\/img202507221232438174340987941795034.jpg 1125w\" sizes=\"(max-width: 576px) 100vw, 576px\" \/><\/figure>\n\n\n\n<figure class=\"wp-block-image\"><img loading=\"lazy\" decoding=\"async\" width=\"576\" height=\"1024\" src=\"https:\/\/contextoanalisisperiodistico.com\/wp-content\/uploads\/2025\/07\/img202507221233042366054968615763766-576x1024.jpg\" alt=\"\" class=\"wp-image-44101\" srcset=\"https:\/\/contextoanalisisperiodistico.com\/wp-content\/uploads\/2025\/07\/img202507221233042366054968615763766-576x1024.jpg 576w, https:\/\/contextoanalisisperiodistico.com\/wp-content\/uploads\/2025\/07\/img202507221233042366054968615763766-169x300.jpg 169w, https:\/\/contextoanalisisperiodistico.com\/wp-content\/uploads\/2025\/07\/img202507221233042366054968615763766-768x1365.jpg 768w, https:\/\/contextoanalisisperiodistico.com\/wp-content\/uploads\/2025\/07\/img202507221233042366054968615763766-864x1536.jpg 864w, https:\/\/contextoanalisisperiodistico.com\/wp-content\/uploads\/2025\/07\/img202507221233042366054968615763766-1024x1820.jpg 1024w, https:\/\/contextoanalisisperiodistico.com\/wp-content\/uploads\/2025\/07\/img202507221233042366054968615763766.jpg 1125w\" sizes=\"(max-width: 576px) 100vw, 576px\" \/><\/figure>\n\n\n\n<figure class=\"wp-block-image\"><img loading=\"lazy\" decoding=\"async\" width=\"1024\" height=\"576\" src=\"https:\/\/contextoanalisisperiodistico.com\/wp-content\/uploads\/2025\/07\/img202507221234521781874989615796662-1024x576.jpg\" alt=\"\" class=\"wp-image-44100\" srcset=\"https:\/\/contextoanalisisperiodistico.com\/wp-content\/uploads\/2025\/07\/img202507221234521781874989615796662-1024x576.jpg 1024w, https:\/\/contextoanalisisperiodistico.com\/wp-content\/uploads\/2025\/07\/img202507221234521781874989615796662-300x169.jpg 300w, https:\/\/contextoanalisisperiodistico.com\/wp-content\/uploads\/2025\/07\/img202507221234521781874989615796662-768x432.jpg 768w, https:\/\/contextoanalisisperiodistico.com\/wp-content\/uploads\/2025\/07\/img202507221234521781874989615796662-1536x864.jpg 1536w, https:\/\/contextoanalisisperiodistico.com\/wp-content\/uploads\/2025\/07\/img202507221234521781874989615796662.jpg 1999w\" sizes=\"(max-width: 1024px) 100vw, 1024px\" \/><\/figure>\n","protected":false},"excerpt":{"rendered":"<p>(*) En coordinaci\u00f3n con vecinos, se concret\u00f3 la gesti\u00f3n del FALP, con aprobaci\u00f3n de los&#8230;<\/p>\n","protected":false},"author":4,"featured_media":44090,"comment_status":"closed","ping_status":"open","sticky":false,"template":"","format":"standard","meta":{"footnotes":""},"categories":[9],"tags":[202],"jetpack_sharing_enabled":true,"featured_image_urls":{"full":["https:\/\/contextoanalisisperiodistico.com\/wp-content\/uploads\/2025\/07\/IMG-20250722-WA0097.jpg",1280,960,false],"thumbnail":["https:\/\/contextoanalisisperiodistico.com\/wp-content\/uploads\/2025\/07\/IMG-20250722-WA0097-150x150.jpg",150,150,true],"medium":["https:\/\/contextoanalisisperiodistico.com\/wp-content\/uploads\/2025\/07\/IMG-20250722-WA0097-300x225.jpg",300,225,true],"medium_large":["https:\/\/contextoanalisisperiodistico.com\/wp-content\/uploads\/2025\/07\/IMG-20250722-WA0097-768x576.jpg",640,480,true],"large":["https:\/\/contextoanalisisperiodistico.com\/wp-content\/uploads\/2025\/07\/IMG-20250722-WA0097-1024x768.jpg",640,480,true],"1536x1536":["https:\/\/contextoanalisisperiodistico.com\/wp-content\/uploads\/2025\/07\/IMG-20250722-WA0097.jpg",1280,960,false],"2048x2048":["https:\/\/contextoanalisisperiodistico.com\/wp-content\/uploads\/2025\/07\/IMG-20250722-WA0097.jpg",1280,960,false],"covernews-slider-full":["https:\/\/contextoanalisisperiodistico.com\/wp-content\/uploads\/2025\/07\/IMG-20250722-WA0097-1115x715.jpg",1115,715,true],"covernews-slider-center":["https:\/\/contextoanalisisperiodistico.com\/wp-content\/uploads\/2025\/07\/IMG-20250722-WA0097-800x500.jpg",800,500,true],"covernews-featured":["https:\/\/contextoanalisisperiodistico.com\/wp-content\/uploads\/2025\/07\/IMG-20250722-WA0097-1024x768.jpg",1024,768,true],"covernews-medium":["https:\/\/contextoanalisisperiodistico.com\/wp-content\/uploads\/2025\/07\/IMG-20250722-WA0097-540x340.jpg",540,340,true],"covernews-medium-square":["https:\/\/contextoanalisisperiodistico.com\/wp-content\/uploads\/2025\/07\/IMG-20250722-WA0097-400x250.jpg",400,250,true]},"author_info":{"display_name":"Mario Gir\u00f3n","author_link":"https:\/\/contextoanalisisperiodistico.com\/index.php\/author\/director\/"},"category_info":"<a href=\"https:\/\/contextoanalisisperiodistico.com\/index.php\/category\/politica\/\" rel=\"category tag\">Pol\u00edtica<\/a>","tag_info":"Pol\u00edtica","comment_count":"0","jetpack_featured_media_url":"https:\/\/contextoanalisisperiodistico.com\/wp-content\/uploads\/2025\/07\/IMG-20250722-WA0097.jpg","_links":{"self":[{"href":"https:\/\/contextoanalisisperiodistico.com\/index.php\/wp-json\/wp\/v2\/posts\/44089"}],"collection":[{"href":"https:\/\/contextoanalisisperiodistico.com\/index.php\/wp-json\/wp\/v2\/posts"}],"about":[{"href":"https:\/\/contextoanalisisperiodistico.com\/index.php\/wp-json\/wp\/v2\/types\/post"}],"author":[{"embeddable":true,"href":"https:\/\/contextoanalisisperiodistico.com\/index.php\/wp-json\/wp\/v2\/users\/4"}],"replies":[{"embeddable":true,"href":"https:\/\/contextoanalisisperiodistico.com\/index.php\/wp-json\/wp\/v2\/comments?post=44089"}],"version-history":[{"count":1,"href":"https:\/\/contextoanalisisperiodistico.com\/index.php\/wp-json\/wp\/v2\/posts\/44089\/revisions"}],"predecessor-version":[{"id":44102,"href":"https:\/\/contextoanalisisperiodistico.com\/index.php\/wp-json\/wp\/v2\/posts\/44089\/revisions\/44102"}],"wp:featuredmedia":[{"embeddable":true,"href":"https:\/\/contextoanalisisperiodistico.com\/index.php\/wp-json\/wp\/v2\/media\/44090"}],"wp:attachment":[{"href":"https:\/\/contextoanalisisperiodistico.com\/index.php\/wp-json\/wp\/v2\/media?parent=44089"}],"wp:term":[{"taxonomy":"category","embeddable":true,"href":"https:\/\/contextoanalisisperiodistico.com\/index.php\/wp-json\/wp\/v2\/categories?post=44089"},{"taxonomy":"post_tag","embeddable":true,"href":"https:\/\/contextoanalisisperiodistico.com\/index.php\/wp-json\/wp\/v2\/tags?post=44089"}],"curies":[{"name":"wp","href":"https:\/\/api.w.org\/{rel}","templated":true}]}}