{"id":43993,"date":"2025-07-21T23:07:00","date_gmt":"2025-07-22T05:07:00","guid":{"rendered":"https:\/\/contextoanalisisperiodistico.com\/index.php\/2025\/07\/21\/realiza-sso-exitosa-jornada-de-valoracion-con-neuropediatra-en-beneficio-de-la-ninez-de-la-costa\/"},"modified":"2025-07-21T23:07:00","modified_gmt":"2025-07-22T05:07:00","slug":"realiza-sso-exitosa-jornada-de-valoracion-con-neuropediatra-en-beneficio-de-la-ninez-de-la-costa","status":"publish","type":"post","link":"https:\/\/contextoanalisisperiodistico.com\/index.php\/2025\/07\/21\/realiza-sso-exitosa-jornada-de-valoracion-con-neuropediatra-en-beneficio-de-la-ninez-de-la-costa\/","title":{"rendered":"Realiza SSO exitosa Jornada de Valoraci\u00f3n con Neuropediatra en beneficio de la ni\u00f1ez de la Costa"},"content":{"rendered":"<div id=\"fb-root\"><\/div>\n\n<p>\u2022 Fueron atendidos de manera gratuita 185 ni\u00f1as y ni\u00f1os, principalmente de las comunidades m\u00e1s afectadas por el hurac\u00e1n Erick<\/p>\n\n\n\n<figure class=\"wp-block-image size-large\"><img fetchpriority=\"high\" decoding=\"async\" width=\"897\" height=\"758\" src=\"https:\/\/contextoanalisisperiodistico.com\/wp-content\/uploads\/2025\/07\/img-20250721-wa0056561701762405503682.jpg\" alt=\"\" class=\"wp-image-43991\" srcset=\"https:\/\/contextoanalisisperiodistico.com\/wp-content\/uploads\/2025\/07\/img-20250721-wa0056561701762405503682.jpg 897w, https:\/\/contextoanalisisperiodistico.com\/wp-content\/uploads\/2025\/07\/img-20250721-wa0056561701762405503682-300x254.jpg 300w, https:\/\/contextoanalisisperiodistico.com\/wp-content\/uploads\/2025\/07\/img-20250721-wa0056561701762405503682-768x649.jpg 768w\" sizes=\"(max-width: 897px) 100vw, 897px\" \/><\/figure>\n\n\n\n<figure class=\"wp-block-image\"><img decoding=\"async\" width=\"1024\" height=\"576\" src=\"https:\/\/contextoanalisisperiodistico.com\/wp-content\/uploads\/2025\/07\/img-20250721-wa00552212048807867083265-1024x576.jpg\" alt=\"\" class=\"wp-image-43992\" srcset=\"https:\/\/contextoanalisisperiodistico.com\/wp-content\/uploads\/2025\/07\/img-20250721-wa00552212048807867083265-1024x576.jpg 1024w, https:\/\/contextoanalisisperiodistico.com\/wp-content\/uploads\/2025\/07\/img-20250721-wa00552212048807867083265-300x169.jpg 300w, https:\/\/contextoanalisisperiodistico.com\/wp-content\/uploads\/2025\/07\/img-20250721-wa00552212048807867083265-768x432.jpg 768w, https:\/\/contextoanalisisperiodistico.com\/wp-content\/uploads\/2025\/07\/img-20250721-wa00552212048807867083265-1536x864.jpg 1536w, https:\/\/contextoanalisisperiodistico.com\/wp-content\/uploads\/2025\/07\/img-20250721-wa00552212048807867083265.jpg 1600w\" sizes=\"(max-width: 1024px) 100vw, 1024px\" \/><\/figure>\n\n\n\n<p>Santiago Pinotepa Nacional, Oax., 21 de julio de 2025.-En cumplimiento con la atenci\u00f3n especializada e incluyente a la ni\u00f1ez con discapacidad, Servicios de Salud de Oaxaca (SSO) llev\u00f3 a cabo con \u00e9xito la primera Jornada de Valoraci\u00f3n con Neuropediatra 2025, en beneficio de 185 ni\u00f1as y ni\u00f1os de la regi\u00f3n Costa, quienes recibieron atenci\u00f3n m\u00e9dica sin costo.<\/p>\n\n\n\n<p>Esta actividad fue posible gracias a la colaboraci\u00f3n interinstitucional entre la Coordinaci\u00f3n Estatal de Trabajo Social, adscrita a la Direcci\u00f3n de Atenci\u00f3n M\u00e9dica de SSO; el Colegio de M\u00e9dicos de Oaxaca Doctor Aurelio Valdivieso A.C.; la Supervisi\u00f3n de la Zona 5 de las Unidades de Servicios de Apoyo a la Educaci\u00f3n Regular (USAER); empresarios locales de Santiago Pinotepa Nacional y el equipo del centro de salud Urbano IMSS-Bienestar.<\/p>\n\n\n\n<p>Como parte de esta estrategia integral, del total de infantes valorados, se detectaron a 124 menores provenientes de las comunidades de El Ciruelo y Corralero, zonas altamente impactadas por el hurac\u00e1n Erick, entre otras, con diagn\u00f3sticos neurol\u00f3gicos como crisis convulsivas, Trastorno por D\u00e9ficit de Atenci\u00f3n e Hiperactividad (TDAH), trastornos sensoriales, autismo, par\u00e1lisis cerebral, trastornos del lenguaje y S\u00edndrome de Down, entre otros.<\/p>\n\n\n\n<p>La Direcci\u00f3n de Atenci\u00f3n M\u00e9dica inform\u00f3 que, como parte de la segunda fase, las ni\u00f1as y ni\u00f1os tendr\u00e1n seguimiento m\u00e9dico a trav\u00e9s del programa Telemedicina, lo que permitir\u00e1 brindarles una atenci\u00f3n especializada con tecnolog\u00eda de vanguardia, enlazando a profesionales de la salud desde la capital del estado y otros puntos del pa\u00eds.<\/p>\n\n\n\n<p>El \u00e9xito de esta estrategia fue posible gracias a la participaci\u00f3n de la neur\u00f3loga pediatra, Mariel Pizarro Castellanos y la pediatra intensivista, Ofelia P\u00e9rez Pacheco, as\u00ed como de tres fisioterapeutas, dos odont\u00f3logos, dos m\u00e9dicos generales, dos estudiantes de medicina y personal voluntario de enfermer\u00eda, trabajo social y administraci\u00f3n del centro de salud.<\/p>\n\n\n\n<p>Tambi\u00e9n, la Direcci\u00f3n de Atenci\u00f3n M\u00e9dica entreg\u00f3 16 reconocimientos y ocho constancias de agradecimiento a las y los profesionales que sumaron su experiencia y vocaci\u00f3n a esta noble causa.<\/p>\n\n\n\n<p>-0-<\/p>\n\n\n\n<p><\/p>\n\n\n\n<p><\/p>\n","protected":false},"excerpt":{"rendered":"<p>\u2022 Fueron atendidos de manera gratuita 185 ni\u00f1as y ni\u00f1os, principalmente de las comunidades m\u00e1s&#8230;<\/p>\n","protected":false},"author":4,"featured_media":43990,"comment_status":"","ping_status":"open","sticky":false,"template":"","format":"standard","meta":{"footnotes":""},"categories":[92],"tags":[],"jetpack_sharing_enabled":true,"featured_image_urls":{"full":["https:\/\/contextoanalisisperiodistico.com\/wp-content\/uploads\/2025\/07\/IMG-20250721-WA0054.jpg",900,740,false],"thumbnail":["https:\/\/contextoanalisisperiodistico.com\/wp-content\/uploads\/2025\/07\/IMG-20250721-WA0054-150x150.jpg",150,150,true],"medium":["https:\/\/contextoanalisisperiodistico.com\/wp-content\/uploads\/2025\/07\/IMG-20250721-WA0054-300x247.jpg",300,247,true],"medium_large":["https:\/\/contextoanalisisperiodistico.com\/wp-content\/uploads\/2025\/07\/IMG-20250721-WA0054-768x631.jpg",640,526,true],"large":["https:\/\/contextoanalisisperiodistico.com\/wp-content\/uploads\/2025\/07\/IMG-20250721-WA0054.jpg",640,526,false],"1536x1536":["https:\/\/contextoanalisisperiodistico.com\/wp-content\/uploads\/2025\/07\/IMG-20250721-WA0054.jpg",900,740,false],"2048x2048":["https:\/\/contextoanalisisperiodistico.com\/wp-content\/uploads\/2025\/07\/IMG-20250721-WA0054.jpg",900,740,false],"covernews-slider-full":["https:\/\/contextoanalisisperiodistico.com\/wp-content\/uploads\/2025\/07\/IMG-20250721-WA0054-900x715.jpg",900,715,true],"covernews-slider-center":["https:\/\/contextoanalisisperiodistico.com\/wp-content\/uploads\/2025\/07\/IMG-20250721-WA0054-800x500.jpg",800,500,true],"covernews-featured":["https:\/\/contextoanalisisperiodistico.com\/wp-content\/uploads\/2025\/07\/IMG-20250721-WA0054.jpg",900,740,false],"covernews-medium":["https:\/\/contextoanalisisperiodistico.com\/wp-content\/uploads\/2025\/07\/IMG-20250721-WA0054-540x340.jpg",540,340,true],"covernews-medium-square":["https:\/\/contextoanalisisperiodistico.com\/wp-content\/uploads\/2025\/07\/IMG-20250721-WA0054-400x250.jpg",400,250,true]},"author_info":{"display_name":"Mario Gir\u00f3n","author_link":"https:\/\/contextoanalisisperiodistico.com\/index.php\/author\/director\/"},"category_info":"<a href=\"https:\/\/contextoanalisisperiodistico.com\/index.php\/category\/salud\/\" rel=\"category tag\">Salud<\/a>","tag_info":"Salud","comment_count":"0","jetpack_featured_media_url":"https:\/\/contextoanalisisperiodistico.com\/wp-content\/uploads\/2025\/07\/IMG-20250721-WA0054.jpg","_links":{"self":[{"href":"https:\/\/contextoanalisisperiodistico.com\/index.php\/wp-json\/wp\/v2\/posts\/43993"}],"collection":[{"href":"https:\/\/contextoanalisisperiodistico.com\/index.php\/wp-json\/wp\/v2\/posts"}],"about":[{"href":"https:\/\/contextoanalisisperiodistico.com\/index.php\/wp-json\/wp\/v2\/types\/post"}],"author":[{"embeddable":true,"href":"https:\/\/contextoanalisisperiodistico.com\/index.php\/wp-json\/wp\/v2\/users\/4"}],"replies":[{"embeddable":true,"href":"https:\/\/contextoanalisisperiodistico.com\/index.php\/wp-json\/wp\/v2\/comments?post=43993"}],"version-history":[{"count":0,"href":"https:\/\/contextoanalisisperiodistico.com\/index.php\/wp-json\/wp\/v2\/posts\/43993\/revisions"}],"wp:featuredmedia":[{"embeddable":true,"href":"https:\/\/contextoanalisisperiodistico.com\/index.php\/wp-json\/wp\/v2\/media\/43990"}],"wp:attachment":[{"href":"https:\/\/contextoanalisisperiodistico.com\/index.php\/wp-json\/wp\/v2\/media?parent=43993"}],"wp:term":[{"taxonomy":"category","embeddable":true,"href":"https:\/\/contextoanalisisperiodistico.com\/index.php\/wp-json\/wp\/v2\/categories?post=43993"},{"taxonomy":"post_tag","embeddable":true,"href":"https:\/\/contextoanalisisperiodistico.com\/index.php\/wp-json\/wp\/v2\/tags?post=43993"}],"curies":[{"name":"wp","href":"https:\/\/api.w.org\/{rel}","templated":true}]}}