{"id":43989,"date":"2025-07-21T22:50:14","date_gmt":"2025-07-22T04:50:14","guid":{"rendered":"https:\/\/contextoanalisisperiodistico.com\/index.php\/2025\/07\/21\/espectacular-cierre-de-la-segunda-emision-de-la-guelaguetza-2025\/"},"modified":"2025-07-21T22:50:14","modified_gmt":"2025-07-22T04:50:14","slug":"espectacular-cierre-de-la-segunda-emision-de-la-guelaguetza-2025","status":"publish","type":"post","link":"https:\/\/contextoanalisisperiodistico.com\/index.php\/2025\/07\/21\/espectacular-cierre-de-la-segunda-emision-de-la-guelaguetza-2025\/","title":{"rendered":"Espectacular cierre de la segunda emisi\u00f3n de la Guelaguetza 2025"},"content":{"rendered":"<div id=\"fb-root\"><\/div>\n\n<p>\u2022 \u00a1Que viva Oaxaca, coraz\u00f3n cultura de M\u00e9xico!, vibr\u00f3 en este encuentro de hermandad, que concluy\u00f3 con luces, baile y juegos pirot\u00e9cnicos que iluminaron la Verde Antequera<\/p>\n\n\n\n<figure class=\"wp-block-image size-large\"><img fetchpriority=\"high\" decoding=\"async\" width=\"1024\" height=\"682\" src=\"https:\/\/contextoanalisisperiodistico.com\/wp-content\/uploads\/2025\/07\/img-20250721-wa01895422421485588516274-1024x682.jpg\" alt=\"\" class=\"wp-image-43981\" srcset=\"https:\/\/contextoanalisisperiodistico.com\/wp-content\/uploads\/2025\/07\/img-20250721-wa01895422421485588516274-1024x682.jpg 1024w, https:\/\/contextoanalisisperiodistico.com\/wp-content\/uploads\/2025\/07\/img-20250721-wa01895422421485588516274-300x200.jpg 300w, https:\/\/contextoanalisisperiodistico.com\/wp-content\/uploads\/2025\/07\/img-20250721-wa01895422421485588516274-768x512.jpg 768w, https:\/\/contextoanalisisperiodistico.com\/wp-content\/uploads\/2025\/07\/img-20250721-wa01895422421485588516274-1536x1023.jpg 1536w, https:\/\/contextoanalisisperiodistico.com\/wp-content\/uploads\/2025\/07\/img-20250721-wa01895422421485588516274.jpg 1600w\" sizes=\"(max-width: 1024px) 100vw, 1024px\" \/><\/figure>\n\n\n\n<figure class=\"wp-block-image\"><img decoding=\"async\" width=\"1024\" height=\"684\" src=\"https:\/\/contextoanalisisperiodistico.com\/wp-content\/uploads\/2025\/07\/img-20250721-wa01878224135429907934539-1024x684.jpg\" alt=\"\" class=\"wp-image-43980\" srcset=\"https:\/\/contextoanalisisperiodistico.com\/wp-content\/uploads\/2025\/07\/img-20250721-wa01878224135429907934539-1024x684.jpg 1024w, https:\/\/contextoanalisisperiodistico.com\/wp-content\/uploads\/2025\/07\/img-20250721-wa01878224135429907934539-300x200.jpg 300w, https:\/\/contextoanalisisperiodistico.com\/wp-content\/uploads\/2025\/07\/img-20250721-wa01878224135429907934539-768x513.jpg 768w, https:\/\/contextoanalisisperiodistico.com\/wp-content\/uploads\/2025\/07\/img-20250721-wa01878224135429907934539-1536x1025.jpg 1536w, https:\/\/contextoanalisisperiodistico.com\/wp-content\/uploads\/2025\/07\/img-20250721-wa01878224135429907934539.jpg 1600w\" sizes=\"(max-width: 1024px) 100vw, 1024px\" \/><\/figure>\n\n\n\n<figure class=\"wp-block-image\"><img decoding=\"async\" width=\"1024\" height=\"682\" src=\"https:\/\/contextoanalisisperiodistico.com\/wp-content\/uploads\/2025\/07\/img-20250721-wa01936273638819046391007-1024x682.jpg\" alt=\"\" class=\"wp-image-43983\" srcset=\"https:\/\/contextoanalisisperiodistico.com\/wp-content\/uploads\/2025\/07\/img-20250721-wa01936273638819046391007-1024x682.jpg 1024w, https:\/\/contextoanalisisperiodistico.com\/wp-content\/uploads\/2025\/07\/img-20250721-wa01936273638819046391007-300x200.jpg 300w, https:\/\/contextoanalisisperiodistico.com\/wp-content\/uploads\/2025\/07\/img-20250721-wa01936273638819046391007-768x512.jpg 768w, https:\/\/contextoanalisisperiodistico.com\/wp-content\/uploads\/2025\/07\/img-20250721-wa01936273638819046391007-1536x1023.jpg 1536w, https:\/\/contextoanalisisperiodistico.com\/wp-content\/uploads\/2025\/07\/img-20250721-wa01936273638819046391007.jpg 1600w\" sizes=\"(max-width: 1024px) 100vw, 1024px\" \/><\/figure>\n\n\n\n<figure class=\"wp-block-image\"><img loading=\"lazy\" decoding=\"async\" width=\"1024\" height=\"682\" src=\"https:\/\/contextoanalisisperiodistico.com\/wp-content\/uploads\/2025\/07\/img-20250721-wa01957801627593017594802-1024x682.jpg\" alt=\"\" class=\"wp-image-43982\" srcset=\"https:\/\/contextoanalisisperiodistico.com\/wp-content\/uploads\/2025\/07\/img-20250721-wa01957801627593017594802-1024x682.jpg 1024w, https:\/\/contextoanalisisperiodistico.com\/wp-content\/uploads\/2025\/07\/img-20250721-wa01957801627593017594802-300x200.jpg 300w, https:\/\/contextoanalisisperiodistico.com\/wp-content\/uploads\/2025\/07\/img-20250721-wa01957801627593017594802-768x512.jpg 768w, https:\/\/contextoanalisisperiodistico.com\/wp-content\/uploads\/2025\/07\/img-20250721-wa01957801627593017594802-1536x1023.jpg 1536w, https:\/\/contextoanalisisperiodistico.com\/wp-content\/uploads\/2025\/07\/img-20250721-wa01957801627593017594802.jpg 1600w\" sizes=\"(max-width: 1024px) 100vw, 1024px\" \/><\/figure>\n\n\n\n<figure class=\"wp-block-image\"><img loading=\"lazy\" decoding=\"async\" width=\"1024\" height=\"682\" src=\"https:\/\/contextoanalisisperiodistico.com\/wp-content\/uploads\/2025\/07\/img-20250721-wa01976240480330962506008-1024x682.jpg\" alt=\"\" class=\"wp-image-43984\" srcset=\"https:\/\/contextoanalisisperiodistico.com\/wp-content\/uploads\/2025\/07\/img-20250721-wa01976240480330962506008-1024x682.jpg 1024w, https:\/\/contextoanalisisperiodistico.com\/wp-content\/uploads\/2025\/07\/img-20250721-wa01976240480330962506008-300x200.jpg 300w, https:\/\/contextoanalisisperiodistico.com\/wp-content\/uploads\/2025\/07\/img-20250721-wa01976240480330962506008-768x512.jpg 768w, https:\/\/contextoanalisisperiodistico.com\/wp-content\/uploads\/2025\/07\/img-20250721-wa01976240480330962506008-1536x1023.jpg 1536w, https:\/\/contextoanalisisperiodistico.com\/wp-content\/uploads\/2025\/07\/img-20250721-wa01976240480330962506008.jpg 1600w\" sizes=\"(max-width: 1024px) 100vw, 1024px\" \/><\/figure>\n\n\n\n<figure class=\"wp-block-image\"><img loading=\"lazy\" decoding=\"async\" width=\"1024\" height=\"683\" src=\"https:\/\/contextoanalisisperiodistico.com\/wp-content\/uploads\/2025\/07\/img-20250721-wa01981533848118128932216-1024x683.jpg\" alt=\"\" class=\"wp-image-43985\" srcset=\"https:\/\/contextoanalisisperiodistico.com\/wp-content\/uploads\/2025\/07\/img-20250721-wa01981533848118128932216-1024x683.jpg 1024w, https:\/\/contextoanalisisperiodistico.com\/wp-content\/uploads\/2025\/07\/img-20250721-wa01981533848118128932216-300x200.jpg 300w, https:\/\/contextoanalisisperiodistico.com\/wp-content\/uploads\/2025\/07\/img-20250721-wa01981533848118128932216-768x512.jpg 768w, https:\/\/contextoanalisisperiodistico.com\/wp-content\/uploads\/2025\/07\/img-20250721-wa01981533848118128932216-1536x1024.jpg 1536w, https:\/\/contextoanalisisperiodistico.com\/wp-content\/uploads\/2025\/07\/img-20250721-wa01981533848118128932216.jpg 1600w\" sizes=\"(max-width: 1024px) 100vw, 1024px\" \/><\/figure>\n\n\n\n<figure class=\"wp-block-image\"><img loading=\"lazy\" decoding=\"async\" width=\"1024\" height=\"682\" src=\"https:\/\/contextoanalisisperiodistico.com\/wp-content\/uploads\/2025\/07\/img-20250721-wa01991868038459816326303-1024x682.jpg\" alt=\"\" class=\"wp-image-43987\" srcset=\"https:\/\/contextoanalisisperiodistico.com\/wp-content\/uploads\/2025\/07\/img-20250721-wa01991868038459816326303-1024x682.jpg 1024w, https:\/\/contextoanalisisperiodistico.com\/wp-content\/uploads\/2025\/07\/img-20250721-wa01991868038459816326303-300x200.jpg 300w, https:\/\/contextoanalisisperiodistico.com\/wp-content\/uploads\/2025\/07\/img-20250721-wa01991868038459816326303-768x512.jpg 768w, https:\/\/contextoanalisisperiodistico.com\/wp-content\/uploads\/2025\/07\/img-20250721-wa01991868038459816326303-1536x1023.jpg 1536w, https:\/\/contextoanalisisperiodistico.com\/wp-content\/uploads\/2025\/07\/img-20250721-wa01991868038459816326303.jpg 1600w\" sizes=\"(max-width: 1024px) 100vw, 1024px\" \/><\/figure>\n\n\n\n<figure class=\"wp-block-image\"><img loading=\"lazy\" decoding=\"async\" width=\"1024\" height=\"682\" src=\"https:\/\/contextoanalisisperiodistico.com\/wp-content\/uploads\/2025\/07\/img-20250721-wa0200304291445070021443-1024x682.jpg\" alt=\"\" class=\"wp-image-43986\" srcset=\"https:\/\/contextoanalisisperiodistico.com\/wp-content\/uploads\/2025\/07\/img-20250721-wa0200304291445070021443-1024x682.jpg 1024w, https:\/\/contextoanalisisperiodistico.com\/wp-content\/uploads\/2025\/07\/img-20250721-wa0200304291445070021443-300x200.jpg 300w, https:\/\/contextoanalisisperiodistico.com\/wp-content\/uploads\/2025\/07\/img-20250721-wa0200304291445070021443-768x512.jpg 768w, https:\/\/contextoanalisisperiodistico.com\/wp-content\/uploads\/2025\/07\/img-20250721-wa0200304291445070021443-1536x1023.jpg 1536w, https:\/\/contextoanalisisperiodistico.com\/wp-content\/uploads\/2025\/07\/img-20250721-wa0200304291445070021443.jpg 1600w\" sizes=\"(max-width: 1024px) 100vw, 1024px\" \/><\/figure>\n\n\n\n<figure class=\"wp-block-image\"><img loading=\"lazy\" decoding=\"async\" width=\"1024\" height=\"682\" src=\"https:\/\/contextoanalisisperiodistico.com\/wp-content\/uploads\/2025\/07\/img-20250721-wa02016744853042557045963-1024x682.jpg\" alt=\"\" class=\"wp-image-43988\" srcset=\"https:\/\/contextoanalisisperiodistico.com\/wp-content\/uploads\/2025\/07\/img-20250721-wa02016744853042557045963-1024x682.jpg 1024w, https:\/\/contextoanalisisperiodistico.com\/wp-content\/uploads\/2025\/07\/img-20250721-wa02016744853042557045963-300x200.jpg 300w, https:\/\/contextoanalisisperiodistico.com\/wp-content\/uploads\/2025\/07\/img-20250721-wa02016744853042557045963-768x512.jpg 768w, https:\/\/contextoanalisisperiodistico.com\/wp-content\/uploads\/2025\/07\/img-20250721-wa02016744853042557045963-1536x1023.jpg 1536w, https:\/\/contextoanalisisperiodistico.com\/wp-content\/uploads\/2025\/07\/img-20250721-wa02016744853042557045963.jpg 1600w\" sizes=\"(max-width: 1024px) 100vw, 1024px\" \/><\/figure>\n\n\n\n<p>\u2022 Este encuentro pluricultural fue encabezado por la representante de la Diosa Cent\u00e9otl 2025, Patricia Casiano Zaragoza, junto al Gobernador Salom\u00f3n Jara Cruz<\/p>\n\n\n\n<p>Oaxaca de Ju\u00e1rez, Oax. 21 de julio de 2025.- Con un cierre espectacular de luces y juegos pirot\u00e9cnicos, concluy\u00f3 el Primer Lunes del Cerro de este 2025. En la edici\u00f3n vespertina de la 93 edici\u00f3n de la Guelaguetza, las culturas ind\u00edgenas y pueblos afromexicano y mestizo presentaron a M\u00e9xico y al mundo sus riquezas ancestrales que hicieron vibrar el coraz\u00f3n de m\u00e1s de 11 mil asistentes.<\/p>\n\n\n\n<p>En el auditorio del Cerro del Fort\u00edn, la m\u00e1xima fiesta de las y los oaxaque\u00f1os ofrend\u00f3 no solo su esencia \u00e9tnica, sino la hermandad, ayuda mutua y bondad de esta tierra que se mostraron en sus expresiones art\u00edsticas, musicales, danc\u00edsticas y tradicionales; con lo que se ratifica que \u00a1Oaxaca es el coraz\u00f3n cultura de M\u00e9xico!<\/p>\n\n\n\n<p>Esta fiesta racial, la m\u00e1s importante de Am\u00e9rica Latina, fue encabezada por la representante de la Diosa Cent\u00e9otl 2025, Patricia Casiano Zaragoza, junto al Gobernador Salom\u00f3n Jara Cruz y la Presidenta del Sistema DIF Oaxaca, Irma Bola\u00f1os Quijano.<\/p>\n\n\n\n<p>Tambi\u00e9n asistieron la coordinadora general de Asuntos Intergubernamentales y Participaci\u00f3n Social, Leticia Ram\u00edrez Amaya, representante de la Presidencia de M\u00e9xico; la directora de la Loter\u00eda Nacional para la Asistencia P\u00fablica, Olivia Salom\u00f3n Vibaldo y la coordinadora Consejo Asesor de Desarrollo Econ\u00f3mico Regional y Relocalizaci\u00f3n, Altagracia G\u00f3mez Sierra.<\/p>\n\n\n\n<p>Adem\u00e1s, la embajadora de Noruega, Ragnhild Imerslund y el representante de la Rep\u00fablica de la India en M\u00e9xico, Pankaj Sharma, entre otras autoridades federales, estatales y municipales.<\/p>\n\n\n\n<p>En este a\u00f1o, la ayuda mutua se hizo a\u00fan m\u00e1s presente por las 16 etnias de Oaxaca y el pueblo afromexicano, quienes establecieron que lo recabado por la venta de los boletos se destine al apoyo de las y los hermanos de la Costa, quienes se ponen de pie ante el impacto del hurac\u00e1n Erick, el pasado 19 de junio.<\/p>\n\n\n\n<p><em>Alegr\u00eda, danza y m\u00fasica en la fiesta racial m\u00e1s importante de Latinoam\u00e9rica<\/em><\/p>\n\n\n\n<p>En punto de las 17:00 con un auditorio abarrotado, inici\u00f3 la fiesta de la hermandad. De pie y de manera solemne se enton\u00f3 el \u201cDios nunca muere\u201d; posteriormente, acompa\u00f1ada de mujeres representantes de las ocho regiones del estado, la representante de la deidad del ma\u00edz, Patricia Casiano Zaragoza, ataviada de su indumentaria tradicional de Huautla de Jim\u00e9nez, con voz fuerte y plausible destac\u00f3 en mazateco y espa\u00f1ol la fortaleza que poseen las oaxaque\u00f1as y su identidad en esta tierra.<\/p>\n\n\n\n<p>Con los rayos del atardecer, San Mateo Macuilx\u00f3chitl de Artigas Carranza fue la primera delegaci\u00f3n que se present\u00f3 con la Mayordom\u00eda de San Mateo Ap\u00f3stol y Evangelista, cuyas mujeres se caracterizan por sus trenzas largas con listones blancos, faldas guindas y canastas de flores; los hombres, con calz\u00f3n y camisola de manta quienes celebraron con tejate y tepache sus fiestas tradicionales.<\/p>\n\n\n\n<p>De la Sierra de Flores Mag\u00f3n, Huautla de Jim\u00e9nez present\u00f3 sus tradicionales y solemnes sones mazatecos. El grito y entusiasmo se inund\u00f3 con la alegr\u00eda de Tlacolula de Matamoros con el jarabe del Valle, quien present\u00f3 la tradicional mayordom\u00eda del Se\u00f1or de Tlacolula; el pueblo ikoots de San Francisco del Mar, con danzas y sones de Corpus Christi, representaci\u00f3n de mujeres y hombres de pesca; Santos Reyes Nopala mostr\u00f3 boda chatina y tornaboda con la entrega del presente, adem\u00e1s, bailaron sones y chilenas.<\/p>\n\n\n\n<p>Con el anochecer, Santa Mar\u00eda Tlahuitoltepec, de la Sierra de Ju\u00e1rez presentaron los solemnes sones mixes; San Pedro Amuzgos y su Mayordom\u00eda del Se\u00f1or San Pedro, con fandango y carnaval amuzgue\u00f1o; Villa de Tamazul\u00e1pam del Progreso con el tradicional jarabe Tamazulapense; la alegr\u00eda desbordante de las mujeres con faldas coloridas y los hombres con camisas satinadas de la Heroica Ciudad de Ejutla de Crespo se hizo presente con el jarabe Ejuteco.<\/p>\n\n\n\n<p>La danza de los Rubios, con sus tradicionales m\u00e1scaras, fue interpretada por Santiago Juxtlahuaca; San Melchor Betaza present\u00f3 sones y jarabes de Betaza; la delegaci\u00f3n de la Heroica Ciudad de Tlaxiaco hicieron su entrada a la plataforma de la Rotonda de la Azucena con los acordes de la \u201cCanci\u00f3n Mixteca\u201d que fue entonada por las y los asistentes que ondearon sus sombreros, posteriormente bailaron sones y jarabes de Tlaxiaco; en tanto Asunci\u00f3n Ixtaltepec mostr\u00f3 sus festividades en honor a Santa Rita de Casia, la fiesta del pueblo.<\/p>\n\n\n\n<p>La majestuosa Danza de la Pluma fue interpretada por la comunidad zapoteca de Villa de Zaachila, y la delegaci\u00f3n de San Juan Bautista Tuxtepec puso de pie nuevamente a las y los asistieron con la danza coordinada Flor de Pi\u00f1a; la alegr\u00eda de San Pedro Pochutla se hizo presente con sus sones \u201cPochutla un lugar de eternidad\u201d, y para cerrar esta emisi\u00f3n, las Chinas Oaxaque\u00f1as de Genoveva Medina presentaron el tradicional jarabe del Valle y la calenda de la virgen de la Soledad.<\/p>\n\n\n\n<p>El j\u00fabilo se desbord\u00f3 con los juegos pirot\u00e9cnicos que iluminaron la Verde Antequera y que cautiv\u00f3 el coraz\u00f3n de espectadores que terminaron bailando al son y ritmo de los acordes oaxaque\u00f1os con la compa\u00f1\u00eda del Mandatario estatal y la Presidenta Honoraria del Sistema DIF Oaxaca.<\/p>\n\n\n\n<p>-0-<\/p>\n","protected":false},"excerpt":{"rendered":"<p>\u2022 \u00a1Que viva Oaxaca, coraz\u00f3n cultura de M\u00e9xico!, vibr\u00f3 en este encuentro de hermandad, que&#8230;<\/p>\n","protected":false},"author":4,"featured_media":43979,"comment_status":"","ping_status":"open","sticky":false,"template":"","format":"standard","meta":{"footnotes":""},"categories":[9],"tags":[],"jetpack_sharing_enabled":true,"featured_image_urls":{"full":["https:\/\/contextoanalisisperiodistico.com\/wp-content\/uploads\/2025\/07\/IMG-20250721-WA0196.jpg",1600,1066,false],"thumbnail":["https:\/\/contextoanalisisperiodistico.com\/wp-content\/uploads\/2025\/07\/IMG-20250721-WA0196-150x150.jpg",150,150,true],"medium":["https:\/\/contextoanalisisperiodistico.com\/wp-content\/uploads\/2025\/07\/IMG-20250721-WA0196-300x200.jpg",300,200,true],"medium_large":["https:\/\/contextoanalisisperiodistico.com\/wp-content\/uploads\/2025\/07\/IMG-20250721-WA0196-768x512.jpg",640,427,true],"large":["https:\/\/contextoanalisisperiodistico.com\/wp-content\/uploads\/2025\/07\/IMG-20250721-WA0196-1024x682.jpg",640,426,true],"1536x1536":["https:\/\/contextoanalisisperiodistico.com\/wp-content\/uploads\/2025\/07\/IMG-20250721-WA0196-1536x1023.jpg",1536,1023,true],"2048x2048":["https:\/\/contextoanalisisperiodistico.com\/wp-content\/uploads\/2025\/07\/IMG-20250721-WA0196.jpg",1600,1066,false],"covernews-slider-full":["https:\/\/contextoanalisisperiodistico.com\/wp-content\/uploads\/2025\/07\/IMG-20250721-WA0196-1115x715.jpg",1115,715,true],"covernews-slider-center":["https:\/\/contextoanalisisperiodistico.com\/wp-content\/uploads\/2025\/07\/IMG-20250721-WA0196-800x500.jpg",800,500,true],"covernews-featured":["https:\/\/contextoanalisisperiodistico.com\/wp-content\/uploads\/2025\/07\/IMG-20250721-WA0196-1024x682.jpg",1024,682,true],"covernews-medium":["https:\/\/contextoanalisisperiodistico.com\/wp-content\/uploads\/2025\/07\/IMG-20250721-WA0196-540x340.jpg",540,340,true],"covernews-medium-square":["https:\/\/contextoanalisisperiodistico.com\/wp-content\/uploads\/2025\/07\/IMG-20250721-WA0196-400x250.jpg",400,250,true]},"author_info":{"display_name":"Mario Gir\u00f3n","author_link":"https:\/\/contextoanalisisperiodistico.com\/index.php\/author\/director\/"},"category_info":"<a href=\"https:\/\/contextoanalisisperiodistico.com\/index.php\/category\/politica\/\" rel=\"category tag\">Pol\u00edtica<\/a>","tag_info":"Pol\u00edtica","comment_count":"0","jetpack_featured_media_url":"https:\/\/contextoanalisisperiodistico.com\/wp-content\/uploads\/2025\/07\/IMG-20250721-WA0196.jpg","_links":{"self":[{"href":"https:\/\/contextoanalisisperiodistico.com\/index.php\/wp-json\/wp\/v2\/posts\/43989"}],"collection":[{"href":"https:\/\/contextoanalisisperiodistico.com\/index.php\/wp-json\/wp\/v2\/posts"}],"about":[{"href":"https:\/\/contextoanalisisperiodistico.com\/index.php\/wp-json\/wp\/v2\/types\/post"}],"author":[{"embeddable":true,"href":"https:\/\/contextoanalisisperiodistico.com\/index.php\/wp-json\/wp\/v2\/users\/4"}],"replies":[{"embeddable":true,"href":"https:\/\/contextoanalisisperiodistico.com\/index.php\/wp-json\/wp\/v2\/comments?post=43989"}],"version-history":[{"count":0,"href":"https:\/\/contextoanalisisperiodistico.com\/index.php\/wp-json\/wp\/v2\/posts\/43989\/revisions"}],"wp:featuredmedia":[{"embeddable":true,"href":"https:\/\/contextoanalisisperiodistico.com\/index.php\/wp-json\/wp\/v2\/media\/43979"}],"wp:attachment":[{"href":"https:\/\/contextoanalisisperiodistico.com\/index.php\/wp-json\/wp\/v2\/media?parent=43989"}],"wp:term":[{"taxonomy":"category","embeddable":true,"href":"https:\/\/contextoanalisisperiodistico.com\/index.php\/wp-json\/wp\/v2\/categories?post=43989"},{"taxonomy":"post_tag","embeddable":true,"href":"https:\/\/contextoanalisisperiodistico.com\/index.php\/wp-json\/wp\/v2\/tags?post=43989"}],"curies":[{"name":"wp","href":"https:\/\/api.w.org\/{rel}","templated":true}]}}