{"id":43962,"date":"2025-07-19T19:39:21","date_gmt":"2025-07-20T01:39:21","guid":{"rendered":"https:\/\/contextoanalisisperiodistico.com\/index.php\/2025\/07\/19\/supervisan-claudia-sheinbaum-y-salomon-jara-construccion-del-hospital-general-imss-bienestar-tuxtepec\/"},"modified":"2025-07-19T19:39:21","modified_gmt":"2025-07-20T01:39:21","slug":"supervisan-claudia-sheinbaum-y-salomon-jara-construccion-del-hospital-general-imss-bienestar-tuxtepec","status":"publish","type":"post","link":"https:\/\/contextoanalisisperiodistico.com\/index.php\/2025\/07\/19\/supervisan-claudia-sheinbaum-y-salomon-jara-construccion-del-hospital-general-imss-bienestar-tuxtepec\/","title":{"rendered":"Supervisan Claudia Sheinbaum y Salom\u00f3n Jara construcci\u00f3n del Hospital General IMSS Bienestar Tuxtepec"},"content":{"rendered":"<div id=\"fb-root\"><\/div>\n\n<p>\u2022 Construido con m\u00e1s de 2 mil millones de pesos, ser\u00e1 el nuevo centro regional de referencia para la atenci\u00f3n de enfermedades complejas y urgencias m\u00e9dicas, beneficiando a m\u00e1s de 1 mill\u00f3n de personas de 109 municipio de Oaxaca y Veracruz<\/p>\n\n\n\n<figure class=\"wp-block-image size-large\"><img fetchpriority=\"high\" decoding=\"async\" width=\"1024\" height=\"683\" src=\"https:\/\/contextoanalisisperiodistico.com\/wp-content\/uploads\/2025\/07\/img-20250719-wa00952836403995093675711-1024x683.jpg\" alt=\"\" class=\"wp-image-43956\" srcset=\"https:\/\/contextoanalisisperiodistico.com\/wp-content\/uploads\/2025\/07\/img-20250719-wa00952836403995093675711-1024x683.jpg 1024w, https:\/\/contextoanalisisperiodistico.com\/wp-content\/uploads\/2025\/07\/img-20250719-wa00952836403995093675711-300x200.jpg 300w, https:\/\/contextoanalisisperiodistico.com\/wp-content\/uploads\/2025\/07\/img-20250719-wa00952836403995093675711-768x512.jpg 768w, https:\/\/contextoanalisisperiodistico.com\/wp-content\/uploads\/2025\/07\/img-20250719-wa00952836403995093675711-1536x1024.jpg 1536w, https:\/\/contextoanalisisperiodistico.com\/wp-content\/uploads\/2025\/07\/img-20250719-wa00952836403995093675711.jpg 1600w\" sizes=\"(max-width: 1024px) 100vw, 1024px\" \/><\/figure>\n\n\n\n<figure class=\"wp-block-image\"><img decoding=\"async\" width=\"1024\" height=\"683\" src=\"https:\/\/contextoanalisisperiodistico.com\/wp-content\/uploads\/2025\/07\/img-20250719-wa0094482487151501381433-1024x683.jpg\" alt=\"\" class=\"wp-image-43959\" srcset=\"https:\/\/contextoanalisisperiodistico.com\/wp-content\/uploads\/2025\/07\/img-20250719-wa0094482487151501381433-1024x683.jpg 1024w, https:\/\/contextoanalisisperiodistico.com\/wp-content\/uploads\/2025\/07\/img-20250719-wa0094482487151501381433-300x200.jpg 300w, https:\/\/contextoanalisisperiodistico.com\/wp-content\/uploads\/2025\/07\/img-20250719-wa0094482487151501381433-768x512.jpg 768w, https:\/\/contextoanalisisperiodistico.com\/wp-content\/uploads\/2025\/07\/img-20250719-wa0094482487151501381433-1536x1024.jpg 1536w, https:\/\/contextoanalisisperiodistico.com\/wp-content\/uploads\/2025\/07\/img-20250719-wa0094482487151501381433.jpg 1600w\" sizes=\"(max-width: 1024px) 100vw, 1024px\" \/><\/figure>\n\n\n\n<figure class=\"wp-block-image\"><img decoding=\"async\" width=\"1024\" height=\"682\" src=\"https:\/\/contextoanalisisperiodistico.com\/wp-content\/uploads\/2025\/07\/img-20250719-wa00933249180654331399022-1024x682.jpg\" alt=\"\" class=\"wp-image-43958\" srcset=\"https:\/\/contextoanalisisperiodistico.com\/wp-content\/uploads\/2025\/07\/img-20250719-wa00933249180654331399022-1024x682.jpg 1024w, https:\/\/contextoanalisisperiodistico.com\/wp-content\/uploads\/2025\/07\/img-20250719-wa00933249180654331399022-300x200.jpg 300w, https:\/\/contextoanalisisperiodistico.com\/wp-content\/uploads\/2025\/07\/img-20250719-wa00933249180654331399022-768x512.jpg 768w, https:\/\/contextoanalisisperiodistico.com\/wp-content\/uploads\/2025\/07\/img-20250719-wa00933249180654331399022.jpg 1280w\" sizes=\"(max-width: 1024px) 100vw, 1024px\" \/><\/figure>\n\n\n\n<figure class=\"wp-block-image\"><img loading=\"lazy\" decoding=\"async\" width=\"1024\" height=\"683\" src=\"https:\/\/contextoanalisisperiodistico.com\/wp-content\/uploads\/2025\/07\/img-20250719-wa0096619029643964826943-1024x683.jpg\" alt=\"\" class=\"wp-image-43957\" srcset=\"https:\/\/contextoanalisisperiodistico.com\/wp-content\/uploads\/2025\/07\/img-20250719-wa0096619029643964826943-1024x683.jpg 1024w, https:\/\/contextoanalisisperiodistico.com\/wp-content\/uploads\/2025\/07\/img-20250719-wa0096619029643964826943-300x200.jpg 300w, https:\/\/contextoanalisisperiodistico.com\/wp-content\/uploads\/2025\/07\/img-20250719-wa0096619029643964826943-768x512.jpg 768w, https:\/\/contextoanalisisperiodistico.com\/wp-content\/uploads\/2025\/07\/img-20250719-wa0096619029643964826943-1536x1024.jpg 1536w, https:\/\/contextoanalisisperiodistico.com\/wp-content\/uploads\/2025\/07\/img-20250719-wa0096619029643964826943.jpg 1600w\" sizes=\"(max-width: 1024px) 100vw, 1024px\" \/><\/figure>\n\n\n\n<figure class=\"wp-block-image\"><img loading=\"lazy\" decoding=\"async\" width=\"1024\" height=\"682\" src=\"https:\/\/contextoanalisisperiodistico.com\/wp-content\/uploads\/2025\/07\/img-20250719-wa00971830099018419044103-1024x682.jpg\" alt=\"\" class=\"wp-image-43960\" srcset=\"https:\/\/contextoanalisisperiodistico.com\/wp-content\/uploads\/2025\/07\/img-20250719-wa00971830099018419044103-1024x682.jpg 1024w, https:\/\/contextoanalisisperiodistico.com\/wp-content\/uploads\/2025\/07\/img-20250719-wa00971830099018419044103-300x200.jpg 300w, https:\/\/contextoanalisisperiodistico.com\/wp-content\/uploads\/2025\/07\/img-20250719-wa00971830099018419044103-768x512.jpg 768w, https:\/\/contextoanalisisperiodistico.com\/wp-content\/uploads\/2025\/07\/img-20250719-wa00971830099018419044103.jpg 1280w\" sizes=\"(max-width: 1024px) 100vw, 1024px\" \/><\/figure>\n\n\n\n<figure class=\"wp-block-image\"><img loading=\"lazy\" decoding=\"async\" width=\"1024\" height=\"683\" src=\"https:\/\/contextoanalisisperiodistico.com\/wp-content\/uploads\/2025\/07\/img-20250719-wa00985841266029710403123-1024x683.jpg\" alt=\"\" class=\"wp-image-43961\" srcset=\"https:\/\/contextoanalisisperiodistico.com\/wp-content\/uploads\/2025\/07\/img-20250719-wa00985841266029710403123-1024x683.jpg 1024w, https:\/\/contextoanalisisperiodistico.com\/wp-content\/uploads\/2025\/07\/img-20250719-wa00985841266029710403123-300x200.jpg 300w, https:\/\/contextoanalisisperiodistico.com\/wp-content\/uploads\/2025\/07\/img-20250719-wa00985841266029710403123-768x512.jpg 768w, https:\/\/contextoanalisisperiodistico.com\/wp-content\/uploads\/2025\/07\/img-20250719-wa00985841266029710403123-1536x1024.jpg 1536w, https:\/\/contextoanalisisperiodistico.com\/wp-content\/uploads\/2025\/07\/img-20250719-wa00985841266029710403123.jpg 1600w\" sizes=\"(max-width: 1024px) 100vw, 1024px\" \/><\/figure>\n\n\n\n<p>San Juan Bautista Tuxtepec, Oax. 19 de julio de 2025.- Como parte de la consolidaci\u00f3n del sistema de salud p\u00fablica en Oaxaca, el Gobernador Salom\u00f3n Jara Cruz acompa\u00f1\u00f3 a la Presidenta de M\u00e9xico Claudia Sheinbaum Pardo en la supervisi\u00f3n de obra del Hospital General IMSS Bienestar Tuxtepec, que ser\u00e1 el nuevo centro regional de referencia para la atenci\u00f3n de enfermedades complejas y urgencias m\u00e9dicas, beneficiando a m\u00e1s de 1 mill\u00f3n de personas de 109 municipio de Oaxaca y Veracruz.<\/p>\n\n\n\n<p>En este acto, el Mandatario estatal expres\u00f3 que esta nueva infraestructura hospitalaria, que requiri\u00f3 m\u00e1s de 2 mil 300 millones de pesos en inversi\u00f3n, cubierta con recursos de la venta del avi\u00f3n presidencial en el sexenio anterior; complementar\u00e1 los servicios del reci\u00e9n inaugurado Hospital de la Mujer y la Ni\u00f1ez Oaxaque\u00f1a, el Hospital Civil Aurelio Valdivieso y los centros de salud en Ixtl\u00e1n, Santiago Astata y San Pablo Villa de Mitla.<\/p>\n\n\n\n<p>\u201cLa construcci\u00f3n y equipamiento de este emblem\u00e1tico hospital es solo una muestra m\u00e1s de la voluntad del Gobierno de la Rep\u00fablica para saldar la deuda hist\u00f3rica con nuestros pueblos y nuestras comunidades, con los sectores m\u00e1s marginados y excluidos, y con cualquier persona que requiera para s\u00ed o para su familia, atenci\u00f3n m\u00e9dica de calidad y medicamentos gratuitos\u201d, dijo.<\/p>\n\n\n\n<p>En este marco, Jara Cruz reconoci\u00f3 los esfuerzos del Gobierno de M\u00e9xico para abastecer las claves de medicamentos y contratar personal sanitario para el adecuado funcionamiento del sistema de salud en el estado.<\/p>\n\n\n\n<p>\u201cCada obra y cada peso invertido en la salud de las y los oaxaque\u00f1os es invaluable, porque representa esperanza y dignidad para nuestro pueblo\u201d, expres\u00f3.<\/p>\n\n\n\n<p>En su oportunidad, la Presidenta Claudia Sheinbaum Pardo destac\u00f3 que en la Cuarta Transformaci\u00f3n los compromisos se cumplen y la edificaci\u00f3n de este nosocomio es uno de los m\u00e1s importantes de salud en el sur-sureste del pa\u00eds, construido, junto con el de Tlapa, Guerrero, con la venta del avi\u00f3n presidencial, lo que representa un s\u00edmbolo al brindar atenci\u00f3n de primer nivel para el pueblo y acabar con los privilegios del gobernante.<\/p>\n\n\n\n<p>\u201cAhora, en la Cuarta Transformaci\u00f3n, el acceso a la salud no es una mercanc\u00eda, no es un privilegio, es un derecho del pueblo de M\u00e9xico\u201d, dijo, y asever\u00f3 que tras muchos a\u00f1os de abandono y privatizaci\u00f3n del sector salud, ahora se tiene el compromiso de seguir apoyando a Oaxaca con m\u00e1s obras como esta.<\/p>\n\n\n\n<p>El director general del IMSS Bienestar, Alejandro Svarch P\u00e9rez, detall\u00f3 que este nosocomio construido en una superficie de 4 hect\u00e1reas por ingenieros del Ej\u00e9rcito Mexicano, brindar\u00e1 servicios de medicina interna, ginecolog\u00eda, pediatr\u00eda, urolog\u00eda y cardiolog\u00eda, por mencionar algunos, para lo cual ya se cuenta con 47 especialistas que comenzar\u00e1n a trabajar el 1 de agosto.<\/p>\n\n\n\n<p>Asimismo, anunci\u00f3 que se ha destinado a Oaxaca m\u00e1s de 3 mil millones de pesos para la rehabilitaci\u00f3n de 62 quir\u00f3fanos de 39 hospitales este a\u00f1o. Asimismo, se iniciar\u00e1n seis acciones estrat\u00e9gicas que incluir\u00e1 la sustituci\u00f3n de los hospitales Aurelio Valdivieso, de San Pablo Huixtepec y de Huajuapan.<\/p>\n\n\n\n<p>El Hospital General IMSS Bienestar Tuxtepec cuenta con 90 camas censables y 60 no censables, 25 consultorios, 3 quir\u00f3fanos, 2 sala de parto condicionada para embarazadas de alto riesgo; 2 ambulancias de terapia intensiva, 1 servicio de imagenolog\u00eda y 1 laboratorio.<\/p>\n\n\n\n<p>-0-<\/p>\n","protected":false},"excerpt":{"rendered":"<p>\u2022 Construido con m\u00e1s de 2 mil millones de pesos, ser\u00e1 el nuevo centro regional&#8230;<\/p>\n","protected":false},"author":4,"featured_media":43955,"comment_status":"","ping_status":"open","sticky":false,"template":"","format":"standard","meta":{"footnotes":""},"categories":[9],"tags":[230,134,261],"jetpack_sharing_enabled":true,"featured_image_urls":{"full":["https:\/\/contextoanalisisperiodistico.com\/wp-content\/uploads\/2025\/07\/IMG-20250719-WA0092.jpg",1540,1600,false],"thumbnail":["https:\/\/contextoanalisisperiodistico.com\/wp-content\/uploads\/2025\/07\/IMG-20250719-WA0092-150x150.jpg",150,150,true],"medium":["https:\/\/contextoanalisisperiodistico.com\/wp-content\/uploads\/2025\/07\/IMG-20250719-WA0092-289x300.jpg",289,300,true],"medium_large":["https:\/\/contextoanalisisperiodistico.com\/wp-content\/uploads\/2025\/07\/IMG-20250719-WA0092-768x798.jpg",640,665,true],"large":["https:\/\/contextoanalisisperiodistico.com\/wp-content\/uploads\/2025\/07\/IMG-20250719-WA0092-986x1024.jpg",640,665,true],"1536x1536":["https:\/\/contextoanalisisperiodistico.com\/wp-content\/uploads\/2025\/07\/IMG-20250719-WA0092-1478x1536.jpg",1478,1536,true],"2048x2048":["https:\/\/contextoanalisisperiodistico.com\/wp-content\/uploads\/2025\/07\/IMG-20250719-WA0092.jpg",1540,1600,false],"covernews-slider-full":["https:\/\/contextoanalisisperiodistico.com\/wp-content\/uploads\/2025\/07\/IMG-20250719-WA0092-1115x715.jpg",1115,715,true],"covernews-slider-center":["https:\/\/contextoanalisisperiodistico.com\/wp-content\/uploads\/2025\/07\/IMG-20250719-WA0092-800x500.jpg",800,500,true],"covernews-featured":["https:\/\/contextoanalisisperiodistico.com\/wp-content\/uploads\/2025\/07\/IMG-20250719-WA0092-1024x1064.jpg",1024,1064,true],"covernews-medium":["https:\/\/contextoanalisisperiodistico.com\/wp-content\/uploads\/2025\/07\/IMG-20250719-WA0092-540x340.jpg",540,340,true],"covernews-medium-square":["https:\/\/contextoanalisisperiodistico.com\/wp-content\/uploads\/2025\/07\/IMG-20250719-WA0092-400x250.jpg",400,250,true]},"author_info":{"display_name":"Mario Gir\u00f3n","author_link":"https:\/\/contextoanalisisperiodistico.com\/index.php\/author\/director\/"},"category_info":"<a href=\"https:\/\/contextoanalisisperiodistico.com\/index.php\/category\/politica\/\" rel=\"category tag\">Pol\u00edtica<\/a>","tag_info":"Pol\u00edtica","comment_count":"0","jetpack_featured_media_url":"https:\/\/contextoanalisisperiodistico.com\/wp-content\/uploads\/2025\/07\/IMG-20250719-WA0092.jpg","_links":{"self":[{"href":"https:\/\/contextoanalisisperiodistico.com\/index.php\/wp-json\/wp\/v2\/posts\/43962"}],"collection":[{"href":"https:\/\/contextoanalisisperiodistico.com\/index.php\/wp-json\/wp\/v2\/posts"}],"about":[{"href":"https:\/\/contextoanalisisperiodistico.com\/index.php\/wp-json\/wp\/v2\/types\/post"}],"author":[{"embeddable":true,"href":"https:\/\/contextoanalisisperiodistico.com\/index.php\/wp-json\/wp\/v2\/users\/4"}],"replies":[{"embeddable":true,"href":"https:\/\/contextoanalisisperiodistico.com\/index.php\/wp-json\/wp\/v2\/comments?post=43962"}],"version-history":[{"count":0,"href":"https:\/\/contextoanalisisperiodistico.com\/index.php\/wp-json\/wp\/v2\/posts\/43962\/revisions"}],"wp:featuredmedia":[{"embeddable":true,"href":"https:\/\/contextoanalisisperiodistico.com\/index.php\/wp-json\/wp\/v2\/media\/43955"}],"wp:attachment":[{"href":"https:\/\/contextoanalisisperiodistico.com\/index.php\/wp-json\/wp\/v2\/media?parent=43962"}],"wp:term":[{"taxonomy":"category","embeddable":true,"href":"https:\/\/contextoanalisisperiodistico.com\/index.php\/wp-json\/wp\/v2\/categories?post=43962"},{"taxonomy":"post_tag","embeddable":true,"href":"https:\/\/contextoanalisisperiodistico.com\/index.php\/wp-json\/wp\/v2\/tags?post=43962"}],"curies":[{"name":"wp","href":"https:\/\/api.w.org\/{rel}","templated":true}]}}