{"id":43943,"date":"2025-07-19T11:43:24","date_gmt":"2025-07-19T17:43:24","guid":{"rendered":"https:\/\/contextoanalisisperiodistico.com\/index.php\/2025\/07\/19\/torneo-internacional-de-pelota-mixteca-lunes-del-cerro-2025-inaugura-gobernador-de-oaxaca\/"},"modified":"2025-07-19T11:43:24","modified_gmt":"2025-07-19T17:43:24","slug":"torneo-internacional-de-pelota-mixteca-lunes-del-cerro-2025-inaugura-gobernador-de-oaxaca","status":"publish","type":"post","link":"https:\/\/contextoanalisisperiodistico.com\/index.php\/2025\/07\/19\/torneo-internacional-de-pelota-mixteca-lunes-del-cerro-2025-inaugura-gobernador-de-oaxaca\/","title":{"rendered":"Torneo Internacional de Pelota Mixteca \u201cLunes del Cerro\u201d 2025, inaugura Gobernador de Oaxaca"},"content":{"rendered":"<div id=\"fb-root\"><\/div>\n\n<p>\u2022 M\u00e1s de 200 jugadoras y jugadores llevar\u00e1n a cabo encuentros de este deporte ancestral en las modalidades hule, esponja y forro<\/p>\n\n\n\n<p>Oaxaca de Ju\u00e1rez, Oax. 19 de julio de 2025.- En el marco del D\u00eda Estatal del Juego de la Pelota Mixteca, en las canchas del Instituto Tecnol\u00f3gico de Oaxaca (ITO), el Gobernador Salom\u00f3n Jara Cruz inaugur\u00f3 el Torneo Internacional de Pelota Mixteca \u201cLunes del Cerro\u201d 2025, deporte lleno de historia que ha tenido avances en su recuperaci\u00f3n y pr\u00e1ctica en diversos grupos de edad.<\/p>\n\n\n\n<p>En presencia de la representante de la Diosa Cent\u00e9otl 2025, Patricia Casiano Zaragoza, se dio inicio a los encuentros que, por tercer a\u00f1o consecutivo, reunir\u00e1n a m\u00e1s de 200 deportistas de las ocho regiones, en sus tres modalidades: hule, esponja y forro.<\/p>\n\n\n\n<p>El director de Instituto del Deporte (Indeporte), Arturo de Jes\u00fas Ch\u00e1vez Ram\u00edrez explic\u00f3 que este juego es una herencia ancestral \u00fanica en su tipo, que se combina con el ambiente tradicional de las fiestas de Julio, Mes de la Guelaguetza; pues definen la identidad oaxaque\u00f1a y esp\u00edritu comunitario.<\/p>\n\n\n\n<p>\u201cHoy rendimos homenaje a todas las generaciones que han luchado porque este deporte se mantenga a pesar de las inclemencias. El juego de la pelota mixteca es una expresi\u00f3n viva de un pueblo con profundas ra\u00edces, historias tejidas a mano e identidad que no se doblega\u201d, expres\u00f3.<\/p>\n\n\n\n<p>La administraci\u00f3n del Gobernador Salom\u00f3n Jara transform\u00f3 el panorama de esta pr\u00e1ctica, que estaba en camino a perderse totalmente. Como parte de este impulso, se incluy\u00f3 en el calendario deportivo de la m\u00e1xima fiesta de las y los oaxaque\u00f1os.<\/p>\n\n\n\n<p>La categor\u00eda de pelota de hule se jugar\u00e1 los d\u00edas 20, 21, 27 y 28 de julio en el Pasajuego Benito Ju\u00e1rez de la Unidad Deportiva del Instituto Tecnol\u00f3gico de Oaxaca; la modalidad de pelota de esponja se disputar\u00e1 los d\u00edas 20 y 27 de julio en el Pasajuego de la Universidad Aut\u00f3noma Benito Ju\u00e1rez de Oaxaca; y los encuentros de pelota de forro se celebrar\u00e1n el 26 y 27 de julio en el municipio de Santiago Juxtlahuaca.<\/p>\n\n\n\n<p>\u201cEstas actividades deportivas no solo sirven para visibilizar y rescatar las costumbres y nuestros juegos, sino tambi\u00e9n para darle a las juventudes otras \u00e1reas de oportunidad\u201d, detall\u00f3, el Subsecretario de Educaci\u00f3n Superior, Sesul Bola\u00f1os<\/p>\n\n\n\n<p>En tanto, el pelotero Er\u00f3n Santiago Cirigo agradeci\u00f3 el apoyo que se ha dado a esta disciplina que les brinda satisfacci\u00f3n porque representa un deporte ancestral.<\/p>\n\n\n\n<p>El Gobierno de Oaxaca construye pol\u00edticas p\u00fablicas con atenci\u00f3n a la diversidad cultural de la entidad y refuerza el sentido comunitario de la poblaci\u00f3n.<\/p>\n\n\n\n<p>-0-<\/p>\n\n\n\n<figure class=\"wp-block-image size-large\"><img fetchpriority=\"high\" decoding=\"async\" width=\"1024\" height=\"682\" src=\"https:\/\/contextoanalisisperiodistico.com\/wp-content\/uploads\/2025\/07\/img-20250719-wa00363561829071536359466-1024x682.jpg\" alt=\"\" class=\"wp-image-43939\" srcset=\"https:\/\/contextoanalisisperiodistico.com\/wp-content\/uploads\/2025\/07\/img-20250719-wa00363561829071536359466-1024x682.jpg 1024w, https:\/\/contextoanalisisperiodistico.com\/wp-content\/uploads\/2025\/07\/img-20250719-wa00363561829071536359466-300x200.jpg 300w, https:\/\/contextoanalisisperiodistico.com\/wp-content\/uploads\/2025\/07\/img-20250719-wa00363561829071536359466-768x512.jpg 768w, https:\/\/contextoanalisisperiodistico.com\/wp-content\/uploads\/2025\/07\/img-20250719-wa00363561829071536359466.jpg 1280w\" sizes=\"(max-width: 1024px) 100vw, 1024px\" \/><\/figure>\n\n\n\n<figure class=\"wp-block-image\"><img decoding=\"async\" width=\"1024\" height=\"682\" src=\"https:\/\/contextoanalisisperiodistico.com\/wp-content\/uploads\/2025\/07\/img-20250719-wa00376727300985782188157-1024x682.jpg\" alt=\"\" class=\"wp-image-43941\" srcset=\"https:\/\/contextoanalisisperiodistico.com\/wp-content\/uploads\/2025\/07\/img-20250719-wa00376727300985782188157-1024x682.jpg 1024w, https:\/\/contextoanalisisperiodistico.com\/wp-content\/uploads\/2025\/07\/img-20250719-wa00376727300985782188157-300x200.jpg 300w, https:\/\/contextoanalisisperiodistico.com\/wp-content\/uploads\/2025\/07\/img-20250719-wa00376727300985782188157-768x512.jpg 768w, https:\/\/contextoanalisisperiodistico.com\/wp-content\/uploads\/2025\/07\/img-20250719-wa00376727300985782188157.jpg 1280w\" sizes=\"(max-width: 1024px) 100vw, 1024px\" \/><\/figure>\n\n\n\n<figure class=\"wp-block-image\"><img decoding=\"async\" width=\"1024\" height=\"683\" src=\"https:\/\/contextoanalisisperiodistico.com\/wp-content\/uploads\/2025\/07\/img-20250719-wa00389070288726855226237-1024x683.jpg\" alt=\"\" class=\"wp-image-43942\" srcset=\"https:\/\/contextoanalisisperiodistico.com\/wp-content\/uploads\/2025\/07\/img-20250719-wa00389070288726855226237-1024x683.jpg 1024w, https:\/\/contextoanalisisperiodistico.com\/wp-content\/uploads\/2025\/07\/img-20250719-wa00389070288726855226237-300x200.jpg 300w, https:\/\/contextoanalisisperiodistico.com\/wp-content\/uploads\/2025\/07\/img-20250719-wa00389070288726855226237-768x512.jpg 768w, https:\/\/contextoanalisisperiodistico.com\/wp-content\/uploads\/2025\/07\/img-20250719-wa00389070288726855226237.jpg 1279w\" sizes=\"(max-width: 1024px) 100vw, 1024px\" \/><\/figure>\n\n\n\n<figure class=\"wp-block-image\"><img loading=\"lazy\" decoding=\"async\" width=\"1024\" height=\"682\" src=\"https:\/\/contextoanalisisperiodistico.com\/wp-content\/uploads\/2025\/07\/img-20250719-wa00395479237114141535851-1024x682.jpg\" alt=\"\" class=\"wp-image-43940\" srcset=\"https:\/\/contextoanalisisperiodistico.com\/wp-content\/uploads\/2025\/07\/img-20250719-wa00395479237114141535851-1024x682.jpg 1024w, https:\/\/contextoanalisisperiodistico.com\/wp-content\/uploads\/2025\/07\/img-20250719-wa00395479237114141535851-300x200.jpg 300w, https:\/\/contextoanalisisperiodistico.com\/wp-content\/uploads\/2025\/07\/img-20250719-wa00395479237114141535851-768x512.jpg 768w, https:\/\/contextoanalisisperiodistico.com\/wp-content\/uploads\/2025\/07\/img-20250719-wa00395479237114141535851.jpg 1280w\" sizes=\"(max-width: 1024px) 100vw, 1024px\" \/><\/figure>\n","protected":false},"excerpt":{"rendered":"<p>\u2022 M\u00e1s de 200 jugadoras y jugadores llevar\u00e1n a cabo encuentros de este deporte ancestral&#8230;<\/p>\n","protected":false},"author":4,"featured_media":43938,"comment_status":"","ping_status":"open","sticky":false,"template":"","format":"standard","meta":{"footnotes":""},"categories":[5],"tags":[],"jetpack_sharing_enabled":true,"featured_image_urls":{"full":["https:\/\/contextoanalisisperiodistico.com\/wp-content\/uploads\/2025\/07\/IMG-20250719-WA0034.jpg",1280,853,false],"thumbnail":["https:\/\/contextoanalisisperiodistico.com\/wp-content\/uploads\/2025\/07\/IMG-20250719-WA0034-150x150.jpg",150,150,true],"medium":["https:\/\/contextoanalisisperiodistico.com\/wp-content\/uploads\/2025\/07\/IMG-20250719-WA0034-300x200.jpg",300,200,true],"medium_large":["https:\/\/contextoanalisisperiodistico.com\/wp-content\/uploads\/2025\/07\/IMG-20250719-WA0034-768x512.jpg",640,427,true],"large":["https:\/\/contextoanalisisperiodistico.com\/wp-content\/uploads\/2025\/07\/IMG-20250719-WA0034-1024x682.jpg",640,426,true],"1536x1536":["https:\/\/contextoanalisisperiodistico.com\/wp-content\/uploads\/2025\/07\/IMG-20250719-WA0034.jpg",1280,853,false],"2048x2048":["https:\/\/contextoanalisisperiodistico.com\/wp-content\/uploads\/2025\/07\/IMG-20250719-WA0034.jpg",1280,853,false],"covernews-slider-full":["https:\/\/contextoanalisisperiodistico.com\/wp-content\/uploads\/2025\/07\/IMG-20250719-WA0034-1115x715.jpg",1115,715,true],"covernews-slider-center":["https:\/\/contextoanalisisperiodistico.com\/wp-content\/uploads\/2025\/07\/IMG-20250719-WA0034-800x500.jpg",800,500,true],"covernews-featured":["https:\/\/contextoanalisisperiodistico.com\/wp-content\/uploads\/2025\/07\/IMG-20250719-WA0034-1024x682.jpg",1024,682,true],"covernews-medium":["https:\/\/contextoanalisisperiodistico.com\/wp-content\/uploads\/2025\/07\/IMG-20250719-WA0034-540x340.jpg",540,340,true],"covernews-medium-square":["https:\/\/contextoanalisisperiodistico.com\/wp-content\/uploads\/2025\/07\/IMG-20250719-WA0034-400x250.jpg",400,250,true]},"author_info":{"display_name":"Mario Gir\u00f3n","author_link":"https:\/\/contextoanalisisperiodistico.com\/index.php\/author\/director\/"},"category_info":"<a href=\"https:\/\/contextoanalisisperiodistico.com\/index.php\/category\/deportes\/\" rel=\"category tag\">Deportes<\/a>","tag_info":"Deportes","comment_count":"0","jetpack_featured_media_url":"https:\/\/contextoanalisisperiodistico.com\/wp-content\/uploads\/2025\/07\/IMG-20250719-WA0034.jpg","_links":{"self":[{"href":"https:\/\/contextoanalisisperiodistico.com\/index.php\/wp-json\/wp\/v2\/posts\/43943"}],"collection":[{"href":"https:\/\/contextoanalisisperiodistico.com\/index.php\/wp-json\/wp\/v2\/posts"}],"about":[{"href":"https:\/\/contextoanalisisperiodistico.com\/index.php\/wp-json\/wp\/v2\/types\/post"}],"author":[{"embeddable":true,"href":"https:\/\/contextoanalisisperiodistico.com\/index.php\/wp-json\/wp\/v2\/users\/4"}],"replies":[{"embeddable":true,"href":"https:\/\/contextoanalisisperiodistico.com\/index.php\/wp-json\/wp\/v2\/comments?post=43943"}],"version-history":[{"count":0,"href":"https:\/\/contextoanalisisperiodistico.com\/index.php\/wp-json\/wp\/v2\/posts\/43943\/revisions"}],"wp:featuredmedia":[{"embeddable":true,"href":"https:\/\/contextoanalisisperiodistico.com\/index.php\/wp-json\/wp\/v2\/media\/43938"}],"wp:attachment":[{"href":"https:\/\/contextoanalisisperiodistico.com\/index.php\/wp-json\/wp\/v2\/media?parent=43943"}],"wp:term":[{"taxonomy":"category","embeddable":true,"href":"https:\/\/contextoanalisisperiodistico.com\/index.php\/wp-json\/wp\/v2\/categories?post=43943"},{"taxonomy":"post_tag","embeddable":true,"href":"https:\/\/contextoanalisisperiodistico.com\/index.php\/wp-json\/wp\/v2\/tags?post=43943"}],"curies":[{"name":"wp","href":"https:\/\/api.w.org\/{rel}","templated":true}]}}