{"id":43913,"date":"2025-07-18T14:01:20","date_gmt":"2025-07-18T20:01:20","guid":{"rendered":"https:\/\/contextoanalisisperiodistico.com\/index.php\/2025\/07\/18\/el-jardin-el-panuelito-se-llena-de-vida-en-el-mes-de-la-guelaguetza\/"},"modified":"2025-07-18T14:01:20","modified_gmt":"2025-07-18T20:01:20","slug":"el-jardin-el-panuelito-se-llena-de-vida-en-el-mes-de-la-guelaguetza","status":"publish","type":"post","link":"https:\/\/contextoanalisisperiodistico.com\/index.php\/2025\/07\/18\/el-jardin-el-panuelito-se-llena-de-vida-en-el-mes-de-la-guelaguetza\/","title":{"rendered":"El Jard\u00edn El Pa\u00f1uelito se llena de vida en el mes de la Guelaguetza"},"content":{"rendered":"<div id=\"fb-root\"><\/div>\n\n<p>\u2022 Arte, m\u00fasica y tradici\u00f3n en un espacio recuperado para el disfrute de todas y todos<\/p>\n\n\n\n<figure class=\"wp-block-image size-large\"><img fetchpriority=\"high\" decoding=\"async\" width=\"819\" height=\"1024\" src=\"https:\/\/contextoanalisisperiodistico.com\/wp-content\/uploads\/2025\/07\/img-20250718-wa00719123331051471489425-819x1024.jpg\" alt=\"\" class=\"wp-image-43912\" srcset=\"https:\/\/contextoanalisisperiodistico.com\/wp-content\/uploads\/2025\/07\/img-20250718-wa00719123331051471489425-819x1024.jpg 819w, https:\/\/contextoanalisisperiodistico.com\/wp-content\/uploads\/2025\/07\/img-20250718-wa00719123331051471489425-240x300.jpg 240w, https:\/\/contextoanalisisperiodistico.com\/wp-content\/uploads\/2025\/07\/img-20250718-wa00719123331051471489425-768x960.jpg 768w, https:\/\/contextoanalisisperiodistico.com\/wp-content\/uploads\/2025\/07\/img-20250718-wa00719123331051471489425-1024x1280.jpg 1024w, https:\/\/contextoanalisisperiodistico.com\/wp-content\/uploads\/2025\/07\/img-20250718-wa00719123331051471489425.jpg 1200w\" sizes=\"(max-width: 819px) 100vw, 819px\" \/><\/figure>\n\n\n\n<figure class=\"wp-block-image\"><img decoding=\"async\" width=\"768\" height=\"1024\" src=\"https:\/\/contextoanalisisperiodistico.com\/wp-content\/uploads\/2025\/07\/img-20250718-wa00726180621412605834435-768x1024.jpg\" alt=\"\" class=\"wp-image-43911\" srcset=\"https:\/\/contextoanalisisperiodistico.com\/wp-content\/uploads\/2025\/07\/img-20250718-wa00726180621412605834435-768x1024.jpg 768w, https:\/\/contextoanalisisperiodistico.com\/wp-content\/uploads\/2025\/07\/img-20250718-wa00726180621412605834435-225x300.jpg 225w, https:\/\/contextoanalisisperiodistico.com\/wp-content\/uploads\/2025\/07\/img-20250718-wa00726180621412605834435-1152x1536.jpg 1152w, https:\/\/contextoanalisisperiodistico.com\/wp-content\/uploads\/2025\/07\/img-20250718-wa00726180621412605834435-1024x1365.jpg 1024w, https:\/\/contextoanalisisperiodistico.com\/wp-content\/uploads\/2025\/07\/img-20250718-wa00726180621412605834435.jpg 1200w\" sizes=\"(max-width: 768px) 100vw, 768px\" \/><\/figure>\n\n\n\n<p>Oaxaca de Ju\u00e1rez, Oax.,18 de julio de 2025.- Durante este mes de Guelaguetza, el Jard\u00edn El Pa\u00f1uelito se convierte en un espacio vivo de encuentro y expresi\u00f3n cultural, gracias al programa \u201cEl Pa\u00f1uelito: Jard\u00edn de Cultura y Tradici\u00f3n\u201d, impulsado por el Municipio de Oaxaca de Ju\u00e1rez tras recuperar este emblem\u00e1tico sitio para el disfrute de vecinas, vecinos y visitantes.<\/p>\n\n\n\n<p>Este viernes 18 de julio inicia la cartelera art\u00edstica con tres eventos imperdibles, a las 17:00 horas se presentar\u00e1 el grupo folkl\u00f3rico de adultos mayores \u201cGuendabi Chi\u201d. Una muestra de orgullo y preservaci\u00f3n de nuestras ra\u00edces a trav\u00e9s del talento de quienes mantienen viva la herencia cultural oaxaque\u00f1a.<br \/>A las 18:00 horas, el Concierto del Cuarteto de Cuerdas Ori\u00f3n. Una experiencia musical al aire libre, con sonidos que van del viol\u00edn al violonchelo, envolviendo el alma del centro hist\u00f3rico.<\/p>\n\n\n\n<p>Mientras que este s\u00e1bado 19 de julio a las 20:00 horas, El Pa\u00f1uelito se llenar\u00e1 de magia con la voz e interpretaci\u00f3n de Miroslava Ferra, artista istme\u00f1a que nos invita a conectar con lo m\u00e1s profundo de nuestras emociones.<br \/>Todos los eventos son gratuitos y abiertos a todo p\u00fablico.<\/p>\n\n\n\n<p>Adem\u00e1s de estos encuentros musicales y danc\u00edsticos, el espacio ofrecer\u00e1 actividades durante todo julio y principios de agosto, que incluyen:<br \/>Presentaciones de bandas filarm\u00f3nicas, ensambles folkl\u00f3ricos y marimba, talleres de artes pl\u00e1sticas, visuales y filosof\u00eda para ni\u00f1as, ni\u00f1os y j\u00f3venes, iniciaci\u00f3n al zapoteco y actividades reflexivas como parte de la formaci\u00f3n cultural comunitaria.<\/p>\n\n\n\n<p>Para conocer la programaci\u00f3n completa, te invitamos a seguir las redes sociales oficiales de la Secretar\u00eda de Arte y Cultura de Oaxaca de Ju\u00e1rez.<\/p>\n","protected":false},"excerpt":{"rendered":"<p>\u2022 Arte, m\u00fasica y tradici\u00f3n en un espacio recuperado para el disfrute de todas y&#8230;<\/p>\n","protected":false},"author":4,"featured_media":43910,"comment_status":"","ping_status":"open","sticky":false,"template":"","format":"standard","meta":{"footnotes":""},"categories":[4],"tags":[178,235,234,45],"jetpack_sharing_enabled":true,"featured_image_urls":{"full":["https:\/\/contextoanalisisperiodistico.com\/wp-content\/uploads\/2025\/07\/IMG-20250718-WA0070.jpg",1200,1500,false],"thumbnail":["https:\/\/contextoanalisisperiodistico.com\/wp-content\/uploads\/2025\/07\/IMG-20250718-WA0070-150x150.jpg",150,150,true],"medium":["https:\/\/contextoanalisisperiodistico.com\/wp-content\/uploads\/2025\/07\/IMG-20250718-WA0070-240x300.jpg",240,300,true],"medium_large":["https:\/\/contextoanalisisperiodistico.com\/wp-content\/uploads\/2025\/07\/IMG-20250718-WA0070-768x960.jpg",640,800,true],"large":["https:\/\/contextoanalisisperiodistico.com\/wp-content\/uploads\/2025\/07\/IMG-20250718-WA0070-819x1024.jpg",640,800,true],"1536x1536":["https:\/\/contextoanalisisperiodistico.com\/wp-content\/uploads\/2025\/07\/IMG-20250718-WA0070.jpg",1200,1500,false],"2048x2048":["https:\/\/contextoanalisisperiodistico.com\/wp-content\/uploads\/2025\/07\/IMG-20250718-WA0070.jpg",1200,1500,false],"covernews-slider-full":["https:\/\/contextoanalisisperiodistico.com\/wp-content\/uploads\/2025\/07\/IMG-20250718-WA0070-1115x715.jpg",1115,715,true],"covernews-slider-center":["https:\/\/contextoanalisisperiodistico.com\/wp-content\/uploads\/2025\/07\/IMG-20250718-WA0070-800x500.jpg",800,500,true],"covernews-featured":["https:\/\/contextoanalisisperiodistico.com\/wp-content\/uploads\/2025\/07\/IMG-20250718-WA0070-1024x1280.jpg",1024,1280,true],"covernews-medium":["https:\/\/contextoanalisisperiodistico.com\/wp-content\/uploads\/2025\/07\/IMG-20250718-WA0070-540x340.jpg",540,340,true],"covernews-medium-square":["https:\/\/contextoanalisisperiodistico.com\/wp-content\/uploads\/2025\/07\/IMG-20250718-WA0070-400x250.jpg",400,250,true]},"author_info":{"display_name":"Mario Gir\u00f3n","author_link":"https:\/\/contextoanalisisperiodistico.com\/index.php\/author\/director\/"},"category_info":"<a href=\"https:\/\/contextoanalisisperiodistico.com\/index.php\/category\/cultura\/\" rel=\"category tag\">Cultura<\/a>","tag_info":"Cultura","comment_count":"0","jetpack_featured_media_url":"https:\/\/contextoanalisisperiodistico.com\/wp-content\/uploads\/2025\/07\/IMG-20250718-WA0070.jpg","_links":{"self":[{"href":"https:\/\/contextoanalisisperiodistico.com\/index.php\/wp-json\/wp\/v2\/posts\/43913"}],"collection":[{"href":"https:\/\/contextoanalisisperiodistico.com\/index.php\/wp-json\/wp\/v2\/posts"}],"about":[{"href":"https:\/\/contextoanalisisperiodistico.com\/index.php\/wp-json\/wp\/v2\/types\/post"}],"author":[{"embeddable":true,"href":"https:\/\/contextoanalisisperiodistico.com\/index.php\/wp-json\/wp\/v2\/users\/4"}],"replies":[{"embeddable":true,"href":"https:\/\/contextoanalisisperiodistico.com\/index.php\/wp-json\/wp\/v2\/comments?post=43913"}],"version-history":[{"count":0,"href":"https:\/\/contextoanalisisperiodistico.com\/index.php\/wp-json\/wp\/v2\/posts\/43913\/revisions"}],"wp:featuredmedia":[{"embeddable":true,"href":"https:\/\/contextoanalisisperiodistico.com\/index.php\/wp-json\/wp\/v2\/media\/43910"}],"wp:attachment":[{"href":"https:\/\/contextoanalisisperiodistico.com\/index.php\/wp-json\/wp\/v2\/media?parent=43913"}],"wp:term":[{"taxonomy":"category","embeddable":true,"href":"https:\/\/contextoanalisisperiodistico.com\/index.php\/wp-json\/wp\/v2\/categories?post=43913"},{"taxonomy":"post_tag","embeddable":true,"href":"https:\/\/contextoanalisisperiodistico.com\/index.php\/wp-json\/wp\/v2\/tags?post=43913"}],"curies":[{"name":"wp","href":"https:\/\/api.w.org\/{rel}","templated":true}]}}