{"id":43894,"date":"2025-07-18T12:08:45","date_gmt":"2025-07-18T18:08:45","guid":{"rendered":"https:\/\/contextoanalisisperiodistico.com\/index.php\/2025\/07\/18\/expo-artesanal-2025-reunira-a-206-personas-artesanas-de-las-ocho-regiones-en-el-ccco\/"},"modified":"2025-07-18T12:08:45","modified_gmt":"2025-07-18T18:08:45","slug":"expo-artesanal-2025-reunira-a-206-personas-artesanas-de-las-ocho-regiones-en-el-ccco","status":"publish","type":"post","link":"https:\/\/contextoanalisisperiodistico.com\/index.php\/2025\/07\/18\/expo-artesanal-2025-reunira-a-206-personas-artesanas-de-las-ocho-regiones-en-el-ccco\/","title":{"rendered":"Expo Artesanal 2025 reunir\u00e1 a 206 personas artesanas de las ocho regiones en el CCCO"},"content":{"rendered":"<div id=\"fb-root\"><\/div>\n\n<p>\u2022 El acceso a esta actividad, se incluye en el boleto general de la Feria del Mezcal, cuyo costo es de 75 pesos<\/p>\n\n\n\n<figure class=\"wp-block-image size-large\"><img fetchpriority=\"high\" decoding=\"async\" width=\"1024\" height=\"682\" src=\"https:\/\/contextoanalisisperiodistico.com\/wp-content\/uploads\/2025\/07\/img-20250718-wa0030164445682424181067-1024x682.jpg\" alt=\"\" class=\"wp-image-43892\" srcset=\"https:\/\/contextoanalisisperiodistico.com\/wp-content\/uploads\/2025\/07\/img-20250718-wa0030164445682424181067-1024x682.jpg 1024w, https:\/\/contextoanalisisperiodistico.com\/wp-content\/uploads\/2025\/07\/img-20250718-wa0030164445682424181067-300x200.jpg 300w, https:\/\/contextoanalisisperiodistico.com\/wp-content\/uploads\/2025\/07\/img-20250718-wa0030164445682424181067-768x512.jpg 768w, https:\/\/contextoanalisisperiodistico.com\/wp-content\/uploads\/2025\/07\/img-20250718-wa0030164445682424181067.jpg 1280w\" sizes=\"(max-width: 1024px) 100vw, 1024px\" \/><\/figure>\n\n\n\n<figure class=\"wp-block-image\"><img decoding=\"async\" width=\"1024\" height=\"682\" src=\"https:\/\/contextoanalisisperiodistico.com\/wp-content\/uploads\/2025\/07\/img-20250718-wa00337391419523848625175-1024x682.jpg\" alt=\"\" class=\"wp-image-43893\" srcset=\"https:\/\/contextoanalisisperiodistico.com\/wp-content\/uploads\/2025\/07\/img-20250718-wa00337391419523848625175-1024x682.jpg 1024w, https:\/\/contextoanalisisperiodistico.com\/wp-content\/uploads\/2025\/07\/img-20250718-wa00337391419523848625175-300x200.jpg 300w, https:\/\/contextoanalisisperiodistico.com\/wp-content\/uploads\/2025\/07\/img-20250718-wa00337391419523848625175-768x512.jpg 768w, https:\/\/contextoanalisisperiodistico.com\/wp-content\/uploads\/2025\/07\/img-20250718-wa00337391419523848625175.jpg 1280w\" sizes=\"(max-width: 1024px) 100vw, 1024px\" \/><\/figure>\n\n\n\n<p>Oaxaca de Ju\u00e1rez, Oax. 18 de julio de 2025.- El talento, creatividad e identidad cultural de las ocho regiones del estado estar\u00e1 presente en la Expo Artesanal 2025, que tendr\u00e1 lugar del 18 al 19 de julio, en el Centro Cultural y de Convenciones de Oaxaca (CCCO), como parte de las festividades de Julio, mes de la Guelaguetza.<\/p>\n\n\n\n<p>Esta muestra que incluir\u00e1 la participaci\u00f3n de 206 artesanas y artesanos compartir\u00e1 espacio con la Feria del Mezcal 2025, permitiendo admirar y adquirir finas obras de filigrana, delicadas creaciones en cer\u00e1mica, coloridos textiles elaborados en telar de cintura y de pedal, art\u00edculos de talabarter\u00eda y muchas otras expresiones, reflejo de la maestr\u00eda heredada por generaciones.<\/p>\n\n\n\n<p>El acceso a la Expo Artesanal est\u00e1 incluido en el boleto general de la Feria del Mezcal 2025, cuyo costo es de 75 pesos, lo que permite disfrutar de ambos pabellones y vivir una experiencia completa de sabor, tradici\u00f3n y arte, donde se ofrecer\u00e1n una amplia gama de piezas aut\u00e9nticas y originales que abarcan las principales categor\u00edas artesanales de Oaxaca.<\/p>\n\n\n\n<p>Con esta actividad, el Gobierno del Estado de Oaxaca a trav\u00e9s de la Secretar\u00eda de Desarrollo Econ\u00f3mico (Sedeco), reafirma su compromiso con la preservaci\u00f3n de las tradiciones, el impulso a la econom\u00eda familiar de las y los artesanos, y el orgullo por las ra\u00edces culturales.<\/p>\n\n\n\n<p>Para m\u00e1s informaci\u00f3n sobre horarios y actividades, las personas pueden consultar las redes oficiales de la Feria del Mezcal y del Gobierno de Oaxaca.<\/p>\n\n\n\n<p>-0-<\/p>\n","protected":false},"excerpt":{"rendered":"<p>\u2022 El acceso a esta actividad, se incluye en el boleto general de la Feria&#8230;<\/p>\n","protected":false},"author":4,"featured_media":43891,"comment_status":"","ping_status":"open","sticky":false,"template":"","format":"standard","meta":{"footnotes":""},"categories":[4],"tags":[],"jetpack_sharing_enabled":true,"featured_image_urls":{"full":["https:\/\/contextoanalisisperiodistico.com\/wp-content\/uploads\/2025\/07\/IMG-20250718-WA0031.jpg",1280,853,false],"thumbnail":["https:\/\/contextoanalisisperiodistico.com\/wp-content\/uploads\/2025\/07\/IMG-20250718-WA0031-150x150.jpg",150,150,true],"medium":["https:\/\/contextoanalisisperiodistico.com\/wp-content\/uploads\/2025\/07\/IMG-20250718-WA0031-300x200.jpg",300,200,true],"medium_large":["https:\/\/contextoanalisisperiodistico.com\/wp-content\/uploads\/2025\/07\/IMG-20250718-WA0031-768x512.jpg",640,427,true],"large":["https:\/\/contextoanalisisperiodistico.com\/wp-content\/uploads\/2025\/07\/IMG-20250718-WA0031-1024x682.jpg",640,426,true],"1536x1536":["https:\/\/contextoanalisisperiodistico.com\/wp-content\/uploads\/2025\/07\/IMG-20250718-WA0031.jpg",1280,853,false],"2048x2048":["https:\/\/contextoanalisisperiodistico.com\/wp-content\/uploads\/2025\/07\/IMG-20250718-WA0031.jpg",1280,853,false],"covernews-slider-full":["https:\/\/contextoanalisisperiodistico.com\/wp-content\/uploads\/2025\/07\/IMG-20250718-WA0031-1115x715.jpg",1115,715,true],"covernews-slider-center":["https:\/\/contextoanalisisperiodistico.com\/wp-content\/uploads\/2025\/07\/IMG-20250718-WA0031-800x500.jpg",800,500,true],"covernews-featured":["https:\/\/contextoanalisisperiodistico.com\/wp-content\/uploads\/2025\/07\/IMG-20250718-WA0031-1024x682.jpg",1024,682,true],"covernews-medium":["https:\/\/contextoanalisisperiodistico.com\/wp-content\/uploads\/2025\/07\/IMG-20250718-WA0031-540x340.jpg",540,340,true],"covernews-medium-square":["https:\/\/contextoanalisisperiodistico.com\/wp-content\/uploads\/2025\/07\/IMG-20250718-WA0031-400x250.jpg",400,250,true]},"author_info":{"display_name":"Mario Gir\u00f3n","author_link":"https:\/\/contextoanalisisperiodistico.com\/index.php\/author\/director\/"},"category_info":"<a href=\"https:\/\/contextoanalisisperiodistico.com\/index.php\/category\/cultura\/\" rel=\"category tag\">Cultura<\/a>","tag_info":"Cultura","comment_count":"0","jetpack_featured_media_url":"https:\/\/contextoanalisisperiodistico.com\/wp-content\/uploads\/2025\/07\/IMG-20250718-WA0031.jpg","_links":{"self":[{"href":"https:\/\/contextoanalisisperiodistico.com\/index.php\/wp-json\/wp\/v2\/posts\/43894"}],"collection":[{"href":"https:\/\/contextoanalisisperiodistico.com\/index.php\/wp-json\/wp\/v2\/posts"}],"about":[{"href":"https:\/\/contextoanalisisperiodistico.com\/index.php\/wp-json\/wp\/v2\/types\/post"}],"author":[{"embeddable":true,"href":"https:\/\/contextoanalisisperiodistico.com\/index.php\/wp-json\/wp\/v2\/users\/4"}],"replies":[{"embeddable":true,"href":"https:\/\/contextoanalisisperiodistico.com\/index.php\/wp-json\/wp\/v2\/comments?post=43894"}],"version-history":[{"count":0,"href":"https:\/\/contextoanalisisperiodistico.com\/index.php\/wp-json\/wp\/v2\/posts\/43894\/revisions"}],"wp:featuredmedia":[{"embeddable":true,"href":"https:\/\/contextoanalisisperiodistico.com\/index.php\/wp-json\/wp\/v2\/media\/43891"}],"wp:attachment":[{"href":"https:\/\/contextoanalisisperiodistico.com\/index.php\/wp-json\/wp\/v2\/media?parent=43894"}],"wp:term":[{"taxonomy":"category","embeddable":true,"href":"https:\/\/contextoanalisisperiodistico.com\/index.php\/wp-json\/wp\/v2\/categories?post=43894"},{"taxonomy":"post_tag","embeddable":true,"href":"https:\/\/contextoanalisisperiodistico.com\/index.php\/wp-json\/wp\/v2\/tags?post=43894"}],"curies":[{"name":"wp","href":"https:\/\/api.w.org\/{rel}","templated":true}]}}