{"id":43860,"date":"2025-07-17T16:26:57","date_gmt":"2025-07-17T22:26:57","guid":{"rendered":"https:\/\/contextoanalisisperiodistico.com\/?p=43860"},"modified":"2025-07-17T16:27:14","modified_gmt":"2025-07-17T22:27:14","slug":"ciudad-limpia-y-segura-refuerza-ayuntamiento-operativo-especial-por-guelaguetza-2025","status":"publish","type":"post","link":"https:\/\/contextoanalisisperiodistico.com\/index.php\/2025\/07\/17\/ciudad-limpia-y-segura-refuerza-ayuntamiento-operativo-especial-por-guelaguetza-2025\/","title":{"rendered":"Ciudad limpia y segura: refuerza Ayuntamiento operativo especial por Guelaguetza 2025"},"content":{"rendered":"<div id=\"fb-root\"><\/div>\n\n<p>\u2022 Equipo municipal listo para conservar el orden y la limpieza en espacios p\u00fablicos<\/p>\n\n\n\n\n\n<figure class=\"wp-block-video\"><video controls src=\"https:\/\/contextoanalisisperiodistico.com\/wp-content\/uploads\/2025\/07\/VID-20250717-WA0089.mp4\"><\/video><\/figure>\n\n\n\n<p>Oaxaca de Ju\u00e1rez, Oax., 17 de julio de 2025.- En conferencia de prensa encabezada por el presidente municipal Ray Chagoya, se presentaron las acciones del plan integral Ciudad Limpia, implementado durante todo julio con motivo de las fiestas de la Guelaguetza 2025.<\/p>\n\n\n\n<p>Desde el \u00e1rea deportiva del Fraccionamiento Los Cedros en Santa Rosa Panzacola, el secretario de Servicios Vecinales, V\u00edctor Romero L\u00f3pez, detall\u00f3 que el operativo responde al compromiso de ofrecer una ciudad limpia, segura y ordenada para habitantes y visitantes. Entre las medidas destacan la reinstalaci\u00f3n de 35 contenedores urbanos con capacidad de 30 litros, atendiendo una petici\u00f3n constante en el Centro Hist\u00f3rico, as\u00ed como 6 papeleras dobles en el Z\u00f3calo y contenedores de 1,100 litros en puntos estrat\u00e9gicos.<\/p>\n\n\n\n<p>Para fortalecer la capacidad operativa, se incorporaron veh\u00edculos adicionales y siete unidades m\u00f3viles de monitoreo que recorrer\u00e1n de manera continua el primer cuadro de la ciudad. A ello se suma el despliegue de brigadas permanentes en jardines y espacios p\u00fablicos, as\u00ed como cuadrillas organizadas para atender cualquier eventualidad en las principales calles y zonas tur\u00edsticas.<\/p>\n\n\n\n<p>La frecuencia de recolecci\u00f3n se ha incrementado, con turnos matutinos, vespertinos y nocturnos, y rutas diferenciadas para residuos reciclables y org\u00e1nicos. Las labores de barrido y recolecci\u00f3n acompa\u00f1an eventos clave como Donaj\u00ed La Leyenda, los desfiles de delegaciones y los Lunes del Cerro.<\/p>\n\n\n\n<p>De manera paralela, la recolecci\u00f3n de residuos en agencias y colonias del municipio contin\u00faa con normalidad, garantizando que toda la ciudad reciba una atenci\u00f3n integral durante esta temporada de alta afluencia.<\/p>\n\n\n\n<p>En este contexto, tambi\u00e9n se realiz\u00f3 un Tequio vecinal en la Alameda de Le\u00f3n, donde personal municipal y ciudadan\u00eda sumaron esfuerzos para mantener limpio este emblem\u00e1tico espacio del coraz\u00f3n de Oaxaca.<\/p>\n\n\n\n<p>El Ayuntamiento de Oaxaca de Ju\u00e1rez reitera su llamado a la ciudadan\u00eda para colaborar en el cuidado del entorno com\u00fan, mantener viva la cultura del respeto y construir juntos una ciudad digna para todas y todos.<\/p>\n\n\n\n<figure class=\"wp-block-image size-large\"><img fetchpriority=\"high\" decoding=\"async\" width=\"967\" height=\"1024\" src=\"https:\/\/contextoanalisisperiodistico.com\/wp-content\/uploads\/2025\/07\/img-20250717-wa00853159906519104210084-967x1024.jpg\" alt=\"\" class=\"wp-image-43861\" srcset=\"https:\/\/contextoanalisisperiodistico.com\/wp-content\/uploads\/2025\/07\/img-20250717-wa00853159906519104210084-967x1024.jpg 967w, https:\/\/contextoanalisisperiodistico.com\/wp-content\/uploads\/2025\/07\/img-20250717-wa00853159906519104210084-283x300.jpg 283w, https:\/\/contextoanalisisperiodistico.com\/wp-content\/uploads\/2025\/07\/img-20250717-wa00853159906519104210084-768x813.jpg 768w, https:\/\/contextoanalisisperiodistico.com\/wp-content\/uploads\/2025\/07\/img-20250717-wa00853159906519104210084.jpg 996w\" sizes=\"(max-width: 967px) 100vw, 967px\" \/><\/figure>\n\n\n\n<figure class=\"wp-block-image\"><img decoding=\"async\" width=\"594\" height=\"1024\" src=\"https:\/\/contextoanalisisperiodistico.com\/wp-content\/uploads\/2025\/07\/img-20250717-wa00884706865403573275364-594x1024.jpg\" alt=\"\" class=\"wp-image-43862\" srcset=\"https:\/\/contextoanalisisperiodistico.com\/wp-content\/uploads\/2025\/07\/img-20250717-wa00884706865403573275364-594x1024.jpg 594w, https:\/\/contextoanalisisperiodistico.com\/wp-content\/uploads\/2025\/07\/img-20250717-wa00884706865403573275364-174x300.jpg 174w, https:\/\/contextoanalisisperiodistico.com\/wp-content\/uploads\/2025\/07\/img-20250717-wa00884706865403573275364-768x1325.jpg 768w, https:\/\/contextoanalisisperiodistico.com\/wp-content\/uploads\/2025\/07\/img-20250717-wa00884706865403573275364-890x1536.jpg 890w, https:\/\/contextoanalisisperiodistico.com\/wp-content\/uploads\/2025\/07\/img-20250717-wa00884706865403573275364.jpg 927w\" sizes=\"(max-width: 594px) 100vw, 594px\" \/><\/figure>\n\n\n\n<figure class=\"wp-block-image\"><img decoding=\"async\" width=\"614\" height=\"1024\" src=\"https:\/\/contextoanalisisperiodistico.com\/wp-content\/uploads\/2025\/07\/img-20250717-wa00871818804283039141960-614x1024.jpg\" alt=\"\" class=\"wp-image-43863\" srcset=\"https:\/\/contextoanalisisperiodistico.com\/wp-content\/uploads\/2025\/07\/img-20250717-wa00871818804283039141960-614x1024.jpg 614w, https:\/\/contextoanalisisperiodistico.com\/wp-content\/uploads\/2025\/07\/img-20250717-wa00871818804283039141960-180x300.jpg 180w, https:\/\/contextoanalisisperiodistico.com\/wp-content\/uploads\/2025\/07\/img-20250717-wa00871818804283039141960-768x1280.jpg 768w, https:\/\/contextoanalisisperiodistico.com\/wp-content\/uploads\/2025\/07\/img-20250717-wa00871818804283039141960-922x1536.jpg 922w, https:\/\/contextoanalisisperiodistico.com\/wp-content\/uploads\/2025\/07\/img-20250717-wa00871818804283039141960.jpg 960w\" sizes=\"(max-width: 614px) 100vw, 614px\" \/><\/figure>\n\n\n\n<figure class=\"wp-block-image\"><img loading=\"lazy\" decoding=\"async\" width=\"1024\" height=\"683\" src=\"https:\/\/contextoanalisisperiodistico.com\/wp-content\/uploads\/2025\/07\/img-20250717-wa00843249284566311031605-1024x683.jpg\" alt=\"\" class=\"wp-image-43864\" srcset=\"https:\/\/contextoanalisisperiodistico.com\/wp-content\/uploads\/2025\/07\/img-20250717-wa00843249284566311031605-1024x683.jpg 1024w, https:\/\/contextoanalisisperiodistico.com\/wp-content\/uploads\/2025\/07\/img-20250717-wa00843249284566311031605-300x200.jpg 300w, https:\/\/contextoanalisisperiodistico.com\/wp-content\/uploads\/2025\/07\/img-20250717-wa00843249284566311031605-768x512.jpg 768w, https:\/\/contextoanalisisperiodistico.com\/wp-content\/uploads\/2025\/07\/img-20250717-wa00843249284566311031605-1536x1025.jpg 1536w, https:\/\/contextoanalisisperiodistico.com\/wp-content\/uploads\/2025\/07\/img-20250717-wa00843249284566311031605.jpg 2000w\" sizes=\"(max-width: 1024px) 100vw, 1024px\" \/><\/figure>\n","protected":false},"excerpt":{"rendered":"<p>\u2022 Equipo municipal listo para conservar el orden y la limpieza en espacios p\u00fablicos Oaxaca&#8230;<\/p>\n","protected":false},"author":4,"featured_media":43858,"comment_status":"closed","ping_status":"open","sticky":false,"template":"","format":"standard","meta":{"footnotes":""},"categories":[3],"tags":[178,235,234,45],"jetpack_sharing_enabled":true,"featured_image_urls":{"full":["https:\/\/contextoanalisisperiodistico.com\/wp-content\/uploads\/2025\/07\/IMG-20250717-WA0083.jpg",1523,1018,false],"thumbnail":["https:\/\/contextoanalisisperiodistico.com\/wp-content\/uploads\/2025\/07\/IMG-20250717-WA0083-150x150.jpg",150,150,true],"medium":["https:\/\/contextoanalisisperiodistico.com\/wp-content\/uploads\/2025\/07\/IMG-20250717-WA0083-300x201.jpg",300,201,true],"medium_large":["https:\/\/contextoanalisisperiodistico.com\/wp-content\/uploads\/2025\/07\/IMG-20250717-WA0083-768x513.jpg",640,428,true],"large":["https:\/\/contextoanalisisperiodistico.com\/wp-content\/uploads\/2025\/07\/IMG-20250717-WA0083-1024x684.jpg",640,428,true],"1536x1536":["https:\/\/contextoanalisisperiodistico.com\/wp-content\/uploads\/2025\/07\/IMG-20250717-WA0083.jpg",1523,1018,false],"2048x2048":["https:\/\/contextoanalisisperiodistico.com\/wp-content\/uploads\/2025\/07\/IMG-20250717-WA0083.jpg",1523,1018,false],"covernews-slider-full":["https:\/\/contextoanalisisperiodistico.com\/wp-content\/uploads\/2025\/07\/IMG-20250717-WA0083-1115x715.jpg",1115,715,true],"covernews-slider-center":["https:\/\/contextoanalisisperiodistico.com\/wp-content\/uploads\/2025\/07\/IMG-20250717-WA0083-800x500.jpg",800,500,true],"covernews-featured":["https:\/\/contextoanalisisperiodistico.com\/wp-content\/uploads\/2025\/07\/IMG-20250717-WA0083-1024x684.jpg",1024,684,true],"covernews-medium":["https:\/\/contextoanalisisperiodistico.com\/wp-content\/uploads\/2025\/07\/IMG-20250717-WA0083-540x340.jpg",540,340,true],"covernews-medium-square":["https:\/\/contextoanalisisperiodistico.com\/wp-content\/uploads\/2025\/07\/IMG-20250717-WA0083-400x250.jpg",400,250,true]},"author_info":{"display_name":"Mario Gir\u00f3n","author_link":"https:\/\/contextoanalisisperiodistico.com\/index.php\/author\/director\/"},"category_info":"<a href=\"https:\/\/contextoanalisisperiodistico.com\/index.php\/category\/ciudad\/\" rel=\"category tag\">Ciudad<\/a>","tag_info":"Ciudad","comment_count":"0","jetpack_featured_media_url":"https:\/\/contextoanalisisperiodistico.com\/wp-content\/uploads\/2025\/07\/IMG-20250717-WA0083.jpg","_links":{"self":[{"href":"https:\/\/contextoanalisisperiodistico.com\/index.php\/wp-json\/wp\/v2\/posts\/43860"}],"collection":[{"href":"https:\/\/contextoanalisisperiodistico.com\/index.php\/wp-json\/wp\/v2\/posts"}],"about":[{"href":"https:\/\/contextoanalisisperiodistico.com\/index.php\/wp-json\/wp\/v2\/types\/post"}],"author":[{"embeddable":true,"href":"https:\/\/contextoanalisisperiodistico.com\/index.php\/wp-json\/wp\/v2\/users\/4"}],"replies":[{"embeddable":true,"href":"https:\/\/contextoanalisisperiodistico.com\/index.php\/wp-json\/wp\/v2\/comments?post=43860"}],"version-history":[{"count":1,"href":"https:\/\/contextoanalisisperiodistico.com\/index.php\/wp-json\/wp\/v2\/posts\/43860\/revisions"}],"predecessor-version":[{"id":43865,"href":"https:\/\/contextoanalisisperiodistico.com\/index.php\/wp-json\/wp\/v2\/posts\/43860\/revisions\/43865"}],"wp:featuredmedia":[{"embeddable":true,"href":"https:\/\/contextoanalisisperiodistico.com\/index.php\/wp-json\/wp\/v2\/media\/43858"}],"wp:attachment":[{"href":"https:\/\/contextoanalisisperiodistico.com\/index.php\/wp-json\/wp\/v2\/media?parent=43860"}],"wp:term":[{"taxonomy":"category","embeddable":true,"href":"https:\/\/contextoanalisisperiodistico.com\/index.php\/wp-json\/wp\/v2\/categories?post=43860"},{"taxonomy":"post_tag","embeddable":true,"href":"https:\/\/contextoanalisisperiodistico.com\/index.php\/wp-json\/wp\/v2\/tags?post=43860"}],"curies":[{"name":"wp","href":"https:\/\/api.w.org\/{rel}","templated":true}]}}