{"id":43849,"date":"2025-07-17T06:34:09","date_gmt":"2025-07-17T12:34:09","guid":{"rendered":"https:\/\/contextoanalisisperiodistico.com\/index.php\/2025\/07\/17\/enaltece-lila-downs-cultura-oaxaquena-en-primer-concierto-masivo-guelaguetza-2025\/"},"modified":"2025-07-17T06:34:09","modified_gmt":"2025-07-17T12:34:09","slug":"enaltece-lila-downs-cultura-oaxaquena-en-primer-concierto-masivo-guelaguetza-2025","status":"publish","type":"post","link":"https:\/\/contextoanalisisperiodistico.com\/index.php\/2025\/07\/17\/enaltece-lila-downs-cultura-oaxaquena-en-primer-concierto-masivo-guelaguetza-2025\/","title":{"rendered":"Enaltece Lila Downs cultura oaxaque\u00f1a en primer concierto masivo Guelaguetza 2025"},"content":{"rendered":"<div id=\"fb-root\"><\/div>\n\n<ul class=\"wp-block-list\">\n<li>Ante 15 mil personas, la int\u00e9rprete oriunda de Tlaxiaco, ofreci\u00f3 un espect\u00e1culo que entrelaz\u00f3 lenguas originarias, sonidos de la tierra y un poderoso mensaje de identidad, justicia y celebraci\u00f3n de la diversidad cultural<\/li>\n<\/ul>\n\n\n\n<figure class=\"wp-block-image size-large\"><img fetchpriority=\"high\" decoding=\"async\" width=\"1024\" height=\"768\" src=\"https:\/\/contextoanalisisperiodistico.com\/wp-content\/uploads\/2025\/07\/img-20250716-wa01732670415676041035591-1024x768.jpg\" alt=\"\" class=\"wp-image-43843\" srcset=\"https:\/\/contextoanalisisperiodistico.com\/wp-content\/uploads\/2025\/07\/img-20250716-wa01732670415676041035591-1024x768.jpg 1024w, https:\/\/contextoanalisisperiodistico.com\/wp-content\/uploads\/2025\/07\/img-20250716-wa01732670415676041035591-300x225.jpg 300w, https:\/\/contextoanalisisperiodistico.com\/wp-content\/uploads\/2025\/07\/img-20250716-wa01732670415676041035591-768x576.jpg 768w, https:\/\/contextoanalisisperiodistico.com\/wp-content\/uploads\/2025\/07\/img-20250716-wa01732670415676041035591.jpg 1280w\" sizes=\"(max-width: 1024px) 100vw, 1024px\" \/><\/figure>\n\n\n\n<figure class=\"wp-block-image\"><img decoding=\"async\" width=\"1024\" height=\"908\" src=\"https:\/\/contextoanalisisperiodistico.com\/wp-content\/uploads\/2025\/07\/img-20250716-wa01767313334719583273074-1024x908.jpg\" alt=\"\" class=\"wp-image-43846\" srcset=\"https:\/\/contextoanalisisperiodistico.com\/wp-content\/uploads\/2025\/07\/img-20250716-wa01767313334719583273074-1024x908.jpg 1024w, https:\/\/contextoanalisisperiodistico.com\/wp-content\/uploads\/2025\/07\/img-20250716-wa01767313334719583273074-300x266.jpg 300w, https:\/\/contextoanalisisperiodistico.com\/wp-content\/uploads\/2025\/07\/img-20250716-wa01767313334719583273074-768x681.jpg 768w, https:\/\/contextoanalisisperiodistico.com\/wp-content\/uploads\/2025\/07\/img-20250716-wa01767313334719583273074.jpg 1280w\" sizes=\"(max-width: 1024px) 100vw, 1024px\" \/><\/figure>\n\n\n\n<figure class=\"wp-block-image\"><img decoding=\"async\" width=\"1024\" height=\"768\" src=\"https:\/\/contextoanalisisperiodistico.com\/wp-content\/uploads\/2025\/07\/img-20250716-wa01772273815008184894960-1024x768.jpg\" alt=\"\" class=\"wp-image-43844\" srcset=\"https:\/\/contextoanalisisperiodistico.com\/wp-content\/uploads\/2025\/07\/img-20250716-wa01772273815008184894960-1024x768.jpg 1024w, https:\/\/contextoanalisisperiodistico.com\/wp-content\/uploads\/2025\/07\/img-20250716-wa01772273815008184894960-300x225.jpg 300w, https:\/\/contextoanalisisperiodistico.com\/wp-content\/uploads\/2025\/07\/img-20250716-wa01772273815008184894960-768x576.jpg 768w, https:\/\/contextoanalisisperiodistico.com\/wp-content\/uploads\/2025\/07\/img-20250716-wa01772273815008184894960.jpg 1280w\" sizes=\"(max-width: 1024px) 100vw, 1024px\" \/><\/figure>\n\n\n\n<figure class=\"wp-block-image\"><img loading=\"lazy\" decoding=\"async\" width=\"1024\" height=\"682\" src=\"https:\/\/contextoanalisisperiodistico.com\/wp-content\/uploads\/2025\/07\/img-20250716-wa01758750105387296808681-1024x682.jpg\" alt=\"\" class=\"wp-image-43845\" srcset=\"https:\/\/contextoanalisisperiodistico.com\/wp-content\/uploads\/2025\/07\/img-20250716-wa01758750105387296808681-1024x682.jpg 1024w, https:\/\/contextoanalisisperiodistico.com\/wp-content\/uploads\/2025\/07\/img-20250716-wa01758750105387296808681-300x200.jpg 300w, https:\/\/contextoanalisisperiodistico.com\/wp-content\/uploads\/2025\/07\/img-20250716-wa01758750105387296808681-768x512.jpg 768w, https:\/\/contextoanalisisperiodistico.com\/wp-content\/uploads\/2025\/07\/img-20250716-wa01758750105387296808681.jpg 1280w\" sizes=\"(max-width: 1024px) 100vw, 1024px\" \/><\/figure>\n\n\n\n<figure class=\"wp-block-image\"><img loading=\"lazy\" decoding=\"async\" width=\"1024\" height=\"785\" src=\"https:\/\/contextoanalisisperiodistico.com\/wp-content\/uploads\/2025\/07\/img-20250716-wa01745040323106059742595-1024x785.jpg\" alt=\"\" class=\"wp-image-43847\" srcset=\"https:\/\/contextoanalisisperiodistico.com\/wp-content\/uploads\/2025\/07\/img-20250716-wa01745040323106059742595-1024x785.jpg 1024w, https:\/\/contextoanalisisperiodistico.com\/wp-content\/uploads\/2025\/07\/img-20250716-wa01745040323106059742595-300x230.jpg 300w, https:\/\/contextoanalisisperiodistico.com\/wp-content\/uploads\/2025\/07\/img-20250716-wa01745040323106059742595-768x589.jpg 768w, https:\/\/contextoanalisisperiodistico.com\/wp-content\/uploads\/2025\/07\/img-20250716-wa01745040323106059742595.jpg 1280w\" sizes=\"(max-width: 1024px) 100vw, 1024px\" \/><\/figure>\n\n\n\n<figure class=\"wp-block-image\"><img loading=\"lazy\" decoding=\"async\" width=\"1024\" height=\"768\" src=\"https:\/\/contextoanalisisperiodistico.com\/wp-content\/uploads\/2025\/07\/img-20250716-wa01793104887645658158991-1024x768.jpg\" alt=\"\" class=\"wp-image-43848\" srcset=\"https:\/\/contextoanalisisperiodistico.com\/wp-content\/uploads\/2025\/07\/img-20250716-wa01793104887645658158991-1024x768.jpg 1024w, https:\/\/contextoanalisisperiodistico.com\/wp-content\/uploads\/2025\/07\/img-20250716-wa01793104887645658158991-300x225.jpg 300w, https:\/\/contextoanalisisperiodistico.com\/wp-content\/uploads\/2025\/07\/img-20250716-wa01793104887645658158991-768x576.jpg 768w, https:\/\/contextoanalisisperiodistico.com\/wp-content\/uploads\/2025\/07\/img-20250716-wa01793104887645658158991.jpg 1280w\" sizes=\"(max-width: 1024px) 100vw, 1024px\" \/><\/figure>\n\n\n\n<p>Oaxaca de Ju\u00e1rez, Oax. 16 de julio de 2025.- Una noche oaxaque\u00f1a se vivi\u00f3 en la Alameda de Le\u00f3n, en la cual se reunieron 15 mil personas para la presentaci\u00f3n de Lila Downs, quien dio inicio a los conciertos masivos del Julio, mes de la Guelaguetza 2025.<\/p>\n\n\n\n<p>El evento fue completamente gratuito y forma parte de las actividades impulsadas por el Gobierno de Oaxaca a trav\u00e9s de la Secretar\u00eda de las Culturas y Artes, con el objetivo de acercar el arte y la m\u00fasica a todas y todos.<\/p>\n\n\n\n<p>Durante dos horas, la int\u00e9rprete oriunda de Tlaxiaco, ofreci\u00f3 un espect\u00e1culo en el que se entrelazaron lenguas originarias, sonidos de la tierra y un poderoso mensaje de identidad, justicia y celebraci\u00f3n de la diversidad cultural.<\/p>\n\n\n\n<p>Desde temprana hora, familias enteras y turistas con el coraz\u00f3n oaxaque\u00f1o comenzaron a llegar a la Alameda de Le\u00f3n para presenciar a una de las m\u00e1ximas exponentes de la m\u00fasica tradicional y contempor\u00e1nea mexicana.<\/p>\n\n\n\n<p>Amair Arista y la Banda Costa M\u00eda comenzaron previo al concierto confirmando que la Costa sigue de pie, para posteriormente, dar paso a Lila Downs quien abri\u00f3 con la interpretaci\u00f3n de \u00abZandunga\u00bb.<\/p>\n\n\n\n<p>La artista comparti\u00f3 con el p\u00fablico temas como \u201cSon del Chile Frito\u201d, \u00abLa Campanera\u00bb, \u00abLa Martiniana\u00bb, \u00abLa tortolita\u00bb y \u00abEnvidia\u00bb.<\/p>\n\n\n\n<p>La noche tuvo un momento de uni\u00f3n cuando la interpr\u00e9te invit\u00f3 a subir al escenario a \u00abhermanitas y hermanitos\u00bb triquis de San Andr\u00e9s Chicahuaxtla, San Miguel Copala y San Mart\u00edn Itunyoso, quienes interpretaron sones, cantos y bailes de su cultura.<\/p>\n\n\n\n<p>La velada continu\u00f3 con el acompa\u00f1amiento de la Banda Tierra Mojada y Banda La Misteriosa, con temas como \u00abArenita azul\u00bb, \u00abUrge\u00bb, \u00abDos corazones\u00bb, \u00abPinotepa\u00bb, \u00abFlor de pi\u00f1a\u00bb, \u00abDios nunca muere\u00bb, \u00abEl feo\u00bb, \u00abNaela\u00bb, \u00abEl \u00faltimo trago\u00bb y \u00abCuando me tocas t\u00fa\u00bb.<\/p>\n\n\n\n<p>Los \u00e9xitos como \u201cZapata se queda\u201d, \u201cLa cumbia del mole\u201d a dueto con Mariana Seoane y \u201cCari\u00f1ito\u201d, no pudieron faltar, los cuales fueron coreados con entusiasmo por el p\u00fablico.<\/p>\n\n\n\n<p>La velada cerr\u00f3 con la Canci\u00f3n Mixteca y Mezcalito, con la participaci\u00f3n en el escenario de canasteras y faroleros, quienes recordaron que la m\u00e1xima fiesta de las y los oaxaque\u00f1os se aproxima. Adem\u00e1s de su m\u00fasica y talento, Lila Downs ofreci\u00f3 su Guelaguetza a cientos de personas reunidas en la Alameda.<\/p>\n\n\n\n<p>Este concierto marc\u00f3 el inicio de la colecta solidaria de v\u00edveres para las personas afectadas por el hurac\u00e1n Erick en la Costa oaxaque\u00f1a, haciendo un llamado a las y los asistentes a sumarse con la donaci\u00f3n de kilos de ayuda; un gesto que demuestra que, en unidad, se pondr\u00e1 a la Costa de pie.<\/p>\n\n\n\n<p>Con este concierto, la Guelaguetza 2025 arranc\u00f3 con fuerza, emoci\u00f3n y orgullo, reafirmando el compromiso de ofrecer eventos de calidad, gratuitos e incluyentes para el pueblo de Oaxaca y sus visitantes.<br \/>-0-<\/p>\n","protected":false},"excerpt":{"rendered":"<p>Oaxaca de Ju\u00e1rez, Oax. 16 de julio de 2025.- Una noche oaxaque\u00f1a se vivi\u00f3 en&#8230;<\/p>\n","protected":false},"author":4,"featured_media":43842,"comment_status":"","ping_status":"open","sticky":false,"template":"","format":"standard","meta":{"footnotes":""},"categories":[4],"tags":[],"jetpack_sharing_enabled":true,"featured_image_urls":{"full":["https:\/\/contextoanalisisperiodistico.com\/wp-content\/uploads\/2025\/07\/IMG-20250716-WA0175.jpg",1280,853,false],"thumbnail":["https:\/\/contextoanalisisperiodistico.com\/wp-content\/uploads\/2025\/07\/IMG-20250716-WA0175-150x150.jpg",150,150,true],"medium":["https:\/\/contextoanalisisperiodistico.com\/wp-content\/uploads\/2025\/07\/IMG-20250716-WA0175-300x200.jpg",300,200,true],"medium_large":["https:\/\/contextoanalisisperiodistico.com\/wp-content\/uploads\/2025\/07\/IMG-20250716-WA0175-768x512.jpg",640,427,true],"large":["https:\/\/contextoanalisisperiodistico.com\/wp-content\/uploads\/2025\/07\/IMG-20250716-WA0175-1024x682.jpg",640,426,true],"1536x1536":["https:\/\/contextoanalisisperiodistico.com\/wp-content\/uploads\/2025\/07\/IMG-20250716-WA0175.jpg",1280,853,false],"2048x2048":["https:\/\/contextoanalisisperiodistico.com\/wp-content\/uploads\/2025\/07\/IMG-20250716-WA0175.jpg",1280,853,false],"covernews-slider-full":["https:\/\/contextoanalisisperiodistico.com\/wp-content\/uploads\/2025\/07\/IMG-20250716-WA0175-1115x715.jpg",1115,715,true],"covernews-slider-center":["https:\/\/contextoanalisisperiodistico.com\/wp-content\/uploads\/2025\/07\/IMG-20250716-WA0175-800x500.jpg",800,500,true],"covernews-featured":["https:\/\/contextoanalisisperiodistico.com\/wp-content\/uploads\/2025\/07\/IMG-20250716-WA0175-1024x682.jpg",1024,682,true],"covernews-medium":["https:\/\/contextoanalisisperiodistico.com\/wp-content\/uploads\/2025\/07\/IMG-20250716-WA0175-540x340.jpg",540,340,true],"covernews-medium-square":["https:\/\/contextoanalisisperiodistico.com\/wp-content\/uploads\/2025\/07\/IMG-20250716-WA0175-400x250.jpg",400,250,true]},"author_info":{"display_name":"Mario Gir\u00f3n","author_link":"https:\/\/contextoanalisisperiodistico.com\/index.php\/author\/director\/"},"category_info":"<a href=\"https:\/\/contextoanalisisperiodistico.com\/index.php\/category\/cultura\/\" rel=\"category tag\">Cultura<\/a>","tag_info":"Cultura","comment_count":"0","jetpack_featured_media_url":"https:\/\/contextoanalisisperiodistico.com\/wp-content\/uploads\/2025\/07\/IMG-20250716-WA0175.jpg","_links":{"self":[{"href":"https:\/\/contextoanalisisperiodistico.com\/index.php\/wp-json\/wp\/v2\/posts\/43849"}],"collection":[{"href":"https:\/\/contextoanalisisperiodistico.com\/index.php\/wp-json\/wp\/v2\/posts"}],"about":[{"href":"https:\/\/contextoanalisisperiodistico.com\/index.php\/wp-json\/wp\/v2\/types\/post"}],"author":[{"embeddable":true,"href":"https:\/\/contextoanalisisperiodistico.com\/index.php\/wp-json\/wp\/v2\/users\/4"}],"replies":[{"embeddable":true,"href":"https:\/\/contextoanalisisperiodistico.com\/index.php\/wp-json\/wp\/v2\/comments?post=43849"}],"version-history":[{"count":0,"href":"https:\/\/contextoanalisisperiodistico.com\/index.php\/wp-json\/wp\/v2\/posts\/43849\/revisions"}],"wp:featuredmedia":[{"embeddable":true,"href":"https:\/\/contextoanalisisperiodistico.com\/index.php\/wp-json\/wp\/v2\/media\/43842"}],"wp:attachment":[{"href":"https:\/\/contextoanalisisperiodistico.com\/index.php\/wp-json\/wp\/v2\/media?parent=43849"}],"wp:term":[{"taxonomy":"category","embeddable":true,"href":"https:\/\/contextoanalisisperiodistico.com\/index.php\/wp-json\/wp\/v2\/categories?post=43849"},{"taxonomy":"post_tag","embeddable":true,"href":"https:\/\/contextoanalisisperiodistico.com\/index.php\/wp-json\/wp\/v2\/tags?post=43849"}],"curies":[{"name":"wp","href":"https:\/\/api.w.org\/{rel}","templated":true}]}}