{"id":43804,"date":"2025-07-15T18:14:38","date_gmt":"2025-07-16T00:14:38","guid":{"rendered":"https:\/\/contextoanalisisperiodistico.com\/index.php\/2025\/07\/15\/pone-en-marcha-sso-operativo-de-vigilancia-sanitaria-guelaguetza-2025\/"},"modified":"2025-07-15T18:14:38","modified_gmt":"2025-07-16T00:14:38","slug":"pone-en-marcha-sso-operativo-de-vigilancia-sanitaria-guelaguetza-2025","status":"publish","type":"post","link":"https:\/\/contextoanalisisperiodistico.com\/index.php\/2025\/07\/15\/pone-en-marcha-sso-operativo-de-vigilancia-sanitaria-guelaguetza-2025\/","title":{"rendered":"Pone en marcha SSO Operativo de Vigilancia Sanitaria Guelaguetza 2025"},"content":{"rendered":"<div id=\"fb-root\"><\/div>\n\n<p>\u2022 Brigadas de Coepriso se encargar\u00e1n de supervisar que se cumplan las normas sanitarias durante la m\u00e1xima fiesta de las y los oaxaque\u00f1os<br \/>Oaxaca de Ju\u00e1rez, Oax. 15 de julio de 2025.- Con el firme compromiso de proteger el bienestar de las familias oaxaque\u00f1as y de quienes visitan la entidad durante las fiestas de Guelaguetza, Servicios de Salud de Oaxaca (SSO), a trav\u00e9s de la Comisi\u00f3n Estatal para la Protecci\u00f3n contra Riesgos Sanitarios de Oaxaca (Coepriso), activaron el Operativo de Vigilancia Sanitaria Guelaguetza 2025.<\/p>\n\n\n\n<figure class=\"wp-block-image size-large\"><img fetchpriority=\"high\" decoding=\"async\" width=\"768\" height=\"1024\" src=\"https:\/\/contextoanalisisperiodistico.com\/wp-content\/uploads\/2025\/07\/img-20250715-wa01107601868814999497738-768x1024.jpg\" alt=\"\" class=\"wp-image-43801\" srcset=\"https:\/\/contextoanalisisperiodistico.com\/wp-content\/uploads\/2025\/07\/img-20250715-wa01107601868814999497738-768x1024.jpg 768w, https:\/\/contextoanalisisperiodistico.com\/wp-content\/uploads\/2025\/07\/img-20250715-wa01107601868814999497738-225x300.jpg 225w, https:\/\/contextoanalisisperiodistico.com\/wp-content\/uploads\/2025\/07\/img-20250715-wa01107601868814999497738-1152x1536.jpg 1152w, https:\/\/contextoanalisisperiodistico.com\/wp-content\/uploads\/2025\/07\/img-20250715-wa01107601868814999497738-1024x1365.jpg 1024w, https:\/\/contextoanalisisperiodistico.com\/wp-content\/uploads\/2025\/07\/img-20250715-wa01107601868814999497738.jpg 1200w\" sizes=\"(max-width: 768px) 100vw, 768px\" \/><\/figure>\n\n\n\n<figure class=\"wp-block-image\"><img decoding=\"async\" width=\"1024\" height=\"768\" src=\"https:\/\/contextoanalisisperiodistico.com\/wp-content\/uploads\/2025\/07\/img-20250715-wa0113634620696766044689-1024x768.jpg\" alt=\"\" class=\"wp-image-43803\" srcset=\"https:\/\/contextoanalisisperiodistico.com\/wp-content\/uploads\/2025\/07\/img-20250715-wa0113634620696766044689-1024x768.jpg 1024w, https:\/\/contextoanalisisperiodistico.com\/wp-content\/uploads\/2025\/07\/img-20250715-wa0113634620696766044689-300x225.jpg 300w, https:\/\/contextoanalisisperiodistico.com\/wp-content\/uploads\/2025\/07\/img-20250715-wa0113634620696766044689-768x576.jpg 768w, https:\/\/contextoanalisisperiodistico.com\/wp-content\/uploads\/2025\/07\/img-20250715-wa0113634620696766044689.jpg 1280w\" sizes=\"(max-width: 1024px) 100vw, 1024px\" \/><\/figure>\n\n\n\n<figure class=\"wp-block-image\"><img decoding=\"async\" width=\"768\" height=\"1024\" src=\"https:\/\/contextoanalisisperiodistico.com\/wp-content\/uploads\/2025\/07\/img-20250715-wa01112388750929519450970-768x1024.jpg\" alt=\"\" class=\"wp-image-43802\" srcset=\"https:\/\/contextoanalisisperiodistico.com\/wp-content\/uploads\/2025\/07\/img-20250715-wa01112388750929519450970-768x1024.jpg 768w, https:\/\/contextoanalisisperiodistico.com\/wp-content\/uploads\/2025\/07\/img-20250715-wa01112388750929519450970-225x300.jpg 225w, https:\/\/contextoanalisisperiodistico.com\/wp-content\/uploads\/2025\/07\/img-20250715-wa01112388750929519450970.jpg 960w\" sizes=\"(max-width: 768px) 100vw, 768px\" \/><\/figure>\n\n\n\n<p>Este despliegue estrat\u00e9gico tiene como objetivo prevenir riesgos sanitarios y garantizar condiciones \u00f3ptimas en la preparaci\u00f3n y venta de alimentos, mediante la aplicaci\u00f3n de la Norma Oficial Mexicana NOM-251-SSA1-2009, que establece las buenas pr\u00e1cticas de higiene en procesos de alimentos, bebidas y suplementos alimenticios.<\/p>\n\n\n\n<p>En el marco del R\u00e9cord Guinness de la l\u00ednea de tlayudas m\u00e1s grande del mundo, y la Feria del Comal, celebrados el pasado 11 de julio en el Parque Primavera Cho Ndob\u00e1, personal especializado verific\u00f3 40 estaciones de trabajo para supervisar el cumplimiento de las normas sanitarias durante la preparaci\u00f3n de tortillas y tlayudas. Tambi\u00e9n se distribuyeron insumos como plata coloidal, cubrebocas y cubrepelo a quienes lo requer\u00edan.<\/p>\n\n\n\n<p>Durante la m\u00e1xima fiesta de las y los oaxaque\u00f1os, 40 verificadores sanitarios se desplegar\u00e1n en puntos clave como el Tianguis Gastron\u00f3mico \u201cDesde mis Ra\u00edces con sus Sabores\u201d en la Plaza de la Danza; la Expo Caf\u00e9 \u201cRa\u00edces con Aroma y Sabor\u201d; la Feria del Mezcal, la Feria del Tejate y el Tamal, as\u00ed como en cenadur\u00edas, taquer\u00edas y comercios que se establezcan alrededor del Auditorio Guelaguetza, donde se realizar\u00e1n acciones de saneamiento b\u00e1sico.<\/p>\n\n\n\n<p>SSO exhorta a las y los manejadores de alimentos a cumplir con las medidas sanitarias establecidas: portar bata o mandil claro, mantener u\u00f1as cortas y sin esmalte, evitar el uso de joyer\u00eda, lavarse las manos con agua y jab\u00f3n, y utilizar cubrebocas y cubrepelo.<\/p>\n\n\n\n<p>Asimismo, se invita a las y los comensales a reforzar h\u00e1bitos de higiene como el lavado frecuente de manos, evitar el consumo de alimentos en lugares con poca limpieza, no automedicarse y acudir oportunamente a la unidad de salud en caso de presentar s\u00edntomas.<\/p>\n\n\n\n<p>En esta Guelaguetza 2025, el Gobierno del Estado de Oaxaca garantiza condiciones seguras para que la celebraci\u00f3n se viva con alegr\u00eda, identidad y bienestar para todas y todos.<br \/>-0-<\/p>\n","protected":false},"excerpt":{"rendered":"<p>\u2022 Brigadas de Coepriso se encargar\u00e1n de supervisar que se cumplan las normas sanitarias durante&#8230;<\/p>\n","protected":false},"author":4,"featured_media":43800,"comment_status":"","ping_status":"open","sticky":false,"template":"","format":"standard","meta":{"footnotes":""},"categories":[92],"tags":[],"jetpack_sharing_enabled":true,"featured_image_urls":{"full":["https:\/\/contextoanalisisperiodistico.com\/wp-content\/uploads\/2025\/07\/IMG-20250715-WA0112.jpg",1280,960,false],"thumbnail":["https:\/\/contextoanalisisperiodistico.com\/wp-content\/uploads\/2025\/07\/IMG-20250715-WA0112-150x150.jpg",150,150,true],"medium":["https:\/\/contextoanalisisperiodistico.com\/wp-content\/uploads\/2025\/07\/IMG-20250715-WA0112-300x225.jpg",300,225,true],"medium_large":["https:\/\/contextoanalisisperiodistico.com\/wp-content\/uploads\/2025\/07\/IMG-20250715-WA0112-768x576.jpg",640,480,true],"large":["https:\/\/contextoanalisisperiodistico.com\/wp-content\/uploads\/2025\/07\/IMG-20250715-WA0112-1024x768.jpg",640,480,true],"1536x1536":["https:\/\/contextoanalisisperiodistico.com\/wp-content\/uploads\/2025\/07\/IMG-20250715-WA0112.jpg",1280,960,false],"2048x2048":["https:\/\/contextoanalisisperiodistico.com\/wp-content\/uploads\/2025\/07\/IMG-20250715-WA0112.jpg",1280,960,false],"covernews-slider-full":["https:\/\/contextoanalisisperiodistico.com\/wp-content\/uploads\/2025\/07\/IMG-20250715-WA0112-1115x715.jpg",1115,715,true],"covernews-slider-center":["https:\/\/contextoanalisisperiodistico.com\/wp-content\/uploads\/2025\/07\/IMG-20250715-WA0112-800x500.jpg",800,500,true],"covernews-featured":["https:\/\/contextoanalisisperiodistico.com\/wp-content\/uploads\/2025\/07\/IMG-20250715-WA0112-1024x768.jpg",1024,768,true],"covernews-medium":["https:\/\/contextoanalisisperiodistico.com\/wp-content\/uploads\/2025\/07\/IMG-20250715-WA0112-540x340.jpg",540,340,true],"covernews-medium-square":["https:\/\/contextoanalisisperiodistico.com\/wp-content\/uploads\/2025\/07\/IMG-20250715-WA0112-400x250.jpg",400,250,true]},"author_info":{"display_name":"Mario Gir\u00f3n","author_link":"https:\/\/contextoanalisisperiodistico.com\/index.php\/author\/director\/"},"category_info":"<a href=\"https:\/\/contextoanalisisperiodistico.com\/index.php\/category\/salud\/\" rel=\"category tag\">Salud<\/a>","tag_info":"Salud","comment_count":"0","jetpack_featured_media_url":"https:\/\/contextoanalisisperiodistico.com\/wp-content\/uploads\/2025\/07\/IMG-20250715-WA0112.jpg","_links":{"self":[{"href":"https:\/\/contextoanalisisperiodistico.com\/index.php\/wp-json\/wp\/v2\/posts\/43804"}],"collection":[{"href":"https:\/\/contextoanalisisperiodistico.com\/index.php\/wp-json\/wp\/v2\/posts"}],"about":[{"href":"https:\/\/contextoanalisisperiodistico.com\/index.php\/wp-json\/wp\/v2\/types\/post"}],"author":[{"embeddable":true,"href":"https:\/\/contextoanalisisperiodistico.com\/index.php\/wp-json\/wp\/v2\/users\/4"}],"replies":[{"embeddable":true,"href":"https:\/\/contextoanalisisperiodistico.com\/index.php\/wp-json\/wp\/v2\/comments?post=43804"}],"version-history":[{"count":0,"href":"https:\/\/contextoanalisisperiodistico.com\/index.php\/wp-json\/wp\/v2\/posts\/43804\/revisions"}],"wp:featuredmedia":[{"embeddable":true,"href":"https:\/\/contextoanalisisperiodistico.com\/index.php\/wp-json\/wp\/v2\/media\/43800"}],"wp:attachment":[{"href":"https:\/\/contextoanalisisperiodistico.com\/index.php\/wp-json\/wp\/v2\/media?parent=43804"}],"wp:term":[{"taxonomy":"category","embeddable":true,"href":"https:\/\/contextoanalisisperiodistico.com\/index.php\/wp-json\/wp\/v2\/categories?post=43804"},{"taxonomy":"post_tag","embeddable":true,"href":"https:\/\/contextoanalisisperiodistico.com\/index.php\/wp-json\/wp\/v2\/tags?post=43804"}],"curies":[{"name":"wp","href":"https:\/\/api.w.org\/{rel}","templated":true}]}}