{"id":43799,"date":"2025-07-15T14:40:38","date_gmt":"2025-07-15T20:40:38","guid":{"rendered":"https:\/\/contextoanalisisperiodistico.com\/index.php\/2025\/07\/15\/activa-municipio-plan-emergente-de-recoleccion-de-basura-durante-festividades-de-la-guelaguetza\/"},"modified":"2025-07-15T14:40:38","modified_gmt":"2025-07-15T20:40:38","slug":"activa-municipio-plan-emergente-de-recoleccion-de-basura-durante-festividades-de-la-guelaguetza","status":"publish","type":"post","link":"https:\/\/contextoanalisisperiodistico.com\/index.php\/2025\/07\/15\/activa-municipio-plan-emergente-de-recoleccion-de-basura-durante-festividades-de-la-guelaguetza\/","title":{"rendered":"Activa Municipio plan emergente de recolecci\u00f3n de basura durante festividades de la Guelaguetza"},"content":{"rendered":"<div id=\"fb-root\"><\/div>\n\n<p>\u2022 Se refuerzan los servicios de limpieza para mantener una ciudad limpia y segura, como lo ha instruido el presidente Ray Chagoya<\/p>\n\n\n\n<p>Oaxaca de Ju\u00e1rez, Oax., 15 de julio de 2025.- En el marco de las celebraciones de la Guelaguetza, el Municipio de Oaxaca de Ju\u00e1rez implement\u00f3 un Plan Emergente de Recolecci\u00f3n de Basura, con el objetivo de garantizar el orden, la limpieza y la buena imagen de la ciudad durante esta temporada que atrae a miles de visitantes.<\/p>\n\n\n\n<p>Dicho plan, instruido por el presidente municipal Ray Chagoya, se activa de manera inmediata despu\u00e9s de cada evento p\u00fablico, reforzando las labores habituales con cuadrillas especiales de servicios de limpia, quienes realizan barrido manual, recolecci\u00f3n de residuos y limpieza de espacios p\u00fablicos.<\/p>\n\n\n\n<p>Adem\u00e1s del personal operativo, trabajadores de distintas \u00e1reas del Ayuntamiento se han sumado voluntariamente a estos esfuerzos, demostrando el compromiso colectivo por una ciudad m\u00e1s limpia, segura y ordenada.<\/p>\n\n\n\n<p>Este operativo se mantendr\u00e1 de forma permanente durante todo el periodo festivo, priorizando zonas de alta concentraci\u00f3n como el Centro Hist\u00f3rico, espacios culturales, mercados, andadores tur\u00edsticos y sedes de actividades oficiales.<\/p>\n\n\n\n<p>El Gobierno Municipal reitera el llamado a la ciudadan\u00eda y visitantes a colaborar con estas acciones, depositando los residuos en lugares adecuados y respetando los espacios p\u00fablicos. Oaxaca de Ju\u00e1rez es el coraz\u00f3n cultural de M\u00e9xico y, con trabajo conjunto, se mantiene limpio y digno para todas y todos.<\/p>\n\n\n\n<figure class=\"wp-block-video\"><video controls src=\"https:\/\/contextoanalisisperiodistico.com\/wp-content\/uploads\/2025\/07\/VID-20250715-WA0077.mp4\"><\/video><\/figure>\n\n\n\n<figure class=\"wp-block-image size-large\"><img fetchpriority=\"high\" decoding=\"async\" width=\"1024\" height=\"771\" src=\"https:\/\/contextoanalisisperiodistico.com\/wp-content\/uploads\/2025\/07\/img-20250715-wa00754029265845394257819-1024x771.jpg\" alt=\"\" class=\"wp-image-43797\" srcset=\"https:\/\/contextoanalisisperiodistico.com\/wp-content\/uploads\/2025\/07\/img-20250715-wa00754029265845394257819-1024x771.jpg 1024w, https:\/\/contextoanalisisperiodistico.com\/wp-content\/uploads\/2025\/07\/img-20250715-wa00754029265845394257819-300x226.jpg 300w, https:\/\/contextoanalisisperiodistico.com\/wp-content\/uploads\/2025\/07\/img-20250715-wa00754029265845394257819-768x578.jpg 768w, https:\/\/contextoanalisisperiodistico.com\/wp-content\/uploads\/2025\/07\/img-20250715-wa00754029265845394257819-1536x1156.jpg 1536w, https:\/\/contextoanalisisperiodistico.com\/wp-content\/uploads\/2025\/07\/img-20250715-wa00754029265845394257819.jpg 1600w\" sizes=\"(max-width: 1024px) 100vw, 1024px\" \/><\/figure>\n\n\n\n<figure class=\"wp-block-image\"><img decoding=\"async\" width=\"1024\" height=\"768\" src=\"https:\/\/contextoanalisisperiodistico.com\/wp-content\/uploads\/2025\/07\/img-20250715-wa00745388395723428589620-1024x768.jpg\" alt=\"\" class=\"wp-image-43798\" srcset=\"https:\/\/contextoanalisisperiodistico.com\/wp-content\/uploads\/2025\/07\/img-20250715-wa00745388395723428589620-1024x768.jpg 1024w, https:\/\/contextoanalisisperiodistico.com\/wp-content\/uploads\/2025\/07\/img-20250715-wa00745388395723428589620-300x225.jpg 300w, https:\/\/contextoanalisisperiodistico.com\/wp-content\/uploads\/2025\/07\/img-20250715-wa00745388395723428589620-768x576.jpg 768w, https:\/\/contextoanalisisperiodistico.com\/wp-content\/uploads\/2025\/07\/img-20250715-wa00745388395723428589620-1536x1152.jpg 1536w, https:\/\/contextoanalisisperiodistico.com\/wp-content\/uploads\/2025\/07\/img-20250715-wa00745388395723428589620.jpg 1600w\" sizes=\"(max-width: 1024px) 100vw, 1024px\" \/><\/figure>\n","protected":false},"excerpt":{"rendered":"<p>\u2022 Se refuerzan los servicios de limpieza para mantener una ciudad limpia y segura, como&#8230;<\/p>\n","protected":false},"author":4,"featured_media":43795,"comment_status":"","ping_status":"open","sticky":false,"template":"","format":"standard","meta":{"footnotes":""},"categories":[9],"tags":[178,235,234,45],"jetpack_sharing_enabled":true,"featured_image_urls":{"full":["https:\/\/contextoanalisisperiodistico.com\/wp-content\/uploads\/2025\/07\/IMG-20250715-WA0073.jpg",1482,1222,false],"thumbnail":["https:\/\/contextoanalisisperiodistico.com\/wp-content\/uploads\/2025\/07\/IMG-20250715-WA0073-150x150.jpg",150,150,true],"medium":["https:\/\/contextoanalisisperiodistico.com\/wp-content\/uploads\/2025\/07\/IMG-20250715-WA0073-300x247.jpg",300,247,true],"medium_large":["https:\/\/contextoanalisisperiodistico.com\/wp-content\/uploads\/2025\/07\/IMG-20250715-WA0073-768x633.jpg",640,528,true],"large":["https:\/\/contextoanalisisperiodistico.com\/wp-content\/uploads\/2025\/07\/IMG-20250715-WA0073-1024x844.jpg",640,528,true],"1536x1536":["https:\/\/contextoanalisisperiodistico.com\/wp-content\/uploads\/2025\/07\/IMG-20250715-WA0073.jpg",1482,1222,false],"2048x2048":["https:\/\/contextoanalisisperiodistico.com\/wp-content\/uploads\/2025\/07\/IMG-20250715-WA0073.jpg",1482,1222,false],"covernews-slider-full":["https:\/\/contextoanalisisperiodistico.com\/wp-content\/uploads\/2025\/07\/IMG-20250715-WA0073-1115x715.jpg",1115,715,true],"covernews-slider-center":["https:\/\/contextoanalisisperiodistico.com\/wp-content\/uploads\/2025\/07\/IMG-20250715-WA0073-800x500.jpg",800,500,true],"covernews-featured":["https:\/\/contextoanalisisperiodistico.com\/wp-content\/uploads\/2025\/07\/IMG-20250715-WA0073-1024x844.jpg",1024,844,true],"covernews-medium":["https:\/\/contextoanalisisperiodistico.com\/wp-content\/uploads\/2025\/07\/IMG-20250715-WA0073-540x340.jpg",540,340,true],"covernews-medium-square":["https:\/\/contextoanalisisperiodistico.com\/wp-content\/uploads\/2025\/07\/IMG-20250715-WA0073-400x250.jpg",400,250,true]},"author_info":{"display_name":"Mario Gir\u00f3n","author_link":"https:\/\/contextoanalisisperiodistico.com\/index.php\/author\/director\/"},"category_info":"<a href=\"https:\/\/contextoanalisisperiodistico.com\/index.php\/category\/politica\/\" rel=\"category tag\">Pol\u00edtica<\/a>","tag_info":"Pol\u00edtica","comment_count":"0","jetpack_featured_media_url":"https:\/\/contextoanalisisperiodistico.com\/wp-content\/uploads\/2025\/07\/IMG-20250715-WA0073.jpg","_links":{"self":[{"href":"https:\/\/contextoanalisisperiodistico.com\/index.php\/wp-json\/wp\/v2\/posts\/43799"}],"collection":[{"href":"https:\/\/contextoanalisisperiodistico.com\/index.php\/wp-json\/wp\/v2\/posts"}],"about":[{"href":"https:\/\/contextoanalisisperiodistico.com\/index.php\/wp-json\/wp\/v2\/types\/post"}],"author":[{"embeddable":true,"href":"https:\/\/contextoanalisisperiodistico.com\/index.php\/wp-json\/wp\/v2\/users\/4"}],"replies":[{"embeddable":true,"href":"https:\/\/contextoanalisisperiodistico.com\/index.php\/wp-json\/wp\/v2\/comments?post=43799"}],"version-history":[{"count":0,"href":"https:\/\/contextoanalisisperiodistico.com\/index.php\/wp-json\/wp\/v2\/posts\/43799\/revisions"}],"wp:featuredmedia":[{"embeddable":true,"href":"https:\/\/contextoanalisisperiodistico.com\/index.php\/wp-json\/wp\/v2\/media\/43795"}],"wp:attachment":[{"href":"https:\/\/contextoanalisisperiodistico.com\/index.php\/wp-json\/wp\/v2\/media?parent=43799"}],"wp:term":[{"taxonomy":"category","embeddable":true,"href":"https:\/\/contextoanalisisperiodistico.com\/index.php\/wp-json\/wp\/v2\/categories?post=43799"},{"taxonomy":"post_tag","embeddable":true,"href":"https:\/\/contextoanalisisperiodistico.com\/index.php\/wp-json\/wp\/v2\/tags?post=43799"}],"curies":[{"name":"wp","href":"https:\/\/api.w.org\/{rel}","templated":true}]}}