{"id":43794,"date":"2025-07-15T14:10:03","date_gmt":"2025-07-15T20:10:03","guid":{"rendered":"https:\/\/contextoanalisisperiodistico.com\/index.php\/2025\/07\/15\/refuerza-policia-vial-estatal-el-programa-1x1-para-proteger-a-personas-peatonas-y-con-discapacidad\/"},"modified":"2025-07-15T14:10:03","modified_gmt":"2025-07-15T20:10:03","slug":"refuerza-policia-vial-estatal-el-programa-1x1-para-proteger-a-personas-peatonas-y-con-discapacidad","status":"publish","type":"post","link":"https:\/\/contextoanalisisperiodistico.com\/index.php\/2025\/07\/15\/refuerza-policia-vial-estatal-el-programa-1x1-para-proteger-a-personas-peatonas-y-con-discapacidad\/","title":{"rendered":"Refuerza Polic\u00eda Vial Estatal el programa \u201c1&#215;1\u201d para proteger a personas peatonas y con discapacidad"},"content":{"rendered":"<div id=\"fb-root\"><\/div>\n\n<p>\u2022 El respeto es fundamental para prevenir accidentes y construir una ciudad m\u00e1s segura<\/p>\n\n\n\n<figure class=\"wp-block-image size-large\"><img fetchpriority=\"high\" decoding=\"async\" width=\"1024\" height=\"768\" src=\"https:\/\/contextoanalisisperiodistico.com\/wp-content\/uploads\/2025\/07\/img-20250715-wa00513980665477559650947-1024x768.jpg\" alt=\"\" class=\"wp-image-43793\" srcset=\"https:\/\/contextoanalisisperiodistico.com\/wp-content\/uploads\/2025\/07\/img-20250715-wa00513980665477559650947-1024x768.jpg 1024w, https:\/\/contextoanalisisperiodistico.com\/wp-content\/uploads\/2025\/07\/img-20250715-wa00513980665477559650947-300x225.jpg 300w, https:\/\/contextoanalisisperiodistico.com\/wp-content\/uploads\/2025\/07\/img-20250715-wa00513980665477559650947-768x576.jpg 768w, https:\/\/contextoanalisisperiodistico.com\/wp-content\/uploads\/2025\/07\/img-20250715-wa00513980665477559650947-1536x1152.jpg 1536w, https:\/\/contextoanalisisperiodistico.com\/wp-content\/uploads\/2025\/07\/img-20250715-wa00513980665477559650947.jpg 1600w\" sizes=\"(max-width: 1024px) 100vw, 1024px\" \/><\/figure>\n\n\n\n<p>Oaxaca de Ju\u00e1rez, Oax., 15 de julio de 2025.- Con el objetivo de fortalecer la seguridad vial y promover el respeto a las y los transe\u00fantes en la v\u00eda p\u00fablica, la Polic\u00eda Vial Estatal ha intensificado la implementaci\u00f3n del programa \u201c1&#215;1\u201d, estrategia dirigida a conductoras y conductores para garantizar el paso seguro, especialmente a personas con discapacidad.<\/p>\n\n\n\n<p>La iniciativa se centra en la concientizaci\u00f3n y el respeto mutuo, promoviendo un tr\u00e1nsito m\u00e1s ordenado, accesible y seguro para todas y todos. \u201cEl objetivo es colocar a las y los peatones como prioridad, tal como lo establece la jerarqu\u00eda de la movilidad\u201d, se\u00f1al\u00f3 el director general de la corporaci\u00f3n, Toribio L\u00f3pez S\u00e1nchez.<\/p>\n\n\n\n<p>\u201cEste programa es un paso hacia una convivencia m\u00e1s humana y equitativa en nuestras calles\u201d, destac\u00f3 al tiempo de reiterar el compromiso de la dependencia con una movilidad m\u00e1s segura, como parte del proyecto integral del Gobierno de la Primavera Oaxaque\u00f1a.<\/p>\n\n\n\n<p>Asimismo, hizo un llamado directo a las personas automovilistas: \u201cConductora, conductor, en su camino, uno por uno, el peat\u00f3n es primero\u201d.<\/p>\n\n\n\n<p>La Polic\u00eda Vial Estatal invita a la ciudadan\u00eda a sumarse activamente a esta iniciativa, recordando que el respeto entre personas peatonas, ciclistas y automovilistas es fundamental para prevenir accidentes y construir una ciudad m\u00e1s segura y arm\u00f3nica para todas y todos.<\/p>\n\n\n\n<p>-0-<\/p>\n","protected":false},"excerpt":{"rendered":"<p>\u2022 El respeto es fundamental para prevenir accidentes y construir una ciudad m\u00e1s segura Oaxaca&#8230;<\/p>\n","protected":false},"author":4,"featured_media":43792,"comment_status":"","ping_status":"open","sticky":false,"template":"","format":"standard","meta":{"footnotes":""},"categories":[3],"tags":[],"jetpack_sharing_enabled":true,"featured_image_urls":{"full":["https:\/\/contextoanalisisperiodistico.com\/wp-content\/uploads\/2025\/07\/IMG-20250715-WA0052.jpg",1600,1200,false],"thumbnail":["https:\/\/contextoanalisisperiodistico.com\/wp-content\/uploads\/2025\/07\/IMG-20250715-WA0052-150x150.jpg",150,150,true],"medium":["https:\/\/contextoanalisisperiodistico.com\/wp-content\/uploads\/2025\/07\/IMG-20250715-WA0052-300x225.jpg",300,225,true],"medium_large":["https:\/\/contextoanalisisperiodistico.com\/wp-content\/uploads\/2025\/07\/IMG-20250715-WA0052-768x576.jpg",640,480,true],"large":["https:\/\/contextoanalisisperiodistico.com\/wp-content\/uploads\/2025\/07\/IMG-20250715-WA0052-1024x768.jpg",640,480,true],"1536x1536":["https:\/\/contextoanalisisperiodistico.com\/wp-content\/uploads\/2025\/07\/IMG-20250715-WA0052-1536x1152.jpg",1536,1152,true],"2048x2048":["https:\/\/contextoanalisisperiodistico.com\/wp-content\/uploads\/2025\/07\/IMG-20250715-WA0052.jpg",1600,1200,false],"covernews-slider-full":["https:\/\/contextoanalisisperiodistico.com\/wp-content\/uploads\/2025\/07\/IMG-20250715-WA0052-1115x715.jpg",1115,715,true],"covernews-slider-center":["https:\/\/contextoanalisisperiodistico.com\/wp-content\/uploads\/2025\/07\/IMG-20250715-WA0052-800x500.jpg",800,500,true],"covernews-featured":["https:\/\/contextoanalisisperiodistico.com\/wp-content\/uploads\/2025\/07\/IMG-20250715-WA0052-1024x768.jpg",1024,768,true],"covernews-medium":["https:\/\/contextoanalisisperiodistico.com\/wp-content\/uploads\/2025\/07\/IMG-20250715-WA0052-540x340.jpg",540,340,true],"covernews-medium-square":["https:\/\/contextoanalisisperiodistico.com\/wp-content\/uploads\/2025\/07\/IMG-20250715-WA0052-400x250.jpg",400,250,true]},"author_info":{"display_name":"Mario Gir\u00f3n","author_link":"https:\/\/contextoanalisisperiodistico.com\/index.php\/author\/director\/"},"category_info":"<a href=\"https:\/\/contextoanalisisperiodistico.com\/index.php\/category\/ciudad\/\" rel=\"category tag\">Ciudad<\/a>","tag_info":"Ciudad","comment_count":"0","jetpack_featured_media_url":"https:\/\/contextoanalisisperiodistico.com\/wp-content\/uploads\/2025\/07\/IMG-20250715-WA0052.jpg","_links":{"self":[{"href":"https:\/\/contextoanalisisperiodistico.com\/index.php\/wp-json\/wp\/v2\/posts\/43794"}],"collection":[{"href":"https:\/\/contextoanalisisperiodistico.com\/index.php\/wp-json\/wp\/v2\/posts"}],"about":[{"href":"https:\/\/contextoanalisisperiodistico.com\/index.php\/wp-json\/wp\/v2\/types\/post"}],"author":[{"embeddable":true,"href":"https:\/\/contextoanalisisperiodistico.com\/index.php\/wp-json\/wp\/v2\/users\/4"}],"replies":[{"embeddable":true,"href":"https:\/\/contextoanalisisperiodistico.com\/index.php\/wp-json\/wp\/v2\/comments?post=43794"}],"version-history":[{"count":0,"href":"https:\/\/contextoanalisisperiodistico.com\/index.php\/wp-json\/wp\/v2\/posts\/43794\/revisions"}],"wp:featuredmedia":[{"embeddable":true,"href":"https:\/\/contextoanalisisperiodistico.com\/index.php\/wp-json\/wp\/v2\/media\/43792"}],"wp:attachment":[{"href":"https:\/\/contextoanalisisperiodistico.com\/index.php\/wp-json\/wp\/v2\/media?parent=43794"}],"wp:term":[{"taxonomy":"category","embeddable":true,"href":"https:\/\/contextoanalisisperiodistico.com\/index.php\/wp-json\/wp\/v2\/categories?post=43794"},{"taxonomy":"post_tag","embeddable":true,"href":"https:\/\/contextoanalisisperiodistico.com\/index.php\/wp-json\/wp\/v2\/tags?post=43794"}],"curies":[{"name":"wp","href":"https:\/\/api.w.org\/{rel}","templated":true}]}}