{"id":4363,"date":"2022-08-22T21:01:11","date_gmt":"2022-08-23T02:01:11","guid":{"rendered":"http:\/\/contextoanalisisperiodistico.com.mx\/2022\/08\/22\/reconocen-al-h-ayuntamiento-de-oaxaca-de-juarez-por-incorporar-la-herramienta-integra-2-a-la-pagina-web\/"},"modified":"2022-08-22T21:01:11","modified_gmt":"2022-08-23T02:01:11","slug":"reconocen-al-h-ayuntamiento-de-oaxaca-de-juarez-por-incorporar-la-herramienta-integra-2-a-la-pagina-web","status":"publish","type":"post","link":"https:\/\/contextoanalisisperiodistico.com\/index.php\/2022\/08\/22\/reconocen-al-h-ayuntamiento-de-oaxaca-de-juarez-por-incorporar-la-herramienta-integra-2-a-la-pagina-web\/","title":{"rendered":"Reconocen al H. Ayuntamiento de Oaxaca de Ju\u00e1rez por incorporar la herramienta INTEGRA-2 a la  p\u00e1gina web"},"content":{"rendered":"<div id=\"fb-root\"><\/div>\n\n<ul><li>Mart\u00ednez Neri, participa en el encuentro para promover la adopci\u00f3n de criterios de accesibilidad para el ejercicio del acceso a la informaci\u00f3n, protecci\u00f3n de datos personales y el uso de lenguaje incluyente y no sexista.<\/li><\/ul>\n\n\n\n<p>El d\u00eda de hoy, el presidente municipal de Oaxaca de&nbsp; Ju\u00e1rez, Francisco Mart\u00ednez Neri, acudi\u00f3 al encuentro que promueve la adopci\u00f3n de criterios de accesibilidad a la informaci\u00f3n p\u00fablica, protecci\u00f3n de datos personales y el uso de lenguaje incluyente y no sexista.<br \/>&nbsp;<br \/>Acompa\u00f1ado de la comisionada del INAI, Norma Julieta del R\u00edo Venegas, la comisionada Presidenta del IDAIP Durango Luz Mar\u00eda Mariscal C\u00e1rdenas, la comisionada presidenta ITAIH Hidalgo, Myrna Roc\u00edo Moncada Mahuem, la comisionada del ITAIT Tabasco Patricia Ord\u00f3\u00f1ez Le\u00f3n, la comisionada presidente CEAIP Sinaloa, Jos\u00e9 Luis Moreno L\u00f3pez, as\u00ed como las y los Integrantes del Consejo General del \u00d3rgano Garante de Acceso a la Informaci\u00f3n P\u00fablica, Transparencia, Protecci\u00f3n de Datos Personales y Buen Gobierno del Estado de Oaxaca, Mart\u00ednez Neri, agradeci\u00f3 al \u00f3rgano Garante Local y a la Comisi\u00f3n Estatal para el Acceso a la Informaci\u00f3n P\u00fablica del Estado de Sinaloa el implementar y dar la oportunidad a los Sujetos Obligados del estado de Oaxaca de tener acceso y ejecutar herramientas de accesibilidad a personas que tienen alg\u00fan tipo discapacidad y que se encuentran en una situaci\u00f3n de vulnerabilidad, que forman parte de la sociedad.<\/p>\n\n\n\n<p>\u201cLos servidores p\u00fablicos debemos garantizarles y ofrecer mecanismos que les permitan participar de manera activa en los \u00e1mbitos pol\u00edtico, social, cultural y econ\u00f3mico\u201d acot\u00f3.<\/p>\n\n\n\n<p>Por \u00faltimo, reiter\u00f3 su compromiso para participar y colaborar en el ejercicio de estos mecanismos, y celebr\u00f3 que m\u00e1s Sujetos Obligados se sumen a esta nueva responsabilidad, para dar una mayor apertura a la poblaci\u00f3n que les garanticen los derechos de acceso, protecci\u00f3n de datos personales a trav\u00e9s del uso de plataformas web en la administraci\u00f3n p\u00fablica estatal y municipal, como herramientas de inter\u00e9s, utilidad y aprovechamiento dirigidas a las personas con discapacidad y al p\u00fablico en general para una mejor calidad de vida.\u2028<\/p>\n\n\n\n<p>\u201cLos invit\u00f3 a ser parte de Una ciudad educadora, con pleno respeto a los Derechos Humanos, la inclusi\u00f3n social, la accesibilidad para las personas con discapacidad f\u00edsica, la movilidad sustentable, respeto a las diferencias, educaci\u00f3n vial, di\u00e1logo para la convivencia\u201d finaliz\u00f3.<\/p>\n\n\n\n<figure class=\"wp-block-image size-large\"><img decoding=\"async\" src=\"https:\/\/contextoinformacionyanalisisperiodistico.files.wordpress.com\/2022\/08\/img-20220822-wa0096.jpg?w=1024\" alt=\"\" class=\"wp-image-4359\" \/><\/figure>\n\n\n\n<figure class=\"wp-block-image\"><img decoding=\"async\" src=\"https:\/\/contextoinformacionyanalisisperiodistico.files.wordpress.com\/2022\/08\/img-20220822-wa0084.jpg?w=669\" alt=\"\" class=\"wp-image-4356\" \/><\/figure>\n\n\n\n<figure class=\"wp-block-image\"><img decoding=\"async\" src=\"https:\/\/contextoinformacionyanalisisperiodistico.files.wordpress.com\/2022\/08\/img-20220822-wa0092.jpg?w=1024\" alt=\"\" class=\"wp-image-4358\" \/><\/figure>\n\n\n\n<figure class=\"wp-block-image\"><img decoding=\"async\" src=\"https:\/\/contextoinformacionyanalisisperiodistico.files.wordpress.com\/2022\/08\/img-20220822-wa0086.jpg?w=1024\" alt=\"\" class=\"wp-image-4357\" \/><\/figure>\n\n\n\n<figure class=\"wp-block-image\"><img decoding=\"async\" src=\"https:\/\/contextoinformacionyanalisisperiodistico.files.wordpress.com\/2022\/08\/img-20220822-wa0093.jpg?w=1024\" alt=\"\" class=\"wp-image-4360\" \/><\/figure>\n\n\n\n<figure class=\"wp-block-image\"><img decoding=\"async\" src=\"https:\/\/contextoinformacionyanalisisperiodistico.files.wordpress.com\/2022\/08\/img-20220822-wa0094.jpg?w=1024\" alt=\"\" class=\"wp-image-4362\" \/><\/figure>\n\n\n\n<figure class=\"wp-block-image\"><img decoding=\"async\" src=\"https:\/\/contextoinformacionyanalisisperiodistico.files.wordpress.com\/2022\/08\/img-20220822-wa0085.jpg?w=1024\" alt=\"\" class=\"wp-image-4361\" \/><\/figure>\n","protected":false},"excerpt":{"rendered":"<p>Mart\u00ednez Neri, participa en el encuentro para promover la adopci\u00f3n de criterios de accesibilidad para&#8230;<\/p>\n","protected":false},"author":2,"featured_media":0,"comment_status":"open","ping_status":"open","sticky":false,"template":"","format":"standard","meta":{"footnotes":""},"categories":[7],"tags":[],"jetpack_sharing_enabled":true,"featured_image_urls":{"full":"","thumbnail":"","medium":"","medium_large":"","large":"","1536x1536":"","2048x2048":"","covernews-slider-full":"","covernews-slider-center":"","covernews-featured":"","covernews-medium":"","covernews-medium-square":""},"author_info":{"display_name":"Miguel","author_link":"https:\/\/contextoanalisisperiodistico.com\/index.php\/author\/editor\/"},"category_info":"<a href=\"https:\/\/contextoanalisisperiodistico.com\/index.php\/category\/municipios\/\" rel=\"category tag\">Municipios<\/a>","tag_info":"Municipios","comment_count":"0","jetpack_featured_media_url":"","_links":{"self":[{"href":"https:\/\/contextoanalisisperiodistico.com\/index.php\/wp-json\/wp\/v2\/posts\/4363"}],"collection":[{"href":"https:\/\/contextoanalisisperiodistico.com\/index.php\/wp-json\/wp\/v2\/posts"}],"about":[{"href":"https:\/\/contextoanalisisperiodistico.com\/index.php\/wp-json\/wp\/v2\/types\/post"}],"author":[{"embeddable":true,"href":"https:\/\/contextoanalisisperiodistico.com\/index.php\/wp-json\/wp\/v2\/users\/2"}],"replies":[{"embeddable":true,"href":"https:\/\/contextoanalisisperiodistico.com\/index.php\/wp-json\/wp\/v2\/comments?post=4363"}],"version-history":[{"count":0,"href":"https:\/\/contextoanalisisperiodistico.com\/index.php\/wp-json\/wp\/v2\/posts\/4363\/revisions"}],"wp:attachment":[{"href":"https:\/\/contextoanalisisperiodistico.com\/index.php\/wp-json\/wp\/v2\/media?parent=4363"}],"wp:term":[{"taxonomy":"category","embeddable":true,"href":"https:\/\/contextoanalisisperiodistico.com\/index.php\/wp-json\/wp\/v2\/categories?post=4363"},{"taxonomy":"post_tag","embeddable":true,"href":"https:\/\/contextoanalisisperiodistico.com\/index.php\/wp-json\/wp\/v2\/tags?post=4363"}],"curies":[{"name":"wp","href":"https:\/\/api.w.org\/{rel}","templated":true}]}}