{"id":43600,"date":"2025-07-09T13:44:59","date_gmt":"2025-07-09T19:44:59","guid":{"rendered":"https:\/\/contextoanalisisperiodistico.com\/index.php\/2025\/07\/09\/el-centro-de-bienestar-vecinal-llega-a-la-central-de-abasto-para-acercar-servicios-a-vecinos-y-comerciantes\/"},"modified":"2025-07-09T13:44:59","modified_gmt":"2025-07-09T19:44:59","slug":"el-centro-de-bienestar-vecinal-llega-a-la-central-de-abasto-para-acercar-servicios-a-vecinos-y-comerciantes","status":"publish","type":"post","link":"https:\/\/contextoanalisisperiodistico.com\/index.php\/2025\/07\/09\/el-centro-de-bienestar-vecinal-llega-a-la-central-de-abasto-para-acercar-servicios-a-vecinos-y-comerciantes\/","title":{"rendered":"El Centro de Bienestar Vecinal llega a la Central de Abasto para acercar servicios a vecinos y&nbsp; comerciantes"},"content":{"rendered":"<div id=\"fb-root\"><\/div>\n\n<ul class=\"wp-block-list\">\n<li>Un espacio integral que transforma la atenci\u00f3n social desde el coraz\u00f3n comercial de Oaxaca de Ju\u00e1rez<\/li>\n<\/ul>\n\n\n\n<p>Oaxaca de Ju\u00e1rez, Oax., 9 de julio de 2025.\u2013 El Municipio de Oaxaca de Ju\u00e1rez, a trav\u00e9s de la Secretar\u00eda de Bienestar y Tequios Vecinales, inaugur\u00f3 este mi\u00e9rcoles el Centro de Bienestar Vecinal (CEBIVE), un nuevo espacio de atenci\u00f3n integral ubicado en la Central de Abasto, en Prolongaci\u00f3n de Nu\u00f1o del Mercado 601, colonia Cosijoeza, que brindar\u00e1 atenci\u00f3n directa a comerciantes, vecinos y vecinas de esta importante zona de la ciudad.<\/p>\n\n\n\n<p>El CEBIVE ofrece servicios gratuitos de salud general, atenci\u00f3n emocional, odontolog\u00eda, fisioterapia y formaci\u00f3n productiva, brindando acompa\u00f1amiento integral a quienes m\u00e1s lo necesitan, especialmente a quienes trabajan o viven en los alrededores del mayor centro de comercio de la ciudad.<\/p>\n\n\n\n<p>Este centro nace con el compromiso del Presidente Municipal Ray Chagoya de ofrecer herramientas reales que permitan a las personas transformar su vida, su trabajo y su entorno. La Central de Abasto es m\u00e1s que un mercado: es un punto de encuentro que nos hermana como oaxaque\u00f1as y oaxaque\u00f1os, donde diariamente convergen esfuerzos, historias y sue\u00f1os.<\/p>\n\n\n\n<p>Durante el evento, autoridades municipales y estatales coincidieron en que este proyecto es resultado del trabajo coordinado y de una visi\u00f3n de bienestar comunitario que prioriza la cercan\u00eda, la prevenci\u00f3n y la inclusi\u00f3n.<\/p>\n\n\n\n<p>En su intervenci\u00f3n, la Secretaria de Bienestar y Tequios Vecinales, Deyanira Altamirano, destac\u00f3 que el CEBIVE forma parte de una estrategia mayor que busca reconstruir el tejido social desde los territorios, con enfoque comunitario y acciones que fortalecen la seguridad y la cohesi\u00f3n vecinal.<\/p>\n\n\n\n<p>Con esta inauguraci\u00f3n, el Gobierno Municipal reafirma su compromiso con una ciudad m\u00e1s equitativa, cercana y humana, poniendo en el centro a las personas, sus derechos y su bienestar.<\/p>\n\n\n\n<figure class=\"wp-block-image size-large\"><img fetchpriority=\"high\" decoding=\"async\" width=\"1024\" height=\"684\" src=\"https:\/\/contextoanalisisperiodistico.com\/wp-content\/uploads\/2025\/07\/img-20250709-wa00454197782361858619244-1024x684.jpg\" alt=\"\" class=\"wp-image-43595\" srcset=\"https:\/\/contextoanalisisperiodistico.com\/wp-content\/uploads\/2025\/07\/img-20250709-wa00454197782361858619244-1024x684.jpg 1024w, https:\/\/contextoanalisisperiodistico.com\/wp-content\/uploads\/2025\/07\/img-20250709-wa00454197782361858619244-300x201.jpg 300w, https:\/\/contextoanalisisperiodistico.com\/wp-content\/uploads\/2025\/07\/img-20250709-wa00454197782361858619244-768x513.jpg 768w, https:\/\/contextoanalisisperiodistico.com\/wp-content\/uploads\/2025\/07\/img-20250709-wa00454197782361858619244-1536x1027.jpg 1536w, https:\/\/contextoanalisisperiodistico.com\/wp-content\/uploads\/2025\/07\/img-20250709-wa00454197782361858619244.jpg 1571w\" sizes=\"(max-width: 1024px) 100vw, 1024px\" \/><\/figure>\n\n\n\n<figure class=\"wp-block-image\"><img decoding=\"async\" width=\"1024\" height=\"684\" src=\"https:\/\/contextoanalisisperiodistico.com\/wp-content\/uploads\/2025\/07\/img-20250709-wa00478854582241462886791-1024x684.jpg\" alt=\"\" class=\"wp-image-43599\" srcset=\"https:\/\/contextoanalisisperiodistico.com\/wp-content\/uploads\/2025\/07\/img-20250709-wa00478854582241462886791-1024x684.jpg 1024w, https:\/\/contextoanalisisperiodistico.com\/wp-content\/uploads\/2025\/07\/img-20250709-wa00478854582241462886791-300x200.jpg 300w, https:\/\/contextoanalisisperiodistico.com\/wp-content\/uploads\/2025\/07\/img-20250709-wa00478854582241462886791-768x513.jpg 768w, https:\/\/contextoanalisisperiodistico.com\/wp-content\/uploads\/2025\/07\/img-20250709-wa00478854582241462886791-1536x1027.jpg 1536w, https:\/\/contextoanalisisperiodistico.com\/wp-content\/uploads\/2025\/07\/img-20250709-wa00478854582241462886791.jpg 1616w\" sizes=\"(max-width: 1024px) 100vw, 1024px\" \/><\/figure>\n\n\n\n<figure class=\"wp-block-image\"><img decoding=\"async\" width=\"1024\" height=\"684\" src=\"https:\/\/contextoanalisisperiodistico.com\/wp-content\/uploads\/2025\/07\/img-20250709-wa00461130128923500958687-1024x684.jpg\" alt=\"\" class=\"wp-image-43596\" srcset=\"https:\/\/contextoanalisisperiodistico.com\/wp-content\/uploads\/2025\/07\/img-20250709-wa00461130128923500958687-1024x684.jpg 1024w, https:\/\/contextoanalisisperiodistico.com\/wp-content\/uploads\/2025\/07\/img-20250709-wa00461130128923500958687-300x200.jpg 300w, https:\/\/contextoanalisisperiodistico.com\/wp-content\/uploads\/2025\/07\/img-20250709-wa00461130128923500958687-768x513.jpg 768w, https:\/\/contextoanalisisperiodistico.com\/wp-content\/uploads\/2025\/07\/img-20250709-wa00461130128923500958687.jpg 1467w\" sizes=\"(max-width: 1024px) 100vw, 1024px\" \/><\/figure>\n\n\n\n<figure class=\"wp-block-image\"><img loading=\"lazy\" decoding=\"async\" width=\"1024\" height=\"684\" src=\"https:\/\/contextoanalisisperiodistico.com\/wp-content\/uploads\/2025\/07\/img-20250709-wa00491891762287036134063-1024x684.jpg\" alt=\"\" class=\"wp-image-43597\" srcset=\"https:\/\/contextoanalisisperiodistico.com\/wp-content\/uploads\/2025\/07\/img-20250709-wa00491891762287036134063-1024x684.jpg 1024w, https:\/\/contextoanalisisperiodistico.com\/wp-content\/uploads\/2025\/07\/img-20250709-wa00491891762287036134063-300x200.jpg 300w, https:\/\/contextoanalisisperiodistico.com\/wp-content\/uploads\/2025\/07\/img-20250709-wa00491891762287036134063-768x513.jpg 768w, https:\/\/contextoanalisisperiodistico.com\/wp-content\/uploads\/2025\/07\/img-20250709-wa00491891762287036134063.jpg 1494w\" sizes=\"(max-width: 1024px) 100vw, 1024px\" \/><\/figure>\n\n\n\n<figure class=\"wp-block-image\"><img loading=\"lazy\" decoding=\"async\" width=\"1024\" height=\"684\" src=\"https:\/\/contextoanalisisperiodistico.com\/wp-content\/uploads\/2025\/07\/img-20250709-wa00481360067223108314676-1024x684.jpg\" alt=\"\" class=\"wp-image-43598\" srcset=\"https:\/\/contextoanalisisperiodistico.com\/wp-content\/uploads\/2025\/07\/img-20250709-wa00481360067223108314676-1024x684.jpg 1024w, https:\/\/contextoanalisisperiodistico.com\/wp-content\/uploads\/2025\/07\/img-20250709-wa00481360067223108314676-300x200.jpg 300w, https:\/\/contextoanalisisperiodistico.com\/wp-content\/uploads\/2025\/07\/img-20250709-wa00481360067223108314676-768x513.jpg 768w, https:\/\/contextoanalisisperiodistico.com\/wp-content\/uploads\/2025\/07\/img-20250709-wa00481360067223108314676.jpg 1473w\" sizes=\"(max-width: 1024px) 100vw, 1024px\" \/><\/figure>\n","protected":false},"excerpt":{"rendered":"<p>Oaxaca de Ju\u00e1rez, Oax., 9 de julio de 2025.\u2013 El Municipio de Oaxaca de Ju\u00e1rez,&#8230;<\/p>\n","protected":false},"author":4,"featured_media":43594,"comment_status":"","ping_status":"open","sticky":false,"template":"","format":"standard","meta":{"footnotes":""},"categories":[9],"tags":[178,235,234,45],"jetpack_sharing_enabled":true,"featured_image_urls":{"full":["https:\/\/contextoanalisisperiodistico.com\/wp-content\/uploads\/2025\/07\/IMG-20250709-WA0044.jpg",1527,1021,false],"thumbnail":["https:\/\/contextoanalisisperiodistico.com\/wp-content\/uploads\/2025\/07\/IMG-20250709-WA0044-150x150.jpg",150,150,true],"medium":["https:\/\/contextoanalisisperiodistico.com\/wp-content\/uploads\/2025\/07\/IMG-20250709-WA0044-300x201.jpg",300,201,true],"medium_large":["https:\/\/contextoanalisisperiodistico.com\/wp-content\/uploads\/2025\/07\/IMG-20250709-WA0044-768x514.jpg",640,428,true],"large":["https:\/\/contextoanalisisperiodistico.com\/wp-content\/uploads\/2025\/07\/IMG-20250709-WA0044-1024x685.jpg",640,428,true],"1536x1536":["https:\/\/contextoanalisisperiodistico.com\/wp-content\/uploads\/2025\/07\/IMG-20250709-WA0044.jpg",1527,1021,false],"2048x2048":["https:\/\/contextoanalisisperiodistico.com\/wp-content\/uploads\/2025\/07\/IMG-20250709-WA0044.jpg",1527,1021,false],"covernews-slider-full":["https:\/\/contextoanalisisperiodistico.com\/wp-content\/uploads\/2025\/07\/IMG-20250709-WA0044-1115x715.jpg",1115,715,true],"covernews-slider-center":["https:\/\/contextoanalisisperiodistico.com\/wp-content\/uploads\/2025\/07\/IMG-20250709-WA0044-800x500.jpg",800,500,true],"covernews-featured":["https:\/\/contextoanalisisperiodistico.com\/wp-content\/uploads\/2025\/07\/IMG-20250709-WA0044-1024x685.jpg",1024,685,true],"covernews-medium":["https:\/\/contextoanalisisperiodistico.com\/wp-content\/uploads\/2025\/07\/IMG-20250709-WA0044-540x340.jpg",540,340,true],"covernews-medium-square":["https:\/\/contextoanalisisperiodistico.com\/wp-content\/uploads\/2025\/07\/IMG-20250709-WA0044-400x250.jpg",400,250,true]},"author_info":{"display_name":"Mario Gir\u00f3n","author_link":"https:\/\/contextoanalisisperiodistico.com\/index.php\/author\/director\/"},"category_info":"<a href=\"https:\/\/contextoanalisisperiodistico.com\/index.php\/category\/politica\/\" rel=\"category tag\">Pol\u00edtica<\/a>","tag_info":"Pol\u00edtica","comment_count":"0","jetpack_featured_media_url":"https:\/\/contextoanalisisperiodistico.com\/wp-content\/uploads\/2025\/07\/IMG-20250709-WA0044.jpg","_links":{"self":[{"href":"https:\/\/contextoanalisisperiodistico.com\/index.php\/wp-json\/wp\/v2\/posts\/43600"}],"collection":[{"href":"https:\/\/contextoanalisisperiodistico.com\/index.php\/wp-json\/wp\/v2\/posts"}],"about":[{"href":"https:\/\/contextoanalisisperiodistico.com\/index.php\/wp-json\/wp\/v2\/types\/post"}],"author":[{"embeddable":true,"href":"https:\/\/contextoanalisisperiodistico.com\/index.php\/wp-json\/wp\/v2\/users\/4"}],"replies":[{"embeddable":true,"href":"https:\/\/contextoanalisisperiodistico.com\/index.php\/wp-json\/wp\/v2\/comments?post=43600"}],"version-history":[{"count":0,"href":"https:\/\/contextoanalisisperiodistico.com\/index.php\/wp-json\/wp\/v2\/posts\/43600\/revisions"}],"wp:featuredmedia":[{"embeddable":true,"href":"https:\/\/contextoanalisisperiodistico.com\/index.php\/wp-json\/wp\/v2\/media\/43594"}],"wp:attachment":[{"href":"https:\/\/contextoanalisisperiodistico.com\/index.php\/wp-json\/wp\/v2\/media?parent=43600"}],"wp:term":[{"taxonomy":"category","embeddable":true,"href":"https:\/\/contextoanalisisperiodistico.com\/index.php\/wp-json\/wp\/v2\/categories?post=43600"},{"taxonomy":"post_tag","embeddable":true,"href":"https:\/\/contextoanalisisperiodistico.com\/index.php\/wp-json\/wp\/v2\/tags?post=43600"}],"curies":[{"name":"wp","href":"https:\/\/api.w.org\/{rel}","templated":true}]}}