{"id":43540,"date":"2025-07-06T19:33:36","date_gmt":"2025-07-07T01:33:36","guid":{"rendered":"https:\/\/contextoanalisisperiodistico.com\/index.php\/2025\/07\/06\/gabinete-de-seguridad-y-mando-de-coordinacion-de-seguridad-metropolitana-informa-la-detencion-a-j-f-r-c-alias-el-chucky-probable-autor-material-de-un-homicidio-en-la-central-de-ab\/"},"modified":"2025-07-06T19:33:36","modified_gmt":"2025-07-07T01:33:36","slug":"gabinete-de-seguridad-y-mando-de-coordinacion-de-seguridad-metropolitana-informa-la-detencion-a-j-f-r-c-alias-el-chucky-probable-autor-material-de-un-homicidio-en-la-central-de-ab","status":"publish","type":"post","link":"https:\/\/contextoanalisisperiodistico.com\/index.php\/2025\/07\/06\/gabinete-de-seguridad-y-mando-de-coordinacion-de-seguridad-metropolitana-informa-la-detencion-a-j-f-r-c-alias-el-chucky-probable-autor-material-de-un-homicidio-en-la-central-de-ab\/","title":{"rendered":"Gabinete de Seguridad y mando de coordinaci\u00f3n de seguridad metropolitana informa la detenci\u00f3n a J.F.R.C., alias \u201cEl Chucky\u201d, probable autor material de un homicidio en la Central de Abasto"},"content":{"rendered":"<div id=\"fb-root\"><\/div>\n\n<ul class=\"wp-block-list\">\n<li>Es la segunda persona detenida por estos hechos ocurridos el pasado viernes, hechos por los que L.A.P.T., alias \u201cEl Barbas\u201d, tambi\u00e9n est\u00e1 bajo proceso<\/li>\n<\/ul>\n\n\n\n<p>Oaxaca de Ju\u00e1rez, Oax. 06 de julio de 2025.- Gracias a la intervenci\u00f3n inmediata y los trabajos de investigaci\u00f3n especializados, Gabinete de Seguridad y mando de coordinaci\u00f3n de seguridad metropolitana se logr\u00f3 la detenci\u00f3n de J.F.R.C., alias \u201cEl Chucky\u201d, probable autor material de un homicidio cometido con arma de fuego, en pasillos de la Central de Abasto de la capital de la entidad.<\/p>\n\n\n\n<p>La investigaci\u00f3n por el caso establece que, los hechos ocurrieron el 4 de junio de 2025, en la zona modular poniente, en el M\u00f3dulo \u201cL\u201d de la Central de Abasto, en la ciudad de Oaxaca de Ju\u00e1rez, a donde lleg\u00f3 un grupo de personas para discutir con la v\u00edctima, identificada como F.S.G., alias \u00abLa Rubia\u00bb.<\/p>\n\n\n\n<p>Derivado de la discusi\u00f3n, uno de los agresores empu\u00f1\u00f3 un arma de fuego y realiz\u00f3 disparos en contra de la v\u00edctima, quien result\u00f3 con lesiones a consecuencia de las cuales perdi\u00f3 la vida.<\/p>\n\n\n\n<p>Al tener conocimiento de los hechos la Fiscal\u00eda de Oaxaca inici\u00f3 las investigaciones a trav\u00e9s de la Fiscal\u00eda Especializada para la Atenci\u00f3n a Delitos de Alto Impacto, obteniendo resultados gracias a los cuales elementos de la Agencia Estatal de Investigaciones (AEI) realizaron la detenci\u00f3n de J.F.R.C., alias \u201cEl Chucky\u201d, probable autor material de estos hechos, por lo que qued\u00f3 a disposici\u00f3n de la autoridad ministerial correspondientes para resolver su situaci\u00f3n jur\u00eddica.<\/p>\n\n\n\n<p>Cabe mencionar que, con la captura de J.F.R.C., alias \u201cEl Chucky\u201d, suman dos las personas detenidas y bajo proceso penal por este homicidio, pues en primera instancia, la FGEO logr\u00f3 la detenci\u00f3n de L.A.P.T., alias \u201cEl Barbas\u201d, por su probable participaci\u00f3n en la comisi\u00f3n de este delito.<\/p>\n","protected":false},"excerpt":{"rendered":"<p>Oaxaca de Ju\u00e1rez, Oax. 06 de julio de 2025.- Gracias a la intervenci\u00f3n inmediata y&#8230;<\/p>\n","protected":false},"author":4,"featured_media":43539,"comment_status":"","ping_status":"open","sticky":false,"template":"","format":"standard","meta":{"footnotes":""},"categories":[10],"tags":[235,234,45],"jetpack_sharing_enabled":true,"featured_image_urls":{"full":["https:\/\/contextoanalisisperiodistico.com\/wp-content\/uploads\/2025\/07\/IMG-20250706-WA0072.jpg",1204,1600,false],"thumbnail":["https:\/\/contextoanalisisperiodistico.com\/wp-content\/uploads\/2025\/07\/IMG-20250706-WA0072-150x150.jpg",150,150,true],"medium":["https:\/\/contextoanalisisperiodistico.com\/wp-content\/uploads\/2025\/07\/IMG-20250706-WA0072-226x300.jpg",226,300,true],"medium_large":["https:\/\/contextoanalisisperiodistico.com\/wp-content\/uploads\/2025\/07\/IMG-20250706-WA0072-768x1021.jpg",640,851,true],"large":["https:\/\/contextoanalisisperiodistico.com\/wp-content\/uploads\/2025\/07\/IMG-20250706-WA0072-771x1024.jpg",640,850,true],"1536x1536":["https:\/\/contextoanalisisperiodistico.com\/wp-content\/uploads\/2025\/07\/IMG-20250706-WA0072-1156x1536.jpg",1156,1536,true],"2048x2048":["https:\/\/contextoanalisisperiodistico.com\/wp-content\/uploads\/2025\/07\/IMG-20250706-WA0072.jpg",1204,1600,false],"covernews-slider-full":["https:\/\/contextoanalisisperiodistico.com\/wp-content\/uploads\/2025\/07\/IMG-20250706-WA0072-1115x715.jpg",1115,715,true],"covernews-slider-center":["https:\/\/contextoanalisisperiodistico.com\/wp-content\/uploads\/2025\/07\/IMG-20250706-WA0072-800x500.jpg",800,500,true],"covernews-featured":["https:\/\/contextoanalisisperiodistico.com\/wp-content\/uploads\/2025\/07\/IMG-20250706-WA0072-1024x1361.jpg",1024,1361,true],"covernews-medium":["https:\/\/contextoanalisisperiodistico.com\/wp-content\/uploads\/2025\/07\/IMG-20250706-WA0072-540x340.jpg",540,340,true],"covernews-medium-square":["https:\/\/contextoanalisisperiodistico.com\/wp-content\/uploads\/2025\/07\/IMG-20250706-WA0072-400x250.jpg",400,250,true]},"author_info":{"display_name":"Mario Gir\u00f3n","author_link":"https:\/\/contextoanalisisperiodistico.com\/index.php\/author\/director\/"},"category_info":"<a href=\"https:\/\/contextoanalisisperiodistico.com\/index.php\/category\/seguridad\/\" rel=\"category tag\">Seguridad<\/a>","tag_info":"Seguridad","comment_count":"0","jetpack_featured_media_url":"https:\/\/contextoanalisisperiodistico.com\/wp-content\/uploads\/2025\/07\/IMG-20250706-WA0072.jpg","_links":{"self":[{"href":"https:\/\/contextoanalisisperiodistico.com\/index.php\/wp-json\/wp\/v2\/posts\/43540"}],"collection":[{"href":"https:\/\/contextoanalisisperiodistico.com\/index.php\/wp-json\/wp\/v2\/posts"}],"about":[{"href":"https:\/\/contextoanalisisperiodistico.com\/index.php\/wp-json\/wp\/v2\/types\/post"}],"author":[{"embeddable":true,"href":"https:\/\/contextoanalisisperiodistico.com\/index.php\/wp-json\/wp\/v2\/users\/4"}],"replies":[{"embeddable":true,"href":"https:\/\/contextoanalisisperiodistico.com\/index.php\/wp-json\/wp\/v2\/comments?post=43540"}],"version-history":[{"count":0,"href":"https:\/\/contextoanalisisperiodistico.com\/index.php\/wp-json\/wp\/v2\/posts\/43540\/revisions"}],"wp:featuredmedia":[{"embeddable":true,"href":"https:\/\/contextoanalisisperiodistico.com\/index.php\/wp-json\/wp\/v2\/media\/43539"}],"wp:attachment":[{"href":"https:\/\/contextoanalisisperiodistico.com\/index.php\/wp-json\/wp\/v2\/media?parent=43540"}],"wp:term":[{"taxonomy":"category","embeddable":true,"href":"https:\/\/contextoanalisisperiodistico.com\/index.php\/wp-json\/wp\/v2\/categories?post=43540"},{"taxonomy":"post_tag","embeddable":true,"href":"https:\/\/contextoanalisisperiodistico.com\/index.php\/wp-json\/wp\/v2\/tags?post=43540"}],"curies":[{"name":"wp","href":"https:\/\/api.w.org\/{rel}","templated":true}]}}