{"id":43538,"date":"2025-07-06T08:05:24","date_gmt":"2025-07-06T14:05:24","guid":{"rendered":"https:\/\/contextoanalisisperiodistico.com\/index.php\/2025\/07\/06\/fortalecen-defensores-municipales-conocimientos-en-derechos-humanos\/"},"modified":"2025-07-06T08:05:24","modified_gmt":"2025-07-06T14:05:24","slug":"fortalecen-defensores-municipales-conocimientos-en-derechos-humanos","status":"publish","type":"post","link":"https:\/\/contextoanalisisperiodistico.com\/index.php\/2025\/07\/06\/fortalecen-defensores-municipales-conocimientos-en-derechos-humanos\/","title":{"rendered":"Fortalecen Defensores Municipales conocimientos en derechos humanos"},"content":{"rendered":"<div id=\"fb-root\"><\/div>\n\n<p> <code>\u2022 La capacitaci\u00f3n estuvo a cargo de Flor Estela Morales Hern\u00e1ndez, titular de la Coordinaci\u00f3n para la Atenci\u00f3n de los Derechos Humanos. \u2022 El objetivo es reforzar las capacidades del personal para ofrecer un servicio cercano, respetuoso e incluyente a la ciudadan\u00eda.<\/code><\/p>\n\n\n\n<figure class=\"wp-block-image size-large\"><img fetchpriority=\"high\" decoding=\"async\" width=\"1024\" height=\"765\" src=\"https:\/\/contextoanalisisperiodistico.com\/wp-content\/uploads\/2025\/07\/img-20250705-wa00796403035680057213975-1024x765.jpg\" alt=\"\" class=\"wp-image-43536\" srcset=\"https:\/\/contextoanalisisperiodistico.com\/wp-content\/uploads\/2025\/07\/img-20250705-wa00796403035680057213975-1024x765.jpg 1024w, https:\/\/contextoanalisisperiodistico.com\/wp-content\/uploads\/2025\/07\/img-20250705-wa00796403035680057213975-300x224.jpg 300w, https:\/\/contextoanalisisperiodistico.com\/wp-content\/uploads\/2025\/07\/img-20250705-wa00796403035680057213975-768x574.jpg 768w, https:\/\/contextoanalisisperiodistico.com\/wp-content\/uploads\/2025\/07\/img-20250705-wa00796403035680057213975.jpg 1280w\" sizes=\"(max-width: 1024px) 100vw, 1024px\" \/><\/figure>\n\n\n\n<figure class=\"wp-block-image\"><img decoding=\"async\" width=\"1024\" height=\"682\" src=\"https:\/\/contextoanalisisperiodistico.com\/wp-content\/uploads\/2025\/07\/img-20250705-wa00807102928607881897653-1024x682.jpg\" alt=\"\" class=\"wp-image-43537\" srcset=\"https:\/\/contextoanalisisperiodistico.com\/wp-content\/uploads\/2025\/07\/img-20250705-wa00807102928607881897653-1024x682.jpg 1024w, https:\/\/contextoanalisisperiodistico.com\/wp-content\/uploads\/2025\/07\/img-20250705-wa00807102928607881897653-300x200.jpg 300w, https:\/\/contextoanalisisperiodistico.com\/wp-content\/uploads\/2025\/07\/img-20250705-wa00807102928607881897653-768x512.jpg 768w, https:\/\/contextoanalisisperiodistico.com\/wp-content\/uploads\/2025\/07\/img-20250705-wa00807102928607881897653.jpg 1280w\" sizes=\"(max-width: 1024px) 100vw, 1024px\" \/><\/figure>\n\n\n\n<p>Oaxaca de Ju\u00e1rez, Oax., 5 de julio de 2025.- Con el objetivo de fortalecer la atenci\u00f3n p\u00fablica desde un enfoque de derechos humanos, el Gobierno Municipal de Oaxaca de Ju\u00e1rez, encabezado por el presidente Ray Chagoya, dio inicio a la capacitaci\u00f3n \u201cDH\u00edalogos Municipales\u201d, dirigida al Cuerpo de Defensores.<\/p>\n\n\n\n<p>La formaci\u00f3n estuvo a cargo de Flor Estela Morales Hern\u00e1ndez, titular de la Coordinaci\u00f3n para la Atenci\u00f3n de los Derechos Humanos, quien comparti\u00f3 herramientas para consolidar una atenci\u00f3n ciudadana basada en el respeto, la cercan\u00eda y la inclusi\u00f3n.<\/p>\n\n\n\n<p>Esta acci\u00f3n forma parte de la estrategia institucional orientada a consolidar un municipio m\u00e1s humano, emp\u00e1tico y profesional, donde el servicio p\u00fablico se ejerce con responsabilidad y sensibilidad hacia todas las personas.<\/p>\n\n\n\n<p>Con estas iniciativas, el Ayuntamiento reafirma su compromiso con una gesti\u00f3n que escucha y act\u00faa desde el territorio, bajo el lema que gu\u00eda a esta administraci\u00f3n: vecinas y vecinos transformando juntos la capital.<\/p>\n","protected":false},"excerpt":{"rendered":"<p>\u2022 La capacitaci\u00f3n estuvo a cargo de Flor Estela Morales Hern\u00e1ndez, titular de la Coordinaci\u00f3n&#8230;<\/p>\n","protected":false},"author":4,"featured_media":43535,"comment_status":"","ping_status":"open","sticky":false,"template":"","format":"standard","meta":{"footnotes":""},"categories":[9],"tags":[178,235,234,45],"jetpack_sharing_enabled":true,"featured_image_urls":{"full":["https:\/\/contextoanalisisperiodistico.com\/wp-content\/uploads\/2025\/07\/IMG-20250705-WA0078.jpg",1280,853,false],"thumbnail":["https:\/\/contextoanalisisperiodistico.com\/wp-content\/uploads\/2025\/07\/IMG-20250705-WA0078-150x150.jpg",150,150,true],"medium":["https:\/\/contextoanalisisperiodistico.com\/wp-content\/uploads\/2025\/07\/IMG-20250705-WA0078-300x200.jpg",300,200,true],"medium_large":["https:\/\/contextoanalisisperiodistico.com\/wp-content\/uploads\/2025\/07\/IMG-20250705-WA0078-768x512.jpg",640,427,true],"large":["https:\/\/contextoanalisisperiodistico.com\/wp-content\/uploads\/2025\/07\/IMG-20250705-WA0078-1024x682.jpg",640,426,true],"1536x1536":["https:\/\/contextoanalisisperiodistico.com\/wp-content\/uploads\/2025\/07\/IMG-20250705-WA0078.jpg",1280,853,false],"2048x2048":["https:\/\/contextoanalisisperiodistico.com\/wp-content\/uploads\/2025\/07\/IMG-20250705-WA0078.jpg",1280,853,false],"covernews-slider-full":["https:\/\/contextoanalisisperiodistico.com\/wp-content\/uploads\/2025\/07\/IMG-20250705-WA0078-1115x715.jpg",1115,715,true],"covernews-slider-center":["https:\/\/contextoanalisisperiodistico.com\/wp-content\/uploads\/2025\/07\/IMG-20250705-WA0078-800x500.jpg",800,500,true],"covernews-featured":["https:\/\/contextoanalisisperiodistico.com\/wp-content\/uploads\/2025\/07\/IMG-20250705-WA0078-1024x682.jpg",1024,682,true],"covernews-medium":["https:\/\/contextoanalisisperiodistico.com\/wp-content\/uploads\/2025\/07\/IMG-20250705-WA0078-540x340.jpg",540,340,true],"covernews-medium-square":["https:\/\/contextoanalisisperiodistico.com\/wp-content\/uploads\/2025\/07\/IMG-20250705-WA0078-400x250.jpg",400,250,true]},"author_info":{"display_name":"Mario Gir\u00f3n","author_link":"https:\/\/contextoanalisisperiodistico.com\/index.php\/author\/director\/"},"category_info":"<a href=\"https:\/\/contextoanalisisperiodistico.com\/index.php\/category\/politica\/\" rel=\"category tag\">Pol\u00edtica<\/a>","tag_info":"Pol\u00edtica","comment_count":"0","jetpack_featured_media_url":"https:\/\/contextoanalisisperiodistico.com\/wp-content\/uploads\/2025\/07\/IMG-20250705-WA0078.jpg","_links":{"self":[{"href":"https:\/\/contextoanalisisperiodistico.com\/index.php\/wp-json\/wp\/v2\/posts\/43538"}],"collection":[{"href":"https:\/\/contextoanalisisperiodistico.com\/index.php\/wp-json\/wp\/v2\/posts"}],"about":[{"href":"https:\/\/contextoanalisisperiodistico.com\/index.php\/wp-json\/wp\/v2\/types\/post"}],"author":[{"embeddable":true,"href":"https:\/\/contextoanalisisperiodistico.com\/index.php\/wp-json\/wp\/v2\/users\/4"}],"replies":[{"embeddable":true,"href":"https:\/\/contextoanalisisperiodistico.com\/index.php\/wp-json\/wp\/v2\/comments?post=43538"}],"version-history":[{"count":0,"href":"https:\/\/contextoanalisisperiodistico.com\/index.php\/wp-json\/wp\/v2\/posts\/43538\/revisions"}],"wp:featuredmedia":[{"embeddable":true,"href":"https:\/\/contextoanalisisperiodistico.com\/index.php\/wp-json\/wp\/v2\/media\/43535"}],"wp:attachment":[{"href":"https:\/\/contextoanalisisperiodistico.com\/index.php\/wp-json\/wp\/v2\/media?parent=43538"}],"wp:term":[{"taxonomy":"category","embeddable":true,"href":"https:\/\/contextoanalisisperiodistico.com\/index.php\/wp-json\/wp\/v2\/categories?post=43538"},{"taxonomy":"post_tag","embeddable":true,"href":"https:\/\/contextoanalisisperiodistico.com\/index.php\/wp-json\/wp\/v2\/tags?post=43538"}],"curies":[{"name":"wp","href":"https:\/\/api.w.org\/{rel}","templated":true}]}}