{"id":43447,"date":"2025-07-02T18:01:21","date_gmt":"2025-07-03T00:01:21","guid":{"rendered":"https:\/\/contextoanalisisperiodistico.com\/index.php\/2025\/07\/02\/policia-municipal-detiene-a-dos-personas-por-el-presunto-delito-de-robo\/"},"modified":"2025-07-02T18:01:21","modified_gmt":"2025-07-03T00:01:21","slug":"policia-municipal-detiene-a-dos-personas-por-el-presunto-delito-de-robo","status":"publish","type":"post","link":"https:\/\/contextoanalisisperiodistico.com\/index.php\/2025\/07\/02\/policia-municipal-detiene-a-dos-personas-por-el-presunto-delito-de-robo\/","title":{"rendered":"Polic\u00eda Municipal detiene a dos personas por el presunto delito de robo"},"content":{"rendered":"<div id=\"fb-root\"><\/div>\n\n<ul class=\"wp-block-list\">\n<li>Son identificados como quienes cometen robos El Mirador, del Cerro del Fort\u00edn<\/li>\n<\/ul>\n\n\n\n<figure class=\"wp-block-image size-large\"><img fetchpriority=\"high\" decoding=\"async\" width=\"900\" height=\"1000\" src=\"https:\/\/contextoanalisisperiodistico.com\/wp-content\/uploads\/2025\/07\/img-20250702-wa01133820420604428144168.jpg\" alt=\"\" class=\"wp-image-43446\" srcset=\"https:\/\/contextoanalisisperiodistico.com\/wp-content\/uploads\/2025\/07\/img-20250702-wa01133820420604428144168.jpg 900w, https:\/\/contextoanalisisperiodistico.com\/wp-content\/uploads\/2025\/07\/img-20250702-wa01133820420604428144168-270x300.jpg 270w, https:\/\/contextoanalisisperiodistico.com\/wp-content\/uploads\/2025\/07\/img-20250702-wa01133820420604428144168-768x853.jpg 768w\" sizes=\"(max-width: 900px) 100vw, 900px\" \/><\/figure>\n\n\n\n<p>Oaxaca de Ju\u00e1rez, Oax., 02 de julio de 2025. Dos personas, identificadas como quienes se dedican al robo con violencia en El Mirador del Cerro del Fort\u00edn, fueron detenidas por personal de la Secretar\u00eda de Seguridad Vecinal al ser se\u00f1aladas como presuntas responsables del delito de robo.<\/p>\n\n\n\n<p>Este mi\u00e9rcoles, a las 06:55 horas, elementos de la Direcci\u00f3n de Proximidad Social adscritos a la Unidad Motorizada de Acci\u00f3n R\u00e1pida (UMAR) realizaban un operativo de prevenci\u00f3n y disuasi\u00f3n en el centro de la ciudad.<\/p>\n\n\n\n<p>Al circular en las calles de Las Casas esquina con J.P. Garc\u00eda, una persona los abord\u00f3 y dijo que momentos antes, dos sujetos lo hab\u00edan despojado de su tel\u00e9fono celular, marca OPPO y 200 pesos en efectivo, al caminar en Las Casas y privada de Las Casas.<\/p>\n\n\n\n<p>Ante el reporte, iniciaron la b\u00fasqueda de los responsables, a quienes ubicaron metros adelante y observaron cuando corrieron e ingresaron a un bar, del cual fueron sacadas por los empleados.<\/p>\n\n\n\n<p>Al abordarlos, confesaron que hab\u00edan robado un tel\u00e9fono, el cual entregaron a uno de los elementos a cambio de no ser detenidos.<\/p>\n\n\n\n<p>Tras confirmar que se trataba del equipo del ofendido, procedieron a la detenci\u00f3n de quienes dijeron llamarse Ricardo A. R. M., de 35 a\u00f1os de edad y Geovani C. G., de 35 a\u00f1os de edad.<\/p>\n\n\n\n<p>Los dos detenidos fueron detenidos a principios del mes de junio pasado, al estar relacionados con los robos con violencia en El Mirador del Cerro del Fort\u00edn.<\/p>\n\n\n\n<p>Esta vez, nuevamente quedaron a disposici\u00f3n de la Fiscal\u00eda General del Estado para determinar su situaci\u00f3n jur\u00eddica.<\/p>\n","protected":false},"excerpt":{"rendered":"<p>Oaxaca de Ju\u00e1rez, Oax., 02 de julio de 2025. Dos personas, identificadas como quienes se&#8230;<\/p>\n","protected":false},"author":4,"featured_media":43445,"comment_status":"","ping_status":"open","sticky":false,"template":"","format":"standard","meta":{"footnotes":""},"categories":[10],"tags":[178,235,234,45],"jetpack_sharing_enabled":true,"featured_image_urls":{"full":["https:\/\/contextoanalisisperiodistico.com\/wp-content\/uploads\/2025\/07\/IMG-20250702-WA0114.jpg",900,1000,false],"thumbnail":["https:\/\/contextoanalisisperiodistico.com\/wp-content\/uploads\/2025\/07\/IMG-20250702-WA0114-150x150.jpg",150,150,true],"medium":["https:\/\/contextoanalisisperiodistico.com\/wp-content\/uploads\/2025\/07\/IMG-20250702-WA0114-270x300.jpg",270,300,true],"medium_large":["https:\/\/contextoanalisisperiodistico.com\/wp-content\/uploads\/2025\/07\/IMG-20250702-WA0114-768x853.jpg",640,711,true],"large":["https:\/\/contextoanalisisperiodistico.com\/wp-content\/uploads\/2025\/07\/IMG-20250702-WA0114.jpg",640,711,false],"1536x1536":["https:\/\/contextoanalisisperiodistico.com\/wp-content\/uploads\/2025\/07\/IMG-20250702-WA0114.jpg",900,1000,false],"2048x2048":["https:\/\/contextoanalisisperiodistico.com\/wp-content\/uploads\/2025\/07\/IMG-20250702-WA0114.jpg",900,1000,false],"covernews-slider-full":["https:\/\/contextoanalisisperiodistico.com\/wp-content\/uploads\/2025\/07\/IMG-20250702-WA0114-900x715.jpg",900,715,true],"covernews-slider-center":["https:\/\/contextoanalisisperiodistico.com\/wp-content\/uploads\/2025\/07\/IMG-20250702-WA0114-800x500.jpg",800,500,true],"covernews-featured":["https:\/\/contextoanalisisperiodistico.com\/wp-content\/uploads\/2025\/07\/IMG-20250702-WA0114.jpg",900,1000,false],"covernews-medium":["https:\/\/contextoanalisisperiodistico.com\/wp-content\/uploads\/2025\/07\/IMG-20250702-WA0114-540x340.jpg",540,340,true],"covernews-medium-square":["https:\/\/contextoanalisisperiodistico.com\/wp-content\/uploads\/2025\/07\/IMG-20250702-WA0114-400x250.jpg",400,250,true]},"author_info":{"display_name":"Mario Gir\u00f3n","author_link":"https:\/\/contextoanalisisperiodistico.com\/index.php\/author\/director\/"},"category_info":"<a href=\"https:\/\/contextoanalisisperiodistico.com\/index.php\/category\/seguridad\/\" rel=\"category tag\">Seguridad<\/a>","tag_info":"Seguridad","comment_count":"0","jetpack_featured_media_url":"https:\/\/contextoanalisisperiodistico.com\/wp-content\/uploads\/2025\/07\/IMG-20250702-WA0114.jpg","_links":{"self":[{"href":"https:\/\/contextoanalisisperiodistico.com\/index.php\/wp-json\/wp\/v2\/posts\/43447"}],"collection":[{"href":"https:\/\/contextoanalisisperiodistico.com\/index.php\/wp-json\/wp\/v2\/posts"}],"about":[{"href":"https:\/\/contextoanalisisperiodistico.com\/index.php\/wp-json\/wp\/v2\/types\/post"}],"author":[{"embeddable":true,"href":"https:\/\/contextoanalisisperiodistico.com\/index.php\/wp-json\/wp\/v2\/users\/4"}],"replies":[{"embeddable":true,"href":"https:\/\/contextoanalisisperiodistico.com\/index.php\/wp-json\/wp\/v2\/comments?post=43447"}],"version-history":[{"count":0,"href":"https:\/\/contextoanalisisperiodistico.com\/index.php\/wp-json\/wp\/v2\/posts\/43447\/revisions"}],"wp:featuredmedia":[{"embeddable":true,"href":"https:\/\/contextoanalisisperiodistico.com\/index.php\/wp-json\/wp\/v2\/media\/43445"}],"wp:attachment":[{"href":"https:\/\/contextoanalisisperiodistico.com\/index.php\/wp-json\/wp\/v2\/media?parent=43447"}],"wp:term":[{"taxonomy":"category","embeddable":true,"href":"https:\/\/contextoanalisisperiodistico.com\/index.php\/wp-json\/wp\/v2\/categories?post=43447"},{"taxonomy":"post_tag","embeddable":true,"href":"https:\/\/contextoanalisisperiodistico.com\/index.php\/wp-json\/wp\/v2\/tags?post=43447"}],"curies":[{"name":"wp","href":"https:\/\/api.w.org\/{rel}","templated":true}]}}