{"id":43439,"date":"2025-07-02T16:00:12","date_gmt":"2025-07-02T22:00:12","guid":{"rendered":"https:\/\/contextoanalisisperiodistico.com\/index.php\/2025\/07\/02\/desde-la-central-de-abasto-ray-chagoya-presenta-avances-que-transforman-oaxaca-de-juarez\/"},"modified":"2025-07-02T16:00:12","modified_gmt":"2025-07-02T22:00:12","slug":"desde-la-central-de-abasto-ray-chagoya-presenta-avances-que-transforman-oaxaca-de-juarez","status":"publish","type":"post","link":"https:\/\/contextoanalisisperiodistico.com\/index.php\/2025\/07\/02\/desde-la-central-de-abasto-ray-chagoya-presenta-avances-que-transforman-oaxaca-de-juarez\/","title":{"rendered":"Desde la Central de Abasto, Ray Chagoya presenta avances que transforman Oaxaca de Ju\u00e1rez"},"content":{"rendered":"<div id=\"fb-root\"><\/div>\n\n<ul class=\"wp-block-list\">\n<li>Ordenamiento, seguridad, atenci\u00f3n a emergencias y cultura, en el centro de la agenda municipal<\/li>\n<\/ul>\n\n\n\n<figure class=\"wp-block-image size-large\"><img fetchpriority=\"high\" decoding=\"async\" width=\"1024\" height=\"682\" src=\"https:\/\/contextoanalisisperiodistico.com\/wp-content\/uploads\/2025\/07\/img-20250702-wa00863916072601470651910-1024x682.jpg\" alt=\"\" class=\"wp-image-43437\" srcset=\"https:\/\/contextoanalisisperiodistico.com\/wp-content\/uploads\/2025\/07\/img-20250702-wa00863916072601470651910-1024x682.jpg 1024w, https:\/\/contextoanalisisperiodistico.com\/wp-content\/uploads\/2025\/07\/img-20250702-wa00863916072601470651910-300x200.jpg 300w, https:\/\/contextoanalisisperiodistico.com\/wp-content\/uploads\/2025\/07\/img-20250702-wa00863916072601470651910-768x512.jpg 768w, https:\/\/contextoanalisisperiodistico.com\/wp-content\/uploads\/2025\/07\/img-20250702-wa00863916072601470651910.jpg 1280w\" sizes=\"(max-width: 1024px) 100vw, 1024px\" \/><\/figure>\n\n\n\n<figure class=\"wp-block-image\"><img decoding=\"async\" width=\"1024\" height=\"682\" src=\"https:\/\/contextoanalisisperiodistico.com\/wp-content\/uploads\/2025\/07\/img-20250702-wa00882057683519067047205-1024x682.jpg\" alt=\"\" class=\"wp-image-43438\" srcset=\"https:\/\/contextoanalisisperiodistico.com\/wp-content\/uploads\/2025\/07\/img-20250702-wa00882057683519067047205-1024x682.jpg 1024w, https:\/\/contextoanalisisperiodistico.com\/wp-content\/uploads\/2025\/07\/img-20250702-wa00882057683519067047205-300x200.jpg 300w, https:\/\/contextoanalisisperiodistico.com\/wp-content\/uploads\/2025\/07\/img-20250702-wa00882057683519067047205-768x512.jpg 768w, https:\/\/contextoanalisisperiodistico.com\/wp-content\/uploads\/2025\/07\/img-20250702-wa00882057683519067047205.jpg 1280w\" sizes=\"(max-width: 1024px) 100vw, 1024px\" \/><\/figure>\n\n\n\n<p>Oaxaca de Ju\u00e1rez, Oax., 2 de julio de 2025.\u2013 Desde la Central de Abasto, el presidente municipal Ray Chagoya encabez\u00f3 la conferencia de prensa semanal para informar con claridad y cercan\u00eda los avances y acciones prioritarias que su gobierno impulsa en beneficio de las familias capitalinas.<\/p>\n\n\n\n<p>Durante su mensaje, destac\u00f3 que se trabaja de forma coordinada con todos los sectores para mejorar la imagen urbana del mercado m\u00e1s importante del sureste del pa\u00eds.<\/p>\n\n\n\n<p>Subray\u00f3 que el ordenamiento y la seguridad en la Central de Abasto son prioridades para garantizar condiciones dignas tanto a comerciantes como a quienes la visitan diariamente.<\/p>\n\n\n\n<p>Ante la temporada de lluvias, inform\u00f3 que se intensifican las labores preventivas a trav\u00e9s del Operativo Lluvia Segura. Las brigadas municipales se mantienen activas limpiando drenajes, desazolvando canales y retirando residuos para evitar encharcamientos e inundaciones. Asegur\u00f3 que no se baja la guardia: cuidar a las vecinas y vecinos es una tarea permanente.<\/p>\n\n\n\n<p>En el marco de las celebraciones de Julio, mes de la Guelaguetza el edil invit\u00f3 a disfrutar del espect\u00e1culo Donaj\u00ed\u2026 La Leyenda, que se presentar\u00e1 los domingos 20 y 27 de julio a las 8 de la noche en el Auditorio Guelaguetza. \u201cPorque la Guelaguetza no se entiende sin Donaj\u00ed\u2026 y Donaj\u00ed vive en el alma del pueblo oaxaque\u00f1o\u201d, afirm\u00f3.<\/p>\n\n\n\n<p>Tambi\u00e9n inform\u00f3 sobre la entrega de v\u00edveres a las comunidades de la Costa afectadas por el hurac\u00e1n Erick, destacando la respuesta solidaria de las y los capitalinos. \u201cOaxaca es uno solo, y cuando alguien lo necesita, ah\u00ed estamos: con el coraz\u00f3n por delante\u201d, dijo.<\/p>\n\n\n\n<p>Desde este espacio simb\u00f3lico y vital para la ciudad, el presidente municipal reiter\u00f3 su compromiso de seguir trabajando con energ\u00eda y desde el territorio, construyendo una capital m\u00e1s limpia, m\u00e1s segura y con mayor bienestar para todas y todos.<\/p>\n","protected":false},"excerpt":{"rendered":"<p>Oaxaca de Ju\u00e1rez, Oax., 2 de julio de 2025.\u2013 Desde la Central de Abasto, el&#8230;<\/p>\n","protected":false},"author":4,"featured_media":43436,"comment_status":"","ping_status":"open","sticky":false,"template":"","format":"standard","meta":{"footnotes":""},"categories":[9],"tags":[178,235,234,45],"jetpack_sharing_enabled":true,"featured_image_urls":{"full":["https:\/\/contextoanalisisperiodistico.com\/wp-content\/uploads\/2025\/07\/IMG-20250702-WA0085.jpg",1280,853,false],"thumbnail":["https:\/\/contextoanalisisperiodistico.com\/wp-content\/uploads\/2025\/07\/IMG-20250702-WA0085-150x150.jpg",150,150,true],"medium":["https:\/\/contextoanalisisperiodistico.com\/wp-content\/uploads\/2025\/07\/IMG-20250702-WA0085-300x200.jpg",300,200,true],"medium_large":["https:\/\/contextoanalisisperiodistico.com\/wp-content\/uploads\/2025\/07\/IMG-20250702-WA0085-768x512.jpg",640,427,true],"large":["https:\/\/contextoanalisisperiodistico.com\/wp-content\/uploads\/2025\/07\/IMG-20250702-WA0085-1024x682.jpg",640,426,true],"1536x1536":["https:\/\/contextoanalisisperiodistico.com\/wp-content\/uploads\/2025\/07\/IMG-20250702-WA0085.jpg",1280,853,false],"2048x2048":["https:\/\/contextoanalisisperiodistico.com\/wp-content\/uploads\/2025\/07\/IMG-20250702-WA0085.jpg",1280,853,false],"covernews-slider-full":["https:\/\/contextoanalisisperiodistico.com\/wp-content\/uploads\/2025\/07\/IMG-20250702-WA0085-1115x715.jpg",1115,715,true],"covernews-slider-center":["https:\/\/contextoanalisisperiodistico.com\/wp-content\/uploads\/2025\/07\/IMG-20250702-WA0085-800x500.jpg",800,500,true],"covernews-featured":["https:\/\/contextoanalisisperiodistico.com\/wp-content\/uploads\/2025\/07\/IMG-20250702-WA0085-1024x682.jpg",1024,682,true],"covernews-medium":["https:\/\/contextoanalisisperiodistico.com\/wp-content\/uploads\/2025\/07\/IMG-20250702-WA0085-540x340.jpg",540,340,true],"covernews-medium-square":["https:\/\/contextoanalisisperiodistico.com\/wp-content\/uploads\/2025\/07\/IMG-20250702-WA0085-400x250.jpg",400,250,true]},"author_info":{"display_name":"Mario Gir\u00f3n","author_link":"https:\/\/contextoanalisisperiodistico.com\/index.php\/author\/director\/"},"category_info":"<a href=\"https:\/\/contextoanalisisperiodistico.com\/index.php\/category\/politica\/\" rel=\"category tag\">Pol\u00edtica<\/a>","tag_info":"Pol\u00edtica","comment_count":"0","jetpack_featured_media_url":"https:\/\/contextoanalisisperiodistico.com\/wp-content\/uploads\/2025\/07\/IMG-20250702-WA0085.jpg","_links":{"self":[{"href":"https:\/\/contextoanalisisperiodistico.com\/index.php\/wp-json\/wp\/v2\/posts\/43439"}],"collection":[{"href":"https:\/\/contextoanalisisperiodistico.com\/index.php\/wp-json\/wp\/v2\/posts"}],"about":[{"href":"https:\/\/contextoanalisisperiodistico.com\/index.php\/wp-json\/wp\/v2\/types\/post"}],"author":[{"embeddable":true,"href":"https:\/\/contextoanalisisperiodistico.com\/index.php\/wp-json\/wp\/v2\/users\/4"}],"replies":[{"embeddable":true,"href":"https:\/\/contextoanalisisperiodistico.com\/index.php\/wp-json\/wp\/v2\/comments?post=43439"}],"version-history":[{"count":0,"href":"https:\/\/contextoanalisisperiodistico.com\/index.php\/wp-json\/wp\/v2\/posts\/43439\/revisions"}],"wp:featuredmedia":[{"embeddable":true,"href":"https:\/\/contextoanalisisperiodistico.com\/index.php\/wp-json\/wp\/v2\/media\/43436"}],"wp:attachment":[{"href":"https:\/\/contextoanalisisperiodistico.com\/index.php\/wp-json\/wp\/v2\/media?parent=43439"}],"wp:term":[{"taxonomy":"category","embeddable":true,"href":"https:\/\/contextoanalisisperiodistico.com\/index.php\/wp-json\/wp\/v2\/categories?post=43439"},{"taxonomy":"post_tag","embeddable":true,"href":"https:\/\/contextoanalisisperiodistico.com\/index.php\/wp-json\/wp\/v2\/tags?post=43439"}],"curies":[{"name":"wp","href":"https:\/\/api.w.org\/{rel}","templated":true}]}}