{"id":43435,"date":"2025-07-02T15:55:55","date_gmt":"2025-07-02T21:55:55","guid":{"rendered":"https:\/\/contextoanalisisperiodistico.com\/index.php\/2025\/07\/02\/no-contribuye-a-la-estabilidad-laboral-la-retencion-de-cuotas-decretada-por-el-snte-emilio-montero-perez\/"},"modified":"2025-07-02T15:55:55","modified_gmt":"2025-07-02T21:55:55","slug":"no-contribuye-a-la-estabilidad-laboral-la-retencion-de-cuotas-decretada-por-el-snte-emilio-montero-perez","status":"publish","type":"post","link":"https:\/\/contextoanalisisperiodistico.com\/index.php\/2025\/07\/02\/no-contribuye-a-la-estabilidad-laboral-la-retencion-de-cuotas-decretada-por-el-snte-emilio-montero-perez\/","title":{"rendered":"\u201cNo contribuye a la estabilidad laboral, la retenci\u00f3n de cuotas decretada por el SNTE\u201d: Emilio Montero P\u00e9rez"},"content":{"rendered":"<div id=\"fb-root\"><\/div>\n\n<p class=\"MsoNormal\">\u00a0El Gobierno del Estado de Oaxaca es respetuoso de la vida interna gremial magisterial, pero la determinaci\u00f3n sancionatoria del SNTE, echa a perder acuerdos de paz y trabajo educativo, opina el funcionario estatal<\/p>\n\n\n\n<p>Mario GIR\u00d3N <\/p>\n\n\n\n<p class=\"MsoNormal\">Al calificar de importante el respeto del Gobierno del Estado de Oaxaca a la vida interna gremial magisterial, el director general del IEEPO, Emilio Montero P\u00e9rez, opin\u00f3 que la retenci\u00f3n de cuotas sindicales del SNTE a la Secci\u00f3n 22 Cencos, sin lugar a la duda,\u00a0 da\u00f1ar\u00e1 la estabilidad laboral alcanzada luego de una larga jornada de mesas de trabajo tripartita para responder a los planteamientos de maestros.<\/p>\n\n\n\n<figure class=\"wp-block-image size-large\"><img fetchpriority=\"high\" decoding=\"async\" width=\"720\" height=\"941\" src=\"https:\/\/contextoanalisisperiodistico.com\/wp-content\/uploads\/2025\/07\/img_20250702_1555157426608664567100989.jpg\" alt=\"\" class=\"wp-image-43434\" srcset=\"https:\/\/contextoanalisisperiodistico.com\/wp-content\/uploads\/2025\/07\/img_20250702_1555157426608664567100989.jpg 720w, https:\/\/contextoanalisisperiodistico.com\/wp-content\/uploads\/2025\/07\/img_20250702_1555157426608664567100989-230x300.jpg 230w\" sizes=\"(max-width: 720px) 100vw, 720px\" \/><\/figure>\n\n\n\n<p class=\"MsoNormal\">&nbsp;<\/p>\n\n\n\n<p class=\"MsoNormal\">Ante representantes de diversos medios de comunicaci\u00f3n, el responsable de la pol\u00edtica educativa en la administraci\u00f3n estatal de Salom\u00f3n Jara Cruz, se pronunci\u00f3 contra la retenci\u00f3n de cuotas sindicales del SNTE como parte de una reparaci\u00f3n de da\u00f1os a la sede nacional de la contraparte magisterial:<\/p>\n\n\n\n<p class=\"MsoNormal\">&nbsp;<\/p>\n\n\n\n<p class=\"MsoNormal\">\u201cEsta decisi\u00f3n, en nada contribuye a la estabilidad del clima social en la entidad&nbsp; como tampoco a la buena relaci\u00f3n con el gobierno federal despu\u00e9s de haberse alcanzado acuerdos, sin vencedores ni vencidos, en el pliego petitorio del sindicato pero favorables al servicio de la educaci\u00f3n en Oaxaca\u201d.<\/p>\n\n\n\n<p class=\"MsoNormal\">&nbsp;<\/p>\n\n\n\n<p class=\"MsoNormal\">Por lo que, Montero P\u00e9rez, insisti\u00f3 en que la determinaci\u00f3n del SNTE, de meterse con las cuotas que regresa a la Secci\u00f3n 22, sin lugar a la duda,&nbsp; en nada abona a la estabilidad pol\u00edtica y social que el gobierno de Salom\u00f3n Jara Cruz hab\u00eda alcanzado con las respuestas puntuales y concretas a nivel local y las que promovi\u00f3 y valor\u00f3 a nivel federal, con la autorizaci\u00f3n de la presidenta Claudia Sheinbaum, comprometida con la educaci\u00f3n p\u00fablica de los mexicanos, concluy\u00f3.<\/p>\n\n\n\n<p class=\"MsoNormal\">&nbsp;<\/p>\n\n\n\n<p class=\"MsoNormal\">&nbsp;<\/p>\n\n\n\n<p class=\"MsoNormal\">&nbsp;<\/p>\n\n\n\n<p class=\"MsoNormal\">&nbsp;<\/p>\n\n\n\n<p class=\"MsoNormal\">&nbsp;<\/p>\n","protected":false},"excerpt":{"rendered":"<p>\u00a0El Gobierno del Estado de Oaxaca es respetuoso de la vida interna gremial magisterial, pero&#8230;<\/p>\n","protected":false},"author":4,"featured_media":43433,"comment_status":"","ping_status":"open","sticky":false,"template":"","format":"standard","meta":{"footnotes":""},"categories":[9],"tags":[134,169,261,96,29],"jetpack_sharing_enabled":true,"featured_image_urls":{"full":["https:\/\/contextoanalisisperiodistico.com\/wp-content\/uploads\/2025\/07\/IMG_20250702_155454.jpg",720,416,false],"thumbnail":["https:\/\/contextoanalisisperiodistico.com\/wp-content\/uploads\/2025\/07\/IMG_20250702_155454-150x150.jpg",150,150,true],"medium":["https:\/\/contextoanalisisperiodistico.com\/wp-content\/uploads\/2025\/07\/IMG_20250702_155454-300x173.jpg",300,173,true],"medium_large":["https:\/\/contextoanalisisperiodistico.com\/wp-content\/uploads\/2025\/07\/IMG_20250702_155454.jpg",640,370,false],"large":["https:\/\/contextoanalisisperiodistico.com\/wp-content\/uploads\/2025\/07\/IMG_20250702_155454.jpg",640,370,false],"1536x1536":["https:\/\/contextoanalisisperiodistico.com\/wp-content\/uploads\/2025\/07\/IMG_20250702_155454.jpg",720,416,false],"2048x2048":["https:\/\/contextoanalisisperiodistico.com\/wp-content\/uploads\/2025\/07\/IMG_20250702_155454.jpg",720,416,false],"covernews-slider-full":["https:\/\/contextoanalisisperiodistico.com\/wp-content\/uploads\/2025\/07\/IMG_20250702_155454.jpg",720,416,false],"covernews-slider-center":["https:\/\/contextoanalisisperiodistico.com\/wp-content\/uploads\/2025\/07\/IMG_20250702_155454.jpg",720,416,false],"covernews-featured":["https:\/\/contextoanalisisperiodistico.com\/wp-content\/uploads\/2025\/07\/IMG_20250702_155454.jpg",720,416,false],"covernews-medium":["https:\/\/contextoanalisisperiodistico.com\/wp-content\/uploads\/2025\/07\/IMG_20250702_155454-540x340.jpg",540,340,true],"covernews-medium-square":["https:\/\/contextoanalisisperiodistico.com\/wp-content\/uploads\/2025\/07\/IMG_20250702_155454-400x250.jpg",400,250,true]},"author_info":{"display_name":"Mario Gir\u00f3n","author_link":"https:\/\/contextoanalisisperiodistico.com\/index.php\/author\/director\/"},"category_info":"<a href=\"https:\/\/contextoanalisisperiodistico.com\/index.php\/category\/politica\/\" rel=\"category tag\">Pol\u00edtica<\/a>","tag_info":"Pol\u00edtica","comment_count":"0","jetpack_featured_media_url":"https:\/\/contextoanalisisperiodistico.com\/wp-content\/uploads\/2025\/07\/IMG_20250702_155454.jpg","_links":{"self":[{"href":"https:\/\/contextoanalisisperiodistico.com\/index.php\/wp-json\/wp\/v2\/posts\/43435"}],"collection":[{"href":"https:\/\/contextoanalisisperiodistico.com\/index.php\/wp-json\/wp\/v2\/posts"}],"about":[{"href":"https:\/\/contextoanalisisperiodistico.com\/index.php\/wp-json\/wp\/v2\/types\/post"}],"author":[{"embeddable":true,"href":"https:\/\/contextoanalisisperiodistico.com\/index.php\/wp-json\/wp\/v2\/users\/4"}],"replies":[{"embeddable":true,"href":"https:\/\/contextoanalisisperiodistico.com\/index.php\/wp-json\/wp\/v2\/comments?post=43435"}],"version-history":[{"count":0,"href":"https:\/\/contextoanalisisperiodistico.com\/index.php\/wp-json\/wp\/v2\/posts\/43435\/revisions"}],"wp:featuredmedia":[{"embeddable":true,"href":"https:\/\/contextoanalisisperiodistico.com\/index.php\/wp-json\/wp\/v2\/media\/43433"}],"wp:attachment":[{"href":"https:\/\/contextoanalisisperiodistico.com\/index.php\/wp-json\/wp\/v2\/media?parent=43435"}],"wp:term":[{"taxonomy":"category","embeddable":true,"href":"https:\/\/contextoanalisisperiodistico.com\/index.php\/wp-json\/wp\/v2\/categories?post=43435"},{"taxonomy":"post_tag","embeddable":true,"href":"https:\/\/contextoanalisisperiodistico.com\/index.php\/wp-json\/wp\/v2\/tags?post=43435"}],"curies":[{"name":"wp","href":"https:\/\/api.w.org\/{rel}","templated":true}]}}