{"id":43426,"date":"2025-07-02T14:52:49","date_gmt":"2025-07-02T20:52:49","guid":{"rendered":"https:\/\/contextoanalisisperiodistico.com\/index.php\/2025\/07\/02\/con-los-dialogos-vecinales-municipio-de-oaxaca-de-juarez-acerca-el-gobierno-a-la-central-de-abasto\/"},"modified":"2025-07-02T14:52:49","modified_gmt":"2025-07-02T20:52:49","slug":"con-los-dialogos-vecinales-municipio-de-oaxaca-de-juarez-acerca-el-gobierno-a-la-central-de-abasto","status":"publish","type":"post","link":"https:\/\/contextoanalisisperiodistico.com\/index.php\/2025\/07\/02\/con-los-dialogos-vecinales-municipio-de-oaxaca-de-juarez-acerca-el-gobierno-a-la-central-de-abasto\/","title":{"rendered":"Con los Di\u00e1logos Vecinales Municipio de Oaxaca de Ju\u00e1rez acerca el gobierno a la Central de Abasto"},"content":{"rendered":"<div id=\"fb-root\"><\/div>\n\n<ul class=\"wp-block-list\">\n<li>Por primera vez, comerciantes y habitantes de este espacio reciben atenci\u00f3n directa del presidente Ray Chagoya<\/li>\n<\/ul>\n\n\n\n<figure class=\"wp-block-image size-large\"><img fetchpriority=\"high\" decoding=\"async\" width=\"1024\" height=\"682\" src=\"https:\/\/contextoanalisisperiodistico.com\/wp-content\/uploads\/2025\/07\/img-20250702-wa0054411733120493130282-1024x682.jpg\" alt=\"\" class=\"wp-image-43419\" srcset=\"https:\/\/contextoanalisisperiodistico.com\/wp-content\/uploads\/2025\/07\/img-20250702-wa0054411733120493130282-1024x682.jpg 1024w, https:\/\/contextoanalisisperiodistico.com\/wp-content\/uploads\/2025\/07\/img-20250702-wa0054411733120493130282-300x200.jpg 300w, https:\/\/contextoanalisisperiodistico.com\/wp-content\/uploads\/2025\/07\/img-20250702-wa0054411733120493130282-768x512.jpg 768w, https:\/\/contextoanalisisperiodistico.com\/wp-content\/uploads\/2025\/07\/img-20250702-wa0054411733120493130282-1536x1024.jpg 1536w, https:\/\/contextoanalisisperiodistico.com\/wp-content\/uploads\/2025\/07\/img-20250702-wa0054411733120493130282.jpg 2000w\" sizes=\"(max-width: 1024px) 100vw, 1024px\" \/><\/figure>\n\n\n\n<figure class=\"wp-block-image\"><img decoding=\"async\" width=\"1024\" height=\"814\" src=\"https:\/\/contextoanalisisperiodistico.com\/wp-content\/uploads\/2025\/07\/img-20250702-wa00501083881849980807187-1024x814.jpg\" alt=\"\" class=\"wp-image-43420\" srcset=\"https:\/\/contextoanalisisperiodistico.com\/wp-content\/uploads\/2025\/07\/img-20250702-wa00501083881849980807187-1024x814.jpg 1024w, https:\/\/contextoanalisisperiodistico.com\/wp-content\/uploads\/2025\/07\/img-20250702-wa00501083881849980807187-300x239.jpg 300w, https:\/\/contextoanalisisperiodistico.com\/wp-content\/uploads\/2025\/07\/img-20250702-wa00501083881849980807187-768x611.jpg 768w, https:\/\/contextoanalisisperiodistico.com\/wp-content\/uploads\/2025\/07\/img-20250702-wa00501083881849980807187.jpg 1205w\" sizes=\"(max-width: 1024px) 100vw, 1024px\" \/><\/figure>\n\n\n\n<figure class=\"wp-block-image\"><img decoding=\"async\" width=\"1024\" height=\"683\" src=\"https:\/\/contextoanalisisperiodistico.com\/wp-content\/uploads\/2025\/07\/img-20250702-wa00535981546737415471034-1024x683.jpg\" alt=\"\" class=\"wp-image-43421\" srcset=\"https:\/\/contextoanalisisperiodistico.com\/wp-content\/uploads\/2025\/07\/img-20250702-wa00535981546737415471034-1024x683.jpg 1024w, https:\/\/contextoanalisisperiodistico.com\/wp-content\/uploads\/2025\/07\/img-20250702-wa00535981546737415471034-300x200.jpg 300w, https:\/\/contextoanalisisperiodistico.com\/wp-content\/uploads\/2025\/07\/img-20250702-wa00535981546737415471034-768x512.jpg 768w, https:\/\/contextoanalisisperiodistico.com\/wp-content\/uploads\/2025\/07\/img-20250702-wa00535981546737415471034-1536x1024.jpg 1536w, https:\/\/contextoanalisisperiodistico.com\/wp-content\/uploads\/2025\/07\/img-20250702-wa00535981546737415471034.jpg 1999w\" sizes=\"(max-width: 1024px) 100vw, 1024px\" \/><\/figure>\n\n\n\n<figure class=\"wp-block-image\"><img loading=\"lazy\" decoding=\"async\" width=\"1024\" height=\"683\" src=\"https:\/\/contextoanalisisperiodistico.com\/wp-content\/uploads\/2025\/07\/img-20250702-wa00517647087511297026708-1024x683.jpg\" alt=\"\" class=\"wp-image-43422\" srcset=\"https:\/\/contextoanalisisperiodistico.com\/wp-content\/uploads\/2025\/07\/img-20250702-wa00517647087511297026708-1024x683.jpg 1024w, https:\/\/contextoanalisisperiodistico.com\/wp-content\/uploads\/2025\/07\/img-20250702-wa00517647087511297026708-300x200.jpg 300w, https:\/\/contextoanalisisperiodistico.com\/wp-content\/uploads\/2025\/07\/img-20250702-wa00517647087511297026708-768x512.jpg 768w, https:\/\/contextoanalisisperiodistico.com\/wp-content\/uploads\/2025\/07\/img-20250702-wa00517647087511297026708-1536x1024.jpg 1536w, https:\/\/contextoanalisisperiodistico.com\/wp-content\/uploads\/2025\/07\/img-20250702-wa00517647087511297026708.jpg 1999w\" sizes=\"(max-width: 1024px) 100vw, 1024px\" \/><\/figure>\n\n\n\n<figure class=\"wp-block-image\"><img loading=\"lazy\" decoding=\"async\" width=\"1024\" height=\"683\" src=\"https:\/\/contextoanalisisperiodistico.com\/wp-content\/uploads\/2025\/07\/img-20250702-wa00551190534147974038400-1024x683.jpg\" alt=\"\" class=\"wp-image-43423\" srcset=\"https:\/\/contextoanalisisperiodistico.com\/wp-content\/uploads\/2025\/07\/img-20250702-wa00551190534147974038400-1024x683.jpg 1024w, https:\/\/contextoanalisisperiodistico.com\/wp-content\/uploads\/2025\/07\/img-20250702-wa00551190534147974038400-300x200.jpg 300w, https:\/\/contextoanalisisperiodistico.com\/wp-content\/uploads\/2025\/07\/img-20250702-wa00551190534147974038400-768x512.jpg 768w, https:\/\/contextoanalisisperiodistico.com\/wp-content\/uploads\/2025\/07\/img-20250702-wa00551190534147974038400-1536x1024.jpg 1536w, https:\/\/contextoanalisisperiodistico.com\/wp-content\/uploads\/2025\/07\/img-20250702-wa00551190534147974038400.jpg 1999w\" sizes=\"(max-width: 1024px) 100vw, 1024px\" \/><\/figure>\n\n\n\n<figure class=\"wp-block-image\"><img loading=\"lazy\" decoding=\"async\" width=\"1024\" height=\"682\" src=\"https:\/\/contextoanalisisperiodistico.com\/wp-content\/uploads\/2025\/07\/img-20250702-wa00562426988814343505141-1024x682.jpg\" alt=\"\" class=\"wp-image-43424\" srcset=\"https:\/\/contextoanalisisperiodistico.com\/wp-content\/uploads\/2025\/07\/img-20250702-wa00562426988814343505141-1024x682.jpg 1024w, https:\/\/contextoanalisisperiodistico.com\/wp-content\/uploads\/2025\/07\/img-20250702-wa00562426988814343505141-300x200.jpg 300w, https:\/\/contextoanalisisperiodistico.com\/wp-content\/uploads\/2025\/07\/img-20250702-wa00562426988814343505141-768x512.jpg 768w, https:\/\/contextoanalisisperiodistico.com\/wp-content\/uploads\/2025\/07\/img-20250702-wa00562426988814343505141.jpg 1280w\" sizes=\"(max-width: 1024px) 100vw, 1024px\" \/><\/figure>\n\n\n\n<figure class=\"wp-block-image\"><img loading=\"lazy\" decoding=\"async\" width=\"1024\" height=\"681\" src=\"https:\/\/contextoanalisisperiodistico.com\/wp-content\/uploads\/2025\/07\/img-20250702-wa00573249918215360403836-1024x681.jpg\" alt=\"\" class=\"wp-image-43425\" srcset=\"https:\/\/contextoanalisisperiodistico.com\/wp-content\/uploads\/2025\/07\/img-20250702-wa00573249918215360403836-1024x681.jpg 1024w, https:\/\/contextoanalisisperiodistico.com\/wp-content\/uploads\/2025\/07\/img-20250702-wa00573249918215360403836-300x200.jpg 300w, https:\/\/contextoanalisisperiodistico.com\/wp-content\/uploads\/2025\/07\/img-20250702-wa00573249918215360403836-768x511.jpg 768w, https:\/\/contextoanalisisperiodistico.com\/wp-content\/uploads\/2025\/07\/img-20250702-wa00573249918215360403836.jpg 1440w\" sizes=\"(max-width: 1024px) 100vw, 1024px\" \/><\/figure>\n\n\n\n<p>Oaxaca de Ju\u00e1rez, Oax., 2 de julio de 2025.\u2013 Por primera vez en la historia, el municipio de Oaxaca de Ju\u00e1rez llev\u00f3 a cabo los Di\u00e1logos Vecinales en la Central de Abasto, un espacio vital para la vida econ\u00f3mica y social de la capital.<\/p>\n\n\n\n<p>En su edici\u00f3n n\u00famero 12, y tercera fuera del Palacio Municipal, este ejercicio de cercan\u00eda y atenci\u00f3n directa encabezado por el presidente municipal Ray Chagoya, reuni\u00f3 a comerciantes, vecinas y vecinos que por a\u00f1os no hab\u00edan contado con un canal directo de comunicaci\u00f3n con el gobierno municipal.<\/p>\n\n\n\n<p>\u201cDecidimos traer estos di\u00e1logos a las agencias, barrios y colonias porque somos un gobierno de territorio. Si hay un lugar donde debemos llevar estos di\u00e1logos, es aqu\u00ed, en nuestra plaza grande\u201d, expres\u00f3 el edil durante su participaci\u00f3n.<\/p>\n\n\n\n<p>Durante esta jornada, se brindaron servicios gratuitos como tr\u00e1mites de actas de nacimiento, toma de presi\u00f3n arterial y signos vitales, adem\u00e1s de orientaci\u00f3n ciudadana, atenci\u00f3n jur\u00eddica y canalizaci\u00f3n a programas sociales.<\/p>\n\n\n\n<p>El municipio reafirma as\u00ed su compromiso de llevar la gesti\u00f3n p\u00fablica a los espacios donde m\u00e1s se necesita, garantizando atenci\u00f3n directa, sin intermediarios, y fomentando la participaci\u00f3n activa de la ciudadan\u00eda.<\/p>\n\n\n\n<p>Los Di\u00e1logos Vecinales continuar\u00e1n recorriendo las distintas zonas de la ciudad para seguir construyendo un gobierno cercano, transparente y en territorio.<\/p>\n\n\n\n<p>En el marco de esta jornada se dio el banderazo de inicio al Boteo Telet\u00f3n 2025, por La Paz Social con la presencia de la directora del DIF Municipal de Oaxaca de Ju\u00e1rez Gaby Garc\u00eda y la directora del CRIT Oaxaca Mar\u00eda Elena Marrufo Tenorio.<\/p>\n","protected":false},"excerpt":{"rendered":"<p>Oaxaca de Ju\u00e1rez, Oax., 2 de julio de 2025.\u2013 Por primera vez en la historia,&#8230;<\/p>\n","protected":false},"author":4,"featured_media":43418,"comment_status":"","ping_status":"open","sticky":false,"template":"","format":"standard","meta":{"footnotes":""},"categories":[9],"tags":[178,235,234,45],"jetpack_sharing_enabled":true,"featured_image_urls":{"full":["https:\/\/contextoanalisisperiodistico.com\/wp-content\/uploads\/2025\/07\/IMG-20250702-WA0052-scaled.jpg",2560,1707,false],"thumbnail":["https:\/\/contextoanalisisperiodistico.com\/wp-content\/uploads\/2025\/07\/IMG-20250702-WA0052-150x150.jpg",150,150,true],"medium":["https:\/\/contextoanalisisperiodistico.com\/wp-content\/uploads\/2025\/07\/IMG-20250702-WA0052-300x200.jpg",300,200,true],"medium_large":["https:\/\/contextoanalisisperiodistico.com\/wp-content\/uploads\/2025\/07\/IMG-20250702-WA0052-768x512.jpg",640,427,true],"large":["https:\/\/contextoanalisisperiodistico.com\/wp-content\/uploads\/2025\/07\/IMG-20250702-WA0052-1024x683.jpg",640,427,true],"1536x1536":["https:\/\/contextoanalisisperiodistico.com\/wp-content\/uploads\/2025\/07\/IMG-20250702-WA0052-1536x1024.jpg",1536,1024,true],"2048x2048":["https:\/\/contextoanalisisperiodistico.com\/wp-content\/uploads\/2025\/07\/IMG-20250702-WA0052-2048x1365.jpg",2048,1365,true],"covernews-slider-full":["https:\/\/contextoanalisisperiodistico.com\/wp-content\/uploads\/2025\/07\/IMG-20250702-WA0052-1115x715.jpg",1115,715,true],"covernews-slider-center":["https:\/\/contextoanalisisperiodistico.com\/wp-content\/uploads\/2025\/07\/IMG-20250702-WA0052-800x500.jpg",800,500,true],"covernews-featured":["https:\/\/contextoanalisisperiodistico.com\/wp-content\/uploads\/2025\/07\/IMG-20250702-WA0052-1024x683.jpg",1024,683,true],"covernews-medium":["https:\/\/contextoanalisisperiodistico.com\/wp-content\/uploads\/2025\/07\/IMG-20250702-WA0052-540x340.jpg",540,340,true],"covernews-medium-square":["https:\/\/contextoanalisisperiodistico.com\/wp-content\/uploads\/2025\/07\/IMG-20250702-WA0052-400x250.jpg",400,250,true]},"author_info":{"display_name":"Mario Gir\u00f3n","author_link":"https:\/\/contextoanalisisperiodistico.com\/index.php\/author\/director\/"},"category_info":"<a href=\"https:\/\/contextoanalisisperiodistico.com\/index.php\/category\/politica\/\" rel=\"category tag\">Pol\u00edtica<\/a>","tag_info":"Pol\u00edtica","comment_count":"0","jetpack_featured_media_url":"https:\/\/contextoanalisisperiodistico.com\/wp-content\/uploads\/2025\/07\/IMG-20250702-WA0052-scaled.jpg","_links":{"self":[{"href":"https:\/\/contextoanalisisperiodistico.com\/index.php\/wp-json\/wp\/v2\/posts\/43426"}],"collection":[{"href":"https:\/\/contextoanalisisperiodistico.com\/index.php\/wp-json\/wp\/v2\/posts"}],"about":[{"href":"https:\/\/contextoanalisisperiodistico.com\/index.php\/wp-json\/wp\/v2\/types\/post"}],"author":[{"embeddable":true,"href":"https:\/\/contextoanalisisperiodistico.com\/index.php\/wp-json\/wp\/v2\/users\/4"}],"replies":[{"embeddable":true,"href":"https:\/\/contextoanalisisperiodistico.com\/index.php\/wp-json\/wp\/v2\/comments?post=43426"}],"version-history":[{"count":0,"href":"https:\/\/contextoanalisisperiodistico.com\/index.php\/wp-json\/wp\/v2\/posts\/43426\/revisions"}],"wp:featuredmedia":[{"embeddable":true,"href":"https:\/\/contextoanalisisperiodistico.com\/index.php\/wp-json\/wp\/v2\/media\/43418"}],"wp:attachment":[{"href":"https:\/\/contextoanalisisperiodistico.com\/index.php\/wp-json\/wp\/v2\/media?parent=43426"}],"wp:term":[{"taxonomy":"category","embeddable":true,"href":"https:\/\/contextoanalisisperiodistico.com\/index.php\/wp-json\/wp\/v2\/categories?post=43426"},{"taxonomy":"post_tag","embeddable":true,"href":"https:\/\/contextoanalisisperiodistico.com\/index.php\/wp-json\/wp\/v2\/tags?post=43426"}],"curies":[{"name":"wp","href":"https:\/\/api.w.org\/{rel}","templated":true}]}}