{"id":43341,"date":"2025-06-30T19:38:26","date_gmt":"2025-07-01T01:38:26","guid":{"rendered":"https:\/\/contextoanalisisperiodistico.com\/index.php\/2025\/06\/30\/exhorta-sso-extremar-medidas-higienicas-para-prevenir-infecciones-por-coxsackie\/"},"modified":"2025-06-30T19:38:26","modified_gmt":"2025-07-01T01:38:26","slug":"exhorta-sso-extremar-medidas-higienicas-para-prevenir-infecciones-por-coxsackie","status":"publish","type":"post","link":"https:\/\/contextoanalisisperiodistico.com\/index.php\/2025\/06\/30\/exhorta-sso-extremar-medidas-higienicas-para-prevenir-infecciones-por-coxsackie\/","title":{"rendered":"Exhorta SSO extremar medidas higi\u00e9nicas para prevenir infecciones por coxsackie"},"content":{"rendered":"<div id=\"fb-root\"><\/div>\n\n<p>\u2022 Tambi\u00e9n conocido como enfermedad de mano-pie-boca, este padecimiento afecta principalmente a menores de edad<br \/>\u2022 Sin casos confirmados en la regi\u00f3n del Istmo<\/p>\n\n\n\n<figure class=\"wp-block-image size-large\"><img fetchpriority=\"high\" decoding=\"async\" width=\"1024\" height=\"576\" src=\"https:\/\/contextoanalisisperiodistico.com\/wp-content\/uploads\/2025\/06\/img-20250630-wa01131800049141474756548-1024x576.jpg\" alt=\"\" class=\"wp-image-43336\" srcset=\"https:\/\/contextoanalisisperiodistico.com\/wp-content\/uploads\/2025\/06\/img-20250630-wa01131800049141474756548-1024x576.jpg 1024w, https:\/\/contextoanalisisperiodistico.com\/wp-content\/uploads\/2025\/06\/img-20250630-wa01131800049141474756548-300x169.jpg 300w, https:\/\/contextoanalisisperiodistico.com\/wp-content\/uploads\/2025\/06\/img-20250630-wa01131800049141474756548-768x432.jpg 768w, https:\/\/contextoanalisisperiodistico.com\/wp-content\/uploads\/2025\/06\/img-20250630-wa01131800049141474756548-1536x864.jpg 1536w, https:\/\/contextoanalisisperiodistico.com\/wp-content\/uploads\/2025\/06\/img-20250630-wa01131800049141474756548.jpg 1600w\" sizes=\"(max-width: 1024px) 100vw, 1024px\" \/><\/figure>\n\n\n\n<figure class=\"wp-block-image\"><img decoding=\"async\" width=\"1024\" height=\"576\" src=\"https:\/\/contextoanalisisperiodistico.com\/wp-content\/uploads\/2025\/06\/img-20250630-wa01155028979812244573400-1024x576.jpg\" alt=\"\" class=\"wp-image-43337\" srcset=\"https:\/\/contextoanalisisperiodistico.com\/wp-content\/uploads\/2025\/06\/img-20250630-wa01155028979812244573400-1024x576.jpg 1024w, https:\/\/contextoanalisisperiodistico.com\/wp-content\/uploads\/2025\/06\/img-20250630-wa01155028979812244573400-300x169.jpg 300w, https:\/\/contextoanalisisperiodistico.com\/wp-content\/uploads\/2025\/06\/img-20250630-wa01155028979812244573400-768x432.jpg 768w, https:\/\/contextoanalisisperiodistico.com\/wp-content\/uploads\/2025\/06\/img-20250630-wa01155028979812244573400-1536x864.jpg 1536w, https:\/\/contextoanalisisperiodistico.com\/wp-content\/uploads\/2025\/06\/img-20250630-wa01155028979812244573400.jpg 1600w\" sizes=\"(max-width: 1024px) 100vw, 1024px\" \/><\/figure>\n\n\n\n<figure class=\"wp-block-image\"><img decoding=\"async\" width=\"576\" height=\"1024\" src=\"https:\/\/contextoanalisisperiodistico.com\/wp-content\/uploads\/2025\/06\/img-20250630-wa01128767373653513222736-576x1024.jpg\" alt=\"\" class=\"wp-image-43338\" srcset=\"https:\/\/contextoanalisisperiodistico.com\/wp-content\/uploads\/2025\/06\/img-20250630-wa01128767373653513222736-576x1024.jpg 576w, https:\/\/contextoanalisisperiodistico.com\/wp-content\/uploads\/2025\/06\/img-20250630-wa01128767373653513222736-169x300.jpg 169w, https:\/\/contextoanalisisperiodistico.com\/wp-content\/uploads\/2025\/06\/img-20250630-wa01128767373653513222736-768x1365.jpg 768w, https:\/\/contextoanalisisperiodistico.com\/wp-content\/uploads\/2025\/06\/img-20250630-wa01128767373653513222736-864x1536.jpg 864w, https:\/\/contextoanalisisperiodistico.com\/wp-content\/uploads\/2025\/06\/img-20250630-wa01128767373653513222736.jpg 900w\" sizes=\"(max-width: 576px) 100vw, 576px\" \/><\/figure>\n\n\n\n<figure class=\"wp-block-image\"><img loading=\"lazy\" decoding=\"async\" width=\"1024\" height=\"576\" src=\"https:\/\/contextoanalisisperiodistico.com\/wp-content\/uploads\/2025\/06\/img-20250630-wa01115498793787849385838-1024x576.jpg\" alt=\"\" class=\"wp-image-43339\" srcset=\"https:\/\/contextoanalisisperiodistico.com\/wp-content\/uploads\/2025\/06\/img-20250630-wa01115498793787849385838-1024x576.jpg 1024w, https:\/\/contextoanalisisperiodistico.com\/wp-content\/uploads\/2025\/06\/img-20250630-wa01115498793787849385838-300x169.jpg 300w, https:\/\/contextoanalisisperiodistico.com\/wp-content\/uploads\/2025\/06\/img-20250630-wa01115498793787849385838-768x432.jpg 768w, https:\/\/contextoanalisisperiodistico.com\/wp-content\/uploads\/2025\/06\/img-20250630-wa01115498793787849385838-1536x864.jpg 1536w, https:\/\/contextoanalisisperiodistico.com\/wp-content\/uploads\/2025\/06\/img-20250630-wa01115498793787849385838.jpg 1600w\" sizes=\"(max-width: 1024px) 100vw, 1024px\" \/><\/figure>\n\n\n\n<figure class=\"wp-block-image\"><img loading=\"lazy\" decoding=\"async\" width=\"1024\" height=\"576\" src=\"https:\/\/contextoanalisisperiodistico.com\/wp-content\/uploads\/2025\/06\/img-20250630-wa01105154805403033173926-1024x576.jpg\" alt=\"\" class=\"wp-image-43340\" srcset=\"https:\/\/contextoanalisisperiodistico.com\/wp-content\/uploads\/2025\/06\/img-20250630-wa01105154805403033173926-1024x576.jpg 1024w, https:\/\/contextoanalisisperiodistico.com\/wp-content\/uploads\/2025\/06\/img-20250630-wa01105154805403033173926-300x169.jpg 300w, https:\/\/contextoanalisisperiodistico.com\/wp-content\/uploads\/2025\/06\/img-20250630-wa01105154805403033173926-768x432.jpg 768w, https:\/\/contextoanalisisperiodistico.com\/wp-content\/uploads\/2025\/06\/img-20250630-wa01105154805403033173926-1536x864.jpg 1536w, https:\/\/contextoanalisisperiodistico.com\/wp-content\/uploads\/2025\/06\/img-20250630-wa01105154805403033173926.jpg 1600w\" sizes=\"(max-width: 1024px) 100vw, 1024px\" \/><\/figure>\n\n\n\n<p>Juchit\u00e1n de Zaragoza, Oax. 26 de junio de 2025.- Con el objetivo de proteger la salud de la ni\u00f1ez, Servicios de Salud de Oaxaca (SSO), a trav\u00e9s de la Jurisdicci\u00f3n Sanitaria 2 Istmo, exhorta a madres, padres, docentes y personas cuidadoras, a reforzar las medidas de higiene para prevenir la infecci\u00f3n por el virus coxsackie, tambi\u00e9n conocido como enfermedad mano-pie-boca.<\/p>\n\n\n\n<p>El jefe jurisdiccional, Hebert Vidal S\u00e1nchez, explic\u00f3 que este virus es altamente resistente en condiciones ambientales adversas y suele presentarse con mayor frecuencia en climas templados, afectando principalmente a ni\u00f1as y ni\u00f1os menores de cinco a\u00f1os, aunque puede registrarse en otras edades.<\/p>\n\n\n\n<p>Precis\u00f3 que el mayor pico de contagio ocurre alrededor de los dos a\u00f1os de edad, sobre todo en espacios donde hay convivencia estrecha, como guarder\u00edas o centros de cuidado infantil. La transmisi\u00f3n se da por contacto con secreciones respiratorias, superficies contaminadas y heces fecales, incluso antes de que aparezcan s\u00edntomas.<\/p>\n\n\n\n<p>Entre los signos m\u00e1s comunes se encuentran la presencia de granitos rojos con apariencia de salpullido en manos y pies, que pueden evolucionar a ampollas o llagas en la boca, fiebre, dolor de garganta, falta de apetito y malestar general. En algunos casos, tambi\u00e9n pueden presentarse lesiones en el \u00e1rea genital.<\/p>\n\n\n\n<p>Aunque hasta la fecha no se han registrado casos confirmados en la regi\u00f3n del Istmo de Tehuantepec, el funcionario subray\u00f3 la importancia de mantener acciones preventivas para evitar posibles brotes, especialmente en entornos escolares.<\/p>\n\n\n\n<p>Vidal S\u00e1nchez destac\u00f3 que la mejor estrategia para contener este tipo de infecciones es la prevenci\u00f3n, por lo que recomend\u00f3: lavarse las manos frecuentemente con agua y jab\u00f3n o desinfectarlas con alcohol en gel, desinfectar juguetes y objetos de uso com\u00fan en el hogar y guarder\u00edas, evitar enviar a ni\u00f1as y ni\u00f1os enfermos a la escuela hasta su recuperaci\u00f3n, reducir el contacto con personas infectadas y reforzar la limpieza en casos sospechosos.<\/p>\n\n\n\n<p>Finalmente, llam\u00f3 a la poblaci\u00f3n a no automedicarse y acudir al centro de salud m\u00e1s cercano ante cualquier s\u00edntoma compatible con esta enfermedad, para recibir una valoraci\u00f3n m\u00e9dica oportuna.<br \/>-0-<\/p>\n","protected":false},"excerpt":{"rendered":"<p>\u2022 Tambi\u00e9n conocido como enfermedad de mano-pie-boca, este padecimiento afecta principalmente a menores de edad\u2022&#8230;<\/p>\n","protected":false},"author":4,"featured_media":43335,"comment_status":"","ping_status":"open","sticky":false,"template":"","format":"standard","meta":{"footnotes":""},"categories":[92],"tags":[],"jetpack_sharing_enabled":true,"featured_image_urls":{"full":["https:\/\/contextoanalisisperiodistico.com\/wp-content\/uploads\/2025\/06\/IMG-20250630-WA0114.jpg",1600,1491,false],"thumbnail":["https:\/\/contextoanalisisperiodistico.com\/wp-content\/uploads\/2025\/06\/IMG-20250630-WA0114-150x150.jpg",150,150,true],"medium":["https:\/\/contextoanalisisperiodistico.com\/wp-content\/uploads\/2025\/06\/IMG-20250630-WA0114-300x280.jpg",300,280,true],"medium_large":["https:\/\/contextoanalisisperiodistico.com\/wp-content\/uploads\/2025\/06\/IMG-20250630-WA0114-768x716.jpg",640,597,true],"large":["https:\/\/contextoanalisisperiodistico.com\/wp-content\/uploads\/2025\/06\/IMG-20250630-WA0114-1024x954.jpg",640,596,true],"1536x1536":["https:\/\/contextoanalisisperiodistico.com\/wp-content\/uploads\/2025\/06\/IMG-20250630-WA0114-1536x1431.jpg",1536,1431,true],"2048x2048":["https:\/\/contextoanalisisperiodistico.com\/wp-content\/uploads\/2025\/06\/IMG-20250630-WA0114.jpg",1600,1491,false],"covernews-slider-full":["https:\/\/contextoanalisisperiodistico.com\/wp-content\/uploads\/2025\/06\/IMG-20250630-WA0114-1115x715.jpg",1115,715,true],"covernews-slider-center":["https:\/\/contextoanalisisperiodistico.com\/wp-content\/uploads\/2025\/06\/IMG-20250630-WA0114-800x500.jpg",800,500,true],"covernews-featured":["https:\/\/contextoanalisisperiodistico.com\/wp-content\/uploads\/2025\/06\/IMG-20250630-WA0114-1024x954.jpg",1024,954,true],"covernews-medium":["https:\/\/contextoanalisisperiodistico.com\/wp-content\/uploads\/2025\/06\/IMG-20250630-WA0114-540x340.jpg",540,340,true],"covernews-medium-square":["https:\/\/contextoanalisisperiodistico.com\/wp-content\/uploads\/2025\/06\/IMG-20250630-WA0114-400x250.jpg",400,250,true]},"author_info":{"display_name":"Mario Gir\u00f3n","author_link":"https:\/\/contextoanalisisperiodistico.com\/index.php\/author\/director\/"},"category_info":"<a href=\"https:\/\/contextoanalisisperiodistico.com\/index.php\/category\/salud\/\" rel=\"category tag\">Salud<\/a>","tag_info":"Salud","comment_count":"0","jetpack_featured_media_url":"https:\/\/contextoanalisisperiodistico.com\/wp-content\/uploads\/2025\/06\/IMG-20250630-WA0114.jpg","_links":{"self":[{"href":"https:\/\/contextoanalisisperiodistico.com\/index.php\/wp-json\/wp\/v2\/posts\/43341"}],"collection":[{"href":"https:\/\/contextoanalisisperiodistico.com\/index.php\/wp-json\/wp\/v2\/posts"}],"about":[{"href":"https:\/\/contextoanalisisperiodistico.com\/index.php\/wp-json\/wp\/v2\/types\/post"}],"author":[{"embeddable":true,"href":"https:\/\/contextoanalisisperiodistico.com\/index.php\/wp-json\/wp\/v2\/users\/4"}],"replies":[{"embeddable":true,"href":"https:\/\/contextoanalisisperiodistico.com\/index.php\/wp-json\/wp\/v2\/comments?post=43341"}],"version-history":[{"count":0,"href":"https:\/\/contextoanalisisperiodistico.com\/index.php\/wp-json\/wp\/v2\/posts\/43341\/revisions"}],"wp:featuredmedia":[{"embeddable":true,"href":"https:\/\/contextoanalisisperiodistico.com\/index.php\/wp-json\/wp\/v2\/media\/43335"}],"wp:attachment":[{"href":"https:\/\/contextoanalisisperiodistico.com\/index.php\/wp-json\/wp\/v2\/media?parent=43341"}],"wp:term":[{"taxonomy":"category","embeddable":true,"href":"https:\/\/contextoanalisisperiodistico.com\/index.php\/wp-json\/wp\/v2\/categories?post=43341"},{"taxonomy":"post_tag","embeddable":true,"href":"https:\/\/contextoanalisisperiodistico.com\/index.php\/wp-json\/wp\/v2\/tags?post=43341"}],"curies":[{"name":"wp","href":"https:\/\/api.w.org\/{rel}","templated":true}]}}