{"id":43326,"date":"2025-06-30T15:58:20","date_gmt":"2025-06-30T21:58:20","guid":{"rendered":"https:\/\/contextoanalisisperiodistico.com\/index.php\/2025\/06\/30\/rehabilitan-puente-vehicular-en-donaji-en-beneficio-de-vecinas-y-vecinos\/"},"modified":"2025-06-30T15:58:20","modified_gmt":"2025-06-30T21:58:20","slug":"rehabilitan-puente-vehicular-en-donaji-en-beneficio-de-vecinas-y-vecinos","status":"publish","type":"post","link":"https:\/\/contextoanalisisperiodistico.com\/index.php\/2025\/06\/30\/rehabilitan-puente-vehicular-en-donaji-en-beneficio-de-vecinas-y-vecinos\/","title":{"rendered":"Rehabilitan puente vehicular en Donaj\u00ed en beneficio de vecinas y vecinos"},"content":{"rendered":"<div id=\"fb-root\"><\/div>\n\n<p>\u2022 Oaxaca de Ju\u00e1rez refrenda su compromiso con la conectividad y la seguridad vial<\/p>\n\n\n\n<figure class=\"wp-block-image size-large\"><img fetchpriority=\"high\" decoding=\"async\" width=\"1024\" height=\"684\" src=\"https:\/\/contextoanalisisperiodistico.com\/wp-content\/uploads\/2025\/06\/img-20250630-wa00835984049985850188815-1024x684.jpg\" alt=\"\" class=\"wp-image-43321\" srcset=\"https:\/\/contextoanalisisperiodistico.com\/wp-content\/uploads\/2025\/06\/img-20250630-wa00835984049985850188815-1024x684.jpg 1024w, https:\/\/contextoanalisisperiodistico.com\/wp-content\/uploads\/2025\/06\/img-20250630-wa00835984049985850188815-300x200.jpg 300w, https:\/\/contextoanalisisperiodistico.com\/wp-content\/uploads\/2025\/06\/img-20250630-wa00835984049985850188815-768x513.jpg 768w, https:\/\/contextoanalisisperiodistico.com\/wp-content\/uploads\/2025\/06\/img-20250630-wa00835984049985850188815-1536x1027.jpg 1536w, https:\/\/contextoanalisisperiodistico.com\/wp-content\/uploads\/2025\/06\/img-20250630-wa00835984049985850188815.jpg 1616w\" sizes=\"(max-width: 1024px) 100vw, 1024px\" \/><\/figure>\n\n\n\n<figure class=\"wp-block-image\"><img decoding=\"async\" width=\"1024\" height=\"684\" src=\"https:\/\/contextoanalisisperiodistico.com\/wp-content\/uploads\/2025\/06\/img-20250630-wa00784804489210966533528-1024x684.jpg\" alt=\"\" class=\"wp-image-43322\" srcset=\"https:\/\/contextoanalisisperiodistico.com\/wp-content\/uploads\/2025\/06\/img-20250630-wa00784804489210966533528-1024x684.jpg 1024w, https:\/\/contextoanalisisperiodistico.com\/wp-content\/uploads\/2025\/06\/img-20250630-wa00784804489210966533528-300x200.jpg 300w, https:\/\/contextoanalisisperiodistico.com\/wp-content\/uploads\/2025\/06\/img-20250630-wa00784804489210966533528-768x513.jpg 768w, https:\/\/contextoanalisisperiodistico.com\/wp-content\/uploads\/2025\/06\/img-20250630-wa00784804489210966533528-1536x1027.jpg 1536w, https:\/\/contextoanalisisperiodistico.com\/wp-content\/uploads\/2025\/06\/img-20250630-wa00784804489210966533528.jpg 1616w\" sizes=\"(max-width: 1024px) 100vw, 1024px\" \/><\/figure>\n\n\n\n<figure class=\"wp-block-image\"><img decoding=\"async\" width=\"1024\" height=\"684\" src=\"https:\/\/contextoanalisisperiodistico.com\/wp-content\/uploads\/2025\/06\/img-20250630-wa0080513773031034563929-1024x684.jpg\" alt=\"\" class=\"wp-image-43325\" srcset=\"https:\/\/contextoanalisisperiodistico.com\/wp-content\/uploads\/2025\/06\/img-20250630-wa0080513773031034563929-1024x684.jpg 1024w, https:\/\/contextoanalisisperiodistico.com\/wp-content\/uploads\/2025\/06\/img-20250630-wa0080513773031034563929-300x200.jpg 300w, https:\/\/contextoanalisisperiodistico.com\/wp-content\/uploads\/2025\/06\/img-20250630-wa0080513773031034563929-768x513.jpg 768w, https:\/\/contextoanalisisperiodistico.com\/wp-content\/uploads\/2025\/06\/img-20250630-wa0080513773031034563929-1536x1027.jpg 1536w, https:\/\/contextoanalisisperiodistico.com\/wp-content\/uploads\/2025\/06\/img-20250630-wa0080513773031034563929.jpg 1616w\" sizes=\"(max-width: 1024px) 100vw, 1024px\" \/><\/figure>\n\n\n\n<figure class=\"wp-block-image\"><img loading=\"lazy\" decoding=\"async\" width=\"1024\" height=\"684\" src=\"https:\/\/contextoanalisisperiodistico.com\/wp-content\/uploads\/2025\/06\/img-20250630-wa00817436769716973331825-1024x684.jpg\" alt=\"\" class=\"wp-image-43323\" srcset=\"https:\/\/contextoanalisisperiodistico.com\/wp-content\/uploads\/2025\/06\/img-20250630-wa00817436769716973331825-1024x684.jpg 1024w, https:\/\/contextoanalisisperiodistico.com\/wp-content\/uploads\/2025\/06\/img-20250630-wa00817436769716973331825-300x200.jpg 300w, https:\/\/contextoanalisisperiodistico.com\/wp-content\/uploads\/2025\/06\/img-20250630-wa00817436769716973331825-768x513.jpg 768w, https:\/\/contextoanalisisperiodistico.com\/wp-content\/uploads\/2025\/06\/img-20250630-wa00817436769716973331825-1536x1027.jpg 1536w, https:\/\/contextoanalisisperiodistico.com\/wp-content\/uploads\/2025\/06\/img-20250630-wa00817436769716973331825.jpg 1616w\" sizes=\"(max-width: 1024px) 100vw, 1024px\" \/><\/figure>\n\n\n\n<figure class=\"wp-block-image\"><img loading=\"lazy\" decoding=\"async\" width=\"1024\" height=\"684\" src=\"https:\/\/contextoanalisisperiodistico.com\/wp-content\/uploads\/2025\/06\/img-20250630-wa00827252325380065969103-1024x684.jpg\" alt=\"\" class=\"wp-image-43324\" srcset=\"https:\/\/contextoanalisisperiodistico.com\/wp-content\/uploads\/2025\/06\/img-20250630-wa00827252325380065969103-1024x684.jpg 1024w, https:\/\/contextoanalisisperiodistico.com\/wp-content\/uploads\/2025\/06\/img-20250630-wa00827252325380065969103-300x200.jpg 300w, https:\/\/contextoanalisisperiodistico.com\/wp-content\/uploads\/2025\/06\/img-20250630-wa00827252325380065969103-768x513.jpg 768w, https:\/\/contextoanalisisperiodistico.com\/wp-content\/uploads\/2025\/06\/img-20250630-wa00827252325380065969103-1536x1027.jpg 1536w, https:\/\/contextoanalisisperiodistico.com\/wp-content\/uploads\/2025\/06\/img-20250630-wa00827252325380065969103.jpg 1616w\" sizes=\"(max-width: 1024px) 100vw, 1024px\" \/><\/figure>\n\n\n\n<p>Oaxaca de Ju\u00e1rez, Oax., 30 de junio de 2025.- Como parte de las acciones coordinadas entre los gobiernos estatal y municipal para mejorar la infraestructura urbana, fue inaugurada la rehabilitaci\u00f3n del puente vehicular que conduce a la agencia municipal de Donaj\u00ed.<\/p>\n\n\n\n<p>Al refrendar su compromiso con el bienestar y la seguridad de las y los capitalinos, el<br \/>presidente municipal Ray Chagoya mencion\u00f3 que esta obra resuelve una necesidad hist\u00f3rica de conectividad para cientos de familias que transitan diariamente por esta v\u00eda de la zona norte de la capital.<\/p>\n\n\n\n<p>Los trabajos ejecutados por la Secretar\u00eda de Infraestructuras y Comunicaciones consistieron en la construcci\u00f3n de una nueva losa de concreto en la superestructura del puente, as\u00ed como banquetas laterales que mejoran la circulaci\u00f3n peatonal en ambos sentidos.<\/p>\n\n\n\n<p>La rehabilitaci\u00f3n de este puente fortalece la infraestructura vial de la zona y garantiza un tr\u00e1nsito m\u00e1s seguro, especialmente en temporada de lluvias.<\/p>\n\n\n\n<p>El gobierno municipal de Oaxaca de Ju\u00e1rez contin\u00faa trabajando, junto al gobierno estatal, para cerrar brechas de rezago y transformar la vida de las comunidades con obras \u00fatiles y duraderas.<\/p>\n","protected":false},"excerpt":{"rendered":"<p>\u2022 Oaxaca de Ju\u00e1rez refrenda su compromiso con la conectividad y la seguridad vial Oaxaca&#8230;<\/p>\n","protected":false},"author":4,"featured_media":43320,"comment_status":"","ping_status":"open","sticky":false,"template":"","format":"standard","meta":{"footnotes":""},"categories":[9],"tags":[178,235,234,45],"jetpack_sharing_enabled":true,"featured_image_urls":{"full":["https:\/\/contextoanalisisperiodistico.com\/wp-content\/uploads\/2025\/06\/IMG-20250630-WA0079.jpg",1616,1080,false],"thumbnail":["https:\/\/contextoanalisisperiodistico.com\/wp-content\/uploads\/2025\/06\/IMG-20250630-WA0079-150x150.jpg",150,150,true],"medium":["https:\/\/contextoanalisisperiodistico.com\/wp-content\/uploads\/2025\/06\/IMG-20250630-WA0079-300x200.jpg",300,200,true],"medium_large":["https:\/\/contextoanalisisperiodistico.com\/wp-content\/uploads\/2025\/06\/IMG-20250630-WA0079-768x513.jpg",640,428,true],"large":["https:\/\/contextoanalisisperiodistico.com\/wp-content\/uploads\/2025\/06\/IMG-20250630-WA0079-1024x684.jpg",640,428,true],"1536x1536":["https:\/\/contextoanalisisperiodistico.com\/wp-content\/uploads\/2025\/06\/IMG-20250630-WA0079-1536x1027.jpg",1536,1027,true],"2048x2048":["https:\/\/contextoanalisisperiodistico.com\/wp-content\/uploads\/2025\/06\/IMG-20250630-WA0079.jpg",1616,1080,false],"covernews-slider-full":["https:\/\/contextoanalisisperiodistico.com\/wp-content\/uploads\/2025\/06\/IMG-20250630-WA0079-1115x715.jpg",1115,715,true],"covernews-slider-center":["https:\/\/contextoanalisisperiodistico.com\/wp-content\/uploads\/2025\/06\/IMG-20250630-WA0079-800x500.jpg",800,500,true],"covernews-featured":["https:\/\/contextoanalisisperiodistico.com\/wp-content\/uploads\/2025\/06\/IMG-20250630-WA0079-1024x684.jpg",1024,684,true],"covernews-medium":["https:\/\/contextoanalisisperiodistico.com\/wp-content\/uploads\/2025\/06\/IMG-20250630-WA0079-540x340.jpg",540,340,true],"covernews-medium-square":["https:\/\/contextoanalisisperiodistico.com\/wp-content\/uploads\/2025\/06\/IMG-20250630-WA0079-400x250.jpg",400,250,true]},"author_info":{"display_name":"Mario Gir\u00f3n","author_link":"https:\/\/contextoanalisisperiodistico.com\/index.php\/author\/director\/"},"category_info":"<a href=\"https:\/\/contextoanalisisperiodistico.com\/index.php\/category\/politica\/\" rel=\"category tag\">Pol\u00edtica<\/a>","tag_info":"Pol\u00edtica","comment_count":"0","jetpack_featured_media_url":"https:\/\/contextoanalisisperiodistico.com\/wp-content\/uploads\/2025\/06\/IMG-20250630-WA0079.jpg","_links":{"self":[{"href":"https:\/\/contextoanalisisperiodistico.com\/index.php\/wp-json\/wp\/v2\/posts\/43326"}],"collection":[{"href":"https:\/\/contextoanalisisperiodistico.com\/index.php\/wp-json\/wp\/v2\/posts"}],"about":[{"href":"https:\/\/contextoanalisisperiodistico.com\/index.php\/wp-json\/wp\/v2\/types\/post"}],"author":[{"embeddable":true,"href":"https:\/\/contextoanalisisperiodistico.com\/index.php\/wp-json\/wp\/v2\/users\/4"}],"replies":[{"embeddable":true,"href":"https:\/\/contextoanalisisperiodistico.com\/index.php\/wp-json\/wp\/v2\/comments?post=43326"}],"version-history":[{"count":0,"href":"https:\/\/contextoanalisisperiodistico.com\/index.php\/wp-json\/wp\/v2\/posts\/43326\/revisions"}],"wp:featuredmedia":[{"embeddable":true,"href":"https:\/\/contextoanalisisperiodistico.com\/index.php\/wp-json\/wp\/v2\/media\/43320"}],"wp:attachment":[{"href":"https:\/\/contextoanalisisperiodistico.com\/index.php\/wp-json\/wp\/v2\/media?parent=43326"}],"wp:term":[{"taxonomy":"category","embeddable":true,"href":"https:\/\/contextoanalisisperiodistico.com\/index.php\/wp-json\/wp\/v2\/categories?post=43326"},{"taxonomy":"post_tag","embeddable":true,"href":"https:\/\/contextoanalisisperiodistico.com\/index.php\/wp-json\/wp\/v2\/tags?post=43326"}],"curies":[{"name":"wp","href":"https:\/\/api.w.org\/{rel}","templated":true}]}}