{"id":43317,"date":"2025-06-30T15:47:53","date_gmt":"2025-06-30T21:47:53","guid":{"rendered":"https:\/\/contextoanalisisperiodistico.com\/index.php\/2025\/06\/30\/fortalece-sso-operativo-del-plan-integral-contra-el-paludismo-en-el-istmo-de-tehuantepec\/"},"modified":"2025-06-30T15:47:53","modified_gmt":"2025-06-30T21:47:53","slug":"fortalece-sso-operativo-del-plan-integral-contra-el-paludismo-en-el-istmo-de-tehuantepec","status":"publish","type":"post","link":"https:\/\/contextoanalisisperiodistico.com\/index.php\/2025\/06\/30\/fortalece-sso-operativo-del-plan-integral-contra-el-paludismo-en-el-istmo-de-tehuantepec\/","title":{"rendered":"Fortalece SSO operativo del plan integral contra el paludismo en el Istmo de Tehuantepec"},"content":{"rendered":"<div id=\"fb-root\"><\/div>\n\n<p>\u2022 Como parte de la estrategia, en Chahuites y San Pedro Tapanatepec se despleg\u00f3 personal especializado para intensificar la vigilancia epidemiol\u00f3gica<\/p>\n\n\n\n<figure class=\"wp-block-image size-large\"><img fetchpriority=\"high\" decoding=\"async\" width=\"784\" height=\"525\" src=\"https:\/\/contextoanalisisperiodistico.com\/wp-content\/uploads\/2025\/06\/img-20250630-wa0077174539403285812236.jpg\" alt=\"\" class=\"wp-image-43316\" srcset=\"https:\/\/contextoanalisisperiodistico.com\/wp-content\/uploads\/2025\/06\/img-20250630-wa0077174539403285812236.jpg 784w, https:\/\/contextoanalisisperiodistico.com\/wp-content\/uploads\/2025\/06\/img-20250630-wa0077174539403285812236-300x201.jpg 300w, https:\/\/contextoanalisisperiodistico.com\/wp-content\/uploads\/2025\/06\/img-20250630-wa0077174539403285812236-768x514.jpg 768w\" sizes=\"(max-width: 784px) 100vw, 784px\" \/><\/figure>\n\n\n\n<figure class=\"wp-block-image\"><img decoding=\"async\" width=\"300\" height=\"184\" src=\"https:\/\/contextoanalisisperiodistico.com\/wp-content\/uploads\/2025\/06\/img-20250630-wa00766553498684217279565-300x184.jpg\" alt=\"\" class=\"wp-image-43315\" srcset=\"https:\/\/contextoanalisisperiodistico.com\/wp-content\/uploads\/2025\/06\/img-20250630-wa00766553498684217279565-300x184.jpg 300w, https:\/\/contextoanalisisperiodistico.com\/wp-content\/uploads\/2025\/06\/img-20250630-wa00766553498684217279565-768x472.jpg 768w, https:\/\/contextoanalisisperiodistico.com\/wp-content\/uploads\/2025\/06\/img-20250630-wa00766553498684217279565.jpg 823w\" sizes=\"(max-width: 300px) 100vw, 300px\" \/><\/figure>\n\n\n\n<p>San Pedro Tapanatepec, Oax. 30 de junio de 2025.- Con el firme compromiso de erradicar la transmisi\u00f3n aut\u00f3ctona de paludismo antes del a\u00f1o 2030, Servicios de Salud de Oaxaca (SSO) refuerza el plan integral de prevenci\u00f3n y control en la Jurisdicci\u00f3n Sanitaria 2 Istmo, en concordancia con los Objetivos de Desarrollo Sostenible (ODS).<\/p>\n\n\n\n<p>El jefe del departamento de Prevenci\u00f3n y Control de Enfermedades Transmitidas por Vectores (ETV), Valerio Celedonio Aquino Monjaraz explic\u00f3 que el paludismo (o malaria) es una enfermedad prevenible y curable, causada por el par\u00e1sito Plasmodium y transmitida por la picadura del mosquito Anopheles.<\/p>\n\n\n\n<p>Asimismo, se\u00f1al\u00f3 que el fortalecimiento de las acciones en campo es clave para avanzar hacia la eliminaci\u00f3n total del padecimiento en territorio oaxaque\u00f1o.<\/p>\n\n\n\n<p>Como parte de la estrategia, principalmente en los municipios de Chahuites y San Pedro Tapanatepec se despleg\u00f3 personal especializado para intensificar la vigilancia epidemiol\u00f3gica, promoci\u00f3n de la salud, control de vectores y fortalecimiento de las capacidades del personal m\u00e9dico y de enfermer\u00eda.<\/p>\n\n\n\n<p>En este tenor, con un enfoque preventivo y comunitario, se imparti\u00f3 capacitaci\u00f3n al personal de la unidad m\u00e9dica IMSS-Bienestar de Chahuites en temas fundamentales como definiciones operacionales, lineamientos de muestreo, toma de gota gruesa y aplicaci\u00f3n de Pruebas de Diagn\u00f3stico R\u00e1pido (PDR).<\/p>\n\n\n\n<p>De igual forma, se contemplan pr\u00f3ximas jornadas de actualizaci\u00f3n para el Hospital B\u00e1sico Comunitario y otras instituciones de salud locales.<\/p>\n\n\n\n<p>Durante reuniones con los ayuntamientos y directivos de las unidades m\u00e9dicas de ambas localidades, se hizo un llamado a instalar los Comit\u00e9s Municipales de Salud, a fin de coordinar acciones de Eliminaci\u00f3n y Modificaci\u00f3n de H\u00e1bitats y Criaderos de Anofelinos (EMHCA\u2019s), especialmente en zonas ribere\u00f1as donde prolifera el vector.<\/p>\n\n\n\n<p>Aquino Monjaraz enfatiz\u00f3 la importancia de una coordinaci\u00f3n interinstitucional efectiva, donde tanto el Instituto Mexicano del Seguro Social (IMSS-Ordinario), IMSS-Bienestar, as\u00ed como el Instituto de Seguridad y Servicios Sociales de los Trabajadores del Estado (ISSSTE), como cl\u00ednicas y laboratorios particulares, notifiquen oportunamente los casos sospechosos conforme a lo establecido en la NOM-017.<\/p>\n\n\n\n<p>Finalmente, SSO reiter\u00f3 su compromiso de mantener acciones continuas, integrales y articuladas para consolidar a Oaxaca como un estado libre de transmisi\u00f3n aut\u00f3ctona de paludismo, priorizando el bienestar de las comunidades m\u00e1s vulnerables.<br \/>-0-<\/p>\n","protected":false},"excerpt":{"rendered":"<p>\u2022 Como parte de la estrategia, en Chahuites y San Pedro Tapanatepec se despleg\u00f3 personal&#8230;<\/p>\n","protected":false},"author":4,"featured_media":43314,"comment_status":"","ping_status":"open","sticky":false,"template":"","format":"standard","meta":{"footnotes":""},"categories":[92],"tags":[],"jetpack_sharing_enabled":true,"featured_image_urls":{"full":["https:\/\/contextoanalisisperiodistico.com\/wp-content\/uploads\/2025\/06\/IMG-20250630-WA0075.jpg",1600,996,false],"thumbnail":["https:\/\/contextoanalisisperiodistico.com\/wp-content\/uploads\/2025\/06\/IMG-20250630-WA0075-150x150.jpg",150,150,true],"medium":["https:\/\/contextoanalisisperiodistico.com\/wp-content\/uploads\/2025\/06\/IMG-20250630-WA0075-300x187.jpg",300,187,true],"medium_large":["https:\/\/contextoanalisisperiodistico.com\/wp-content\/uploads\/2025\/06\/IMG-20250630-WA0075-768x478.jpg",640,398,true],"large":["https:\/\/contextoanalisisperiodistico.com\/wp-content\/uploads\/2025\/06\/IMG-20250630-WA0075-1024x637.jpg",640,398,true],"1536x1536":["https:\/\/contextoanalisisperiodistico.com\/wp-content\/uploads\/2025\/06\/IMG-20250630-WA0075-1536x956.jpg",1536,956,true],"2048x2048":["https:\/\/contextoanalisisperiodistico.com\/wp-content\/uploads\/2025\/06\/IMG-20250630-WA0075.jpg",1600,996,false],"covernews-slider-full":["https:\/\/contextoanalisisperiodistico.com\/wp-content\/uploads\/2025\/06\/IMG-20250630-WA0075-1115x715.jpg",1115,715,true],"covernews-slider-center":["https:\/\/contextoanalisisperiodistico.com\/wp-content\/uploads\/2025\/06\/IMG-20250630-WA0075-800x500.jpg",800,500,true],"covernews-featured":["https:\/\/contextoanalisisperiodistico.com\/wp-content\/uploads\/2025\/06\/IMG-20250630-WA0075-1024x637.jpg",1024,637,true],"covernews-medium":["https:\/\/contextoanalisisperiodistico.com\/wp-content\/uploads\/2025\/06\/IMG-20250630-WA0075-540x340.jpg",540,340,true],"covernews-medium-square":["https:\/\/contextoanalisisperiodistico.com\/wp-content\/uploads\/2025\/06\/IMG-20250630-WA0075-400x250.jpg",400,250,true]},"author_info":{"display_name":"Mario Gir\u00f3n","author_link":"https:\/\/contextoanalisisperiodistico.com\/index.php\/author\/director\/"},"category_info":"<a href=\"https:\/\/contextoanalisisperiodistico.com\/index.php\/category\/salud\/\" rel=\"category tag\">Salud<\/a>","tag_info":"Salud","comment_count":"0","jetpack_featured_media_url":"https:\/\/contextoanalisisperiodistico.com\/wp-content\/uploads\/2025\/06\/IMG-20250630-WA0075.jpg","_links":{"self":[{"href":"https:\/\/contextoanalisisperiodistico.com\/index.php\/wp-json\/wp\/v2\/posts\/43317"}],"collection":[{"href":"https:\/\/contextoanalisisperiodistico.com\/index.php\/wp-json\/wp\/v2\/posts"}],"about":[{"href":"https:\/\/contextoanalisisperiodistico.com\/index.php\/wp-json\/wp\/v2\/types\/post"}],"author":[{"embeddable":true,"href":"https:\/\/contextoanalisisperiodistico.com\/index.php\/wp-json\/wp\/v2\/users\/4"}],"replies":[{"embeddable":true,"href":"https:\/\/contextoanalisisperiodistico.com\/index.php\/wp-json\/wp\/v2\/comments?post=43317"}],"version-history":[{"count":0,"href":"https:\/\/contextoanalisisperiodistico.com\/index.php\/wp-json\/wp\/v2\/posts\/43317\/revisions"}],"wp:featuredmedia":[{"embeddable":true,"href":"https:\/\/contextoanalisisperiodistico.com\/index.php\/wp-json\/wp\/v2\/media\/43314"}],"wp:attachment":[{"href":"https:\/\/contextoanalisisperiodistico.com\/index.php\/wp-json\/wp\/v2\/media?parent=43317"}],"wp:term":[{"taxonomy":"category","embeddable":true,"href":"https:\/\/contextoanalisisperiodistico.com\/index.php\/wp-json\/wp\/v2\/categories?post=43317"},{"taxonomy":"post_tag","embeddable":true,"href":"https:\/\/contextoanalisisperiodistico.com\/index.php\/wp-json\/wp\/v2\/tags?post=43317"}],"curies":[{"name":"wp","href":"https:\/\/api.w.org\/{rel}","templated":true}]}}