{"id":43235,"date":"2025-06-28T08:24:28","date_gmt":"2025-06-28T14:24:28","guid":{"rendered":"https:\/\/contextoanalisisperiodistico.com\/index.php\/2025\/06\/28\/san-martin-mexicapam-vive-el-inicio-del-primer-festival-de-las-culturas-vivas-de-oaxaca-de-juarez\/"},"modified":"2025-06-29T10:55:05","modified_gmt":"2025-06-29T16:55:05","slug":"san-martin-mexicapam-vive-el-inicio-del-primer-festival-de-las-culturas-vivas-de-oaxaca-de-juarez","status":"publish","type":"post","link":"https:\/\/contextoanalisisperiodistico.com\/index.php\/2025\/06\/28\/san-martin-mexicapam-vive-el-inicio-del-primer-festival-de-las-culturas-vivas-de-oaxaca-de-juarez\/","title":{"rendered":"San Mart\u00edn Mexicapam vive el inicio del Primer Festival de las Culturas Vivas de Oaxaca de Ju\u00e1rez"},"content":{"rendered":"<div id=\"fb-root\"><\/div>\n\n<ul class=\"wp-block-list\">\n<li>Inauguraci\u00f3n de la Ruta de Murales en el marco de esta gran celebraci\u00f3n cultural<\/li>\n<\/ul>\n\n\n\n<figure class=\"wp-block-image size-large\"><img fetchpriority=\"high\" decoding=\"async\" width=\"1024\" height=\"683\" src=\"https:\/\/contextoanalisisperiodistico.com\/wp-content\/uploads\/2025\/06\/img-20250628-wa00272544174087288404774-1024x683.jpg\" alt=\"\" class=\"wp-image-43230\" srcset=\"https:\/\/contextoanalisisperiodistico.com\/wp-content\/uploads\/2025\/06\/img-20250628-wa00272544174087288404774-1024x683.jpg 1024w, https:\/\/contextoanalisisperiodistico.com\/wp-content\/uploads\/2025\/06\/img-20250628-wa00272544174087288404774-300x200.jpg 300w, https:\/\/contextoanalisisperiodistico.com\/wp-content\/uploads\/2025\/06\/img-20250628-wa00272544174087288404774-768x512.jpg 768w, https:\/\/contextoanalisisperiodistico.com\/wp-content\/uploads\/2025\/06\/img-20250628-wa00272544174087288404774-1536x1025.jpg 1536w, https:\/\/contextoanalisisperiodistico.com\/wp-content\/uploads\/2025\/06\/img-20250628-wa00272544174087288404774.jpg 2000w\" sizes=\"(max-width: 1024px) 100vw, 1024px\" \/><\/figure>\n\n\n\n<figure class=\"wp-block-image\"><img decoding=\"async\" width=\"1024\" height=\"683\" src=\"https:\/\/contextoanalisisperiodistico.com\/wp-content\/uploads\/2025\/06\/img-20250628-wa00265913204114862136188-1024x683.jpg\" alt=\"\" class=\"wp-image-43231\" srcset=\"https:\/\/contextoanalisisperiodistico.com\/wp-content\/uploads\/2025\/06\/img-20250628-wa00265913204114862136188-1024x683.jpg 1024w, https:\/\/contextoanalisisperiodistico.com\/wp-content\/uploads\/2025\/06\/img-20250628-wa00265913204114862136188-300x200.jpg 300w, https:\/\/contextoanalisisperiodistico.com\/wp-content\/uploads\/2025\/06\/img-20250628-wa00265913204114862136188-768x512.jpg 768w, https:\/\/contextoanalisisperiodistico.com\/wp-content\/uploads\/2025\/06\/img-20250628-wa00265913204114862136188-1536x1025.jpg 1536w, https:\/\/contextoanalisisperiodistico.com\/wp-content\/uploads\/2025\/06\/img-20250628-wa00265913204114862136188.jpg 2000w\" sizes=\"(max-width: 1024px) 100vw, 1024px\" \/><\/figure>\n\n\n\n<figure class=\"wp-block-image\"><img decoding=\"async\" width=\"1024\" height=\"593\" src=\"https:\/\/contextoanalisisperiodistico.com\/wp-content\/uploads\/2025\/06\/img-20250628-wa0028361894748137830510-1024x593.jpg\" alt=\"\" class=\"wp-image-43233\" srcset=\"https:\/\/contextoanalisisperiodistico.com\/wp-content\/uploads\/2025\/06\/img-20250628-wa0028361894748137830510-1024x593.jpg 1024w, https:\/\/contextoanalisisperiodistico.com\/wp-content\/uploads\/2025\/06\/img-20250628-wa0028361894748137830510-300x174.jpg 300w, https:\/\/contextoanalisisperiodistico.com\/wp-content\/uploads\/2025\/06\/img-20250628-wa0028361894748137830510-768x444.jpg 768w, https:\/\/contextoanalisisperiodistico.com\/wp-content\/uploads\/2025\/06\/img-20250628-wa0028361894748137830510-1536x889.jpg 1536w, https:\/\/contextoanalisisperiodistico.com\/wp-content\/uploads\/2025\/06\/img-20250628-wa0028361894748137830510.jpg 1600w\" sizes=\"(max-width: 1024px) 100vw, 1024px\" \/><\/figure>\n\n\n\n<figure class=\"wp-block-image\"><img loading=\"lazy\" decoding=\"async\" width=\"1024\" height=\"683\" src=\"https:\/\/contextoanalisisperiodistico.com\/wp-content\/uploads\/2025\/06\/img-20250628-wa00294251015512013753067-1024x683.jpg\" alt=\"\" class=\"wp-image-43232\" srcset=\"https:\/\/contextoanalisisperiodistico.com\/wp-content\/uploads\/2025\/06\/img-20250628-wa00294251015512013753067-1024x683.jpg 1024w, https:\/\/contextoanalisisperiodistico.com\/wp-content\/uploads\/2025\/06\/img-20250628-wa00294251015512013753067-300x200.jpg 300w, https:\/\/contextoanalisisperiodistico.com\/wp-content\/uploads\/2025\/06\/img-20250628-wa00294251015512013753067-768x512.jpg 768w, https:\/\/contextoanalisisperiodistico.com\/wp-content\/uploads\/2025\/06\/img-20250628-wa00294251015512013753067-1536x1025.jpg 1536w, https:\/\/contextoanalisisperiodistico.com\/wp-content\/uploads\/2025\/06\/img-20250628-wa00294251015512013753067.jpg 2000w\" sizes=\"(max-width: 1024px) 100vw, 1024px\" \/><\/figure>\n\n\n\n<figure class=\"wp-block-image\"><img loading=\"lazy\" decoding=\"async\" width=\"1024\" height=\"683\" src=\"https:\/\/contextoanalisisperiodistico.com\/wp-content\/uploads\/2025\/06\/img-20250628-wa00255646975650239306401-1024x683.jpg\" alt=\"\" class=\"wp-image-43234\" srcset=\"https:\/\/contextoanalisisperiodistico.com\/wp-content\/uploads\/2025\/06\/img-20250628-wa00255646975650239306401-1024x683.jpg 1024w, https:\/\/contextoanalisisperiodistico.com\/wp-content\/uploads\/2025\/06\/img-20250628-wa00255646975650239306401-300x200.jpg 300w, https:\/\/contextoanalisisperiodistico.com\/wp-content\/uploads\/2025\/06\/img-20250628-wa00255646975650239306401-768x512.jpg 768w, https:\/\/contextoanalisisperiodistico.com\/wp-content\/uploads\/2025\/06\/img-20250628-wa00255646975650239306401-1536x1025.jpg 1536w, https:\/\/contextoanalisisperiodistico.com\/wp-content\/uploads\/2025\/06\/img-20250628-wa00255646975650239306401.jpg 2000w\" sizes=\"(max-width: 1024px) 100vw, 1024px\" \/><\/figure>\n\n\n\n<p>Oaxaca de Ju\u00e1rez, Oax. 28 de junio de 2025.- Con un recorrido lleno de m\u00fasica, alegr\u00eda y tradici\u00f3n protagonizado por las chinas oaxaque\u00f1as, dio inicio el Primer Festival de las Culturas Vivas de Oaxaca de Ju\u00e1rez en la agencia de San Mart\u00edn Mexicapam.<\/p>\n\n\n\n<p>Esta celebraci\u00f3n reafirma el compromiso del presidente municipal Ray Chagoya, en coordinaci\u00f3n con el Gobierno del Estado, de impulsar la cultura y el arte en las agencias municipales como motor de identidad y transformaci\u00f3n social.<\/p>\n\n\n\n<p>En el marco de este festival, se inaugur\u00f3 la Ruta de Murales, una muestra del talento de artistas locales que a partir de ahora se puede apreciar en las calles de la agencia. Estas obras no solo embellecen el entorno urbano, tambi\u00e9n reflejan las historias, luchas y colores que definen la cultura oaxaque\u00f1a.<\/p>\n\n\n\n<p>El festival se extender\u00e1 a lo largo del fin de semana con actividades culturales y art\u00edsticas como talleres, presentaciones musicales, muestras esc\u00e9nicas y eventos comunitarios, que buscan acercar el arte y la cultura a todas las edades y p\u00fablicos.<\/p>\n\n\n\n<p>San Mart\u00edn Mexicapam se convierte as\u00ed en un punto de encuentro para celebrar la riqueza cultural que vive en cada rinc\u00f3n de Oaxaca de Ju\u00e1rez.<\/p>\n","protected":false},"excerpt":{"rendered":"<p>Oaxaca de Ju\u00e1rez, Oax. 28 de junio de 2025.- Con un recorrido lleno de m\u00fasica,&#8230;<\/p>\n","protected":false},"author":4,"featured_media":43229,"comment_status":"closed","ping_status":"open","sticky":false,"template":"","format":"standard","meta":{"footnotes":""},"categories":[9],"tags":[178,235,234,45],"jetpack_sharing_enabled":true,"featured_image_urls":{"full":["https:\/\/contextoanalisisperiodistico.com\/wp-content\/uploads\/2025\/06\/IMG-20250628-WA0024-scaled.jpg",2560,1707,false],"thumbnail":["https:\/\/contextoanalisisperiodistico.com\/wp-content\/uploads\/2025\/06\/IMG-20250628-WA0024-150x150.jpg",150,150,true],"medium":["https:\/\/contextoanalisisperiodistico.com\/wp-content\/uploads\/2025\/06\/IMG-20250628-WA0024-300x200.jpg",300,200,true],"medium_large":["https:\/\/contextoanalisisperiodistico.com\/wp-content\/uploads\/2025\/06\/IMG-20250628-WA0024-768x512.jpg",640,427,true],"large":["https:\/\/contextoanalisisperiodistico.com\/wp-content\/uploads\/2025\/06\/IMG-20250628-WA0024-1024x683.jpg",640,427,true],"1536x1536":["https:\/\/contextoanalisisperiodistico.com\/wp-content\/uploads\/2025\/06\/IMG-20250628-WA0024-1536x1024.jpg",1536,1024,true],"2048x2048":["https:\/\/contextoanalisisperiodistico.com\/wp-content\/uploads\/2025\/06\/IMG-20250628-WA0024-2048x1366.jpg",2048,1366,true],"covernews-slider-full":["https:\/\/contextoanalisisperiodistico.com\/wp-content\/uploads\/2025\/06\/IMG-20250628-WA0024-1115x715.jpg",1115,715,true],"covernews-slider-center":["https:\/\/contextoanalisisperiodistico.com\/wp-content\/uploads\/2025\/06\/IMG-20250628-WA0024-800x500.jpg",800,500,true],"covernews-featured":["https:\/\/contextoanalisisperiodistico.com\/wp-content\/uploads\/2025\/06\/IMG-20250628-WA0024-scaled.jpg",1024,683,false],"covernews-medium":["https:\/\/contextoanalisisperiodistico.com\/wp-content\/uploads\/2025\/06\/IMG-20250628-WA0024-scaled.jpg",510,340,false],"covernews-medium-square":["https:\/\/contextoanalisisperiodistico.com\/wp-content\/uploads\/2025\/06\/IMG-20250628-WA0024-scaled.jpg",375,250,false]},"author_info":{"display_name":"Mario Gir\u00f3n","author_link":"https:\/\/contextoanalisisperiodistico.com\/index.php\/author\/director\/"},"category_info":"<a href=\"https:\/\/contextoanalisisperiodistico.com\/index.php\/category\/politica\/\" rel=\"category tag\">Pol\u00edtica<\/a>","tag_info":"Pol\u00edtica","comment_count":"0","jetpack_featured_media_url":"https:\/\/contextoanalisisperiodistico.com\/wp-content\/uploads\/2025\/06\/IMG-20250628-WA0024-scaled.jpg","_links":{"self":[{"href":"https:\/\/contextoanalisisperiodistico.com\/index.php\/wp-json\/wp\/v2\/posts\/43235"}],"collection":[{"href":"https:\/\/contextoanalisisperiodistico.com\/index.php\/wp-json\/wp\/v2\/posts"}],"about":[{"href":"https:\/\/contextoanalisisperiodistico.com\/index.php\/wp-json\/wp\/v2\/types\/post"}],"author":[{"embeddable":true,"href":"https:\/\/contextoanalisisperiodistico.com\/index.php\/wp-json\/wp\/v2\/users\/4"}],"replies":[{"embeddable":true,"href":"https:\/\/contextoanalisisperiodistico.com\/index.php\/wp-json\/wp\/v2\/comments?post=43235"}],"version-history":[{"count":1,"href":"https:\/\/contextoanalisisperiodistico.com\/index.php\/wp-json\/wp\/v2\/posts\/43235\/revisions"}],"predecessor-version":[{"id":43258,"href":"https:\/\/contextoanalisisperiodistico.com\/index.php\/wp-json\/wp\/v2\/posts\/43235\/revisions\/43258"}],"wp:featuredmedia":[{"embeddable":true,"href":"https:\/\/contextoanalisisperiodistico.com\/index.php\/wp-json\/wp\/v2\/media\/43229"}],"wp:attachment":[{"href":"https:\/\/contextoanalisisperiodistico.com\/index.php\/wp-json\/wp\/v2\/media?parent=43235"}],"wp:term":[{"taxonomy":"category","embeddable":true,"href":"https:\/\/contextoanalisisperiodistico.com\/index.php\/wp-json\/wp\/v2\/categories?post=43235"},{"taxonomy":"post_tag","embeddable":true,"href":"https:\/\/contextoanalisisperiodistico.com\/index.php\/wp-json\/wp\/v2\/tags?post=43235"}],"curies":[{"name":"wp","href":"https:\/\/api.w.org\/{rel}","templated":true}]}}