{"id":43145,"date":"2025-06-25T23:00:37","date_gmt":"2025-06-26T05:00:37","guid":{"rendered":"https:\/\/contextoanalisisperiodistico.com\/index.php\/2025\/06\/25\/convoca-salomon-jara-a-autoridades-municipales-a-estar-atentas-ante-proximos-fenomenos-climatologicos\/"},"modified":"2025-06-25T23:00:37","modified_gmt":"2025-06-26T05:00:37","slug":"convoca-salomon-jara-a-autoridades-municipales-a-estar-atentas-ante-proximos-fenomenos-climatologicos","status":"publish","type":"post","link":"https:\/\/contextoanalisisperiodistico.com\/index.php\/2025\/06\/25\/convoca-salomon-jara-a-autoridades-municipales-a-estar-atentas-ante-proximos-fenomenos-climatologicos\/","title":{"rendered":"Convoca Salom\u00f3n Jara a autoridades municipales a estar atentas ante pr\u00f3ximos fen\u00f3menos climatol\u00f3gicos"},"content":{"rendered":"<div id=\"fb-root\"><\/div>\n\n<p>\u2022 Detall\u00f3 que actualmente hay un 40 por ciento de probabilidades de que una zona de baja presi\u00f3n pueda convertirse en cicl\u00f3n durante los pr\u00f3ximos 7 d\u00edas cerca de las costas de Chiapas y Oaxaca<\/p>\n\n\n\n<figure class=\"wp-block-image size-large\"><img fetchpriority=\"high\" decoding=\"async\" width=\"800\" height=\"533\" src=\"https:\/\/contextoanalisisperiodistico.com\/wp-content\/uploads\/2025\/06\/img-20250625-wa01358811070634291953586.jpg\" alt=\"\" class=\"wp-image-43143\" srcset=\"https:\/\/contextoanalisisperiodistico.com\/wp-content\/uploads\/2025\/06\/img-20250625-wa01358811070634291953586.jpg 800w, https:\/\/contextoanalisisperiodistico.com\/wp-content\/uploads\/2025\/06\/img-20250625-wa01358811070634291953586-300x200.jpg 300w, https:\/\/contextoanalisisperiodistico.com\/wp-content\/uploads\/2025\/06\/img-20250625-wa01358811070634291953586-768x512.jpg 768w\" sizes=\"(max-width: 800px) 100vw, 800px\" \/><\/figure>\n\n\n\n<figure class=\"wp-block-image\"><img decoding=\"async\" width=\"300\" height=\"200\" src=\"https:\/\/contextoanalisisperiodistico.com\/wp-content\/uploads\/2025\/06\/img-20250625-wa0133600228824757512052-300x200.jpg\" alt=\"\" class=\"wp-image-43144\" srcset=\"https:\/\/contextoanalisisperiodistico.com\/wp-content\/uploads\/2025\/06\/img-20250625-wa0133600228824757512052-300x200.jpg 300w, https:\/\/contextoanalisisperiodistico.com\/wp-content\/uploads\/2025\/06\/img-20250625-wa0133600228824757512052-768x512.jpg 768w, https:\/\/contextoanalisisperiodistico.com\/wp-content\/uploads\/2025\/06\/img-20250625-wa0133600228824757512052.jpg 800w\" sizes=\"(max-width: 300px) 100vw, 300px\" \/><\/figure>\n\n\n\n<figure class=\"wp-block-image\"><img decoding=\"async\" width=\"300\" height=\"200\" src=\"https:\/\/contextoanalisisperiodistico.com\/wp-content\/uploads\/2025\/06\/img-20250625-wa0136543549391379887362-300x200.jpg\" alt=\"\" class=\"wp-image-43142\" srcset=\"https:\/\/contextoanalisisperiodistico.com\/wp-content\/uploads\/2025\/06\/img-20250625-wa0136543549391379887362-300x200.jpg 300w, https:\/\/contextoanalisisperiodistico.com\/wp-content\/uploads\/2025\/06\/img-20250625-wa0136543549391379887362-768x512.jpg 768w, https:\/\/contextoanalisisperiodistico.com\/wp-content\/uploads\/2025\/06\/img-20250625-wa0136543549391379887362.jpg 800w\" sizes=\"(max-width: 300px) 100vw, 300px\" \/><\/figure>\n\n\n\n<p>Santiago Pinotepa Nacional, Oax. 25 de junio de 2025.- El Gobernador Salom\u00f3n Jara Cruz convoc\u00f3 a autoridades municipales del distrito de Jamiltepec, a estar atentos a los llamados de la Coordinaci\u00f3n de Protecci\u00f3n Civil y Gesti\u00f3n de Riesgos (CEPCyGR) ante los fen\u00f3menos naturales que se est\u00e1n formando en el Oc\u00e9ano Pac\u00edfico.<\/p>\n\n\n\n<p>Durante una reuni\u00f3n de evaluaci\u00f3n que sostuvo luego de recorrer m\u00e1s de una docena de comunidades afectadas por el hurac\u00e1n \u00abErick\u00bb, el Mandatario estatal pidi\u00f3 a las y los ediles, agentes municipales y de polic\u00eda; prepararse ante el eventual arribo de estos fen\u00f3menos.<\/p>\n\n\n\n<p>Dio a conocer que el Servicio Meteorol\u00f3gico Nacional (SMN) prev\u00e9 un nuevo cicl\u00f3n en el pa\u00eds, el cual llegar\u00eda entre el 27 de junio al 4 de julio. Detall\u00f3 que actualmente hay un 40 por ciento de probabilidades de que una zona de baja presi\u00f3n pueda convertirse en este fen\u00f3meno durante los pr\u00f3ximos 7 d\u00edas cerca de las costas de Chiapas y Oaxaca.<\/p>\n\n\n\n<p>\u00abLes pido mantenerse atentos y exhortar a la poblaci\u00f3n a extremar precauciones para evitar p\u00e9rdida de vidas humanas\u00bb, expres\u00f3 Jara Cruz al tiempo de recordar que tras el paso del hurac\u00e1n Erick afortunadamente no se registr\u00f3 el deceso de ninguna persona gracias al trabajo preventivo realizado.<\/p>\n\n\n\n<p>De esta manera llam\u00f3 a las autoridades a instalar albergues para, en caso de ser necesario, estos espacios cuenten con lo m\u00e1s indispensable. Reiter\u00f3 que el alertamiento oportuno emitido la semana pasada ante la llegada del meteoro, evit\u00f3 da\u00f1os mayores.<\/p>\n\n\n\n<p>Asimismo, el titular del Poder Ejecutivo estatal inform\u00f3 que 132 municipios est\u00e1n bajo monitoreo constante para evitar da\u00f1os mayores que pudiera causar alg\u00fan cicl\u00f3n.<\/p>\n\n\n\n<p>Finalmente sostuvo que la estrategia de atenci\u00f3n inmediata del Gobierno de Oaxaca est\u00e1 enfocada en brindar acompa\u00f1amiento a las comunidades afectadas, para restablecer los servicios b\u00e1sicos y las condiciones para normalizar las actividades en las comunidades impactadas por \u201cErick\u201d.<\/p>\n\n\n\n<p>-0-<\/p>\n","protected":false},"excerpt":{"rendered":"<p>\u2022 Detall\u00f3 que actualmente hay un 40 por ciento de probabilidades de que una zona&#8230;<\/p>\n","protected":false},"author":4,"featured_media":43141,"comment_status":"","ping_status":"open","sticky":false,"template":"","format":"standard","meta":{"footnotes":""},"categories":[9],"tags":[],"jetpack_sharing_enabled":true,"featured_image_urls":{"full":["https:\/\/contextoanalisisperiodistico.com\/wp-content\/uploads\/2025\/06\/IMG-20250625-WA0134.jpg",800,533,false],"thumbnail":["https:\/\/contextoanalisisperiodistico.com\/wp-content\/uploads\/2025\/06\/IMG-20250625-WA0134-150x150.jpg",150,150,true],"medium":["https:\/\/contextoanalisisperiodistico.com\/wp-content\/uploads\/2025\/06\/IMG-20250625-WA0134-300x200.jpg",300,200,true],"medium_large":["https:\/\/contextoanalisisperiodistico.com\/wp-content\/uploads\/2025\/06\/IMG-20250625-WA0134-768x512.jpg",640,427,true],"large":["https:\/\/contextoanalisisperiodistico.com\/wp-content\/uploads\/2025\/06\/IMG-20250625-WA0134.jpg",640,426,false],"1536x1536":["https:\/\/contextoanalisisperiodistico.com\/wp-content\/uploads\/2025\/06\/IMG-20250625-WA0134.jpg",800,533,false],"2048x2048":["https:\/\/contextoanalisisperiodistico.com\/wp-content\/uploads\/2025\/06\/IMG-20250625-WA0134.jpg",800,533,false],"covernews-slider-full":["https:\/\/contextoanalisisperiodistico.com\/wp-content\/uploads\/2025\/06\/IMG-20250625-WA0134.jpg",800,533,false],"covernews-slider-center":["https:\/\/contextoanalisisperiodistico.com\/wp-content\/uploads\/2025\/06\/IMG-20250625-WA0134-800x500.jpg",800,500,true],"covernews-featured":["https:\/\/contextoanalisisperiodistico.com\/wp-content\/uploads\/2025\/06\/IMG-20250625-WA0134.jpg",800,533,false],"covernews-medium":["https:\/\/contextoanalisisperiodistico.com\/wp-content\/uploads\/2025\/06\/IMG-20250625-WA0134-540x340.jpg",540,340,true],"covernews-medium-square":["https:\/\/contextoanalisisperiodistico.com\/wp-content\/uploads\/2025\/06\/IMG-20250625-WA0134-400x250.jpg",400,250,true]},"author_info":{"display_name":"Mario Gir\u00f3n","author_link":"https:\/\/contextoanalisisperiodistico.com\/index.php\/author\/director\/"},"category_info":"<a href=\"https:\/\/contextoanalisisperiodistico.com\/index.php\/category\/politica\/\" rel=\"category tag\">Pol\u00edtica<\/a>","tag_info":"Pol\u00edtica","comment_count":"0","jetpack_featured_media_url":"https:\/\/contextoanalisisperiodistico.com\/wp-content\/uploads\/2025\/06\/IMG-20250625-WA0134.jpg","_links":{"self":[{"href":"https:\/\/contextoanalisisperiodistico.com\/index.php\/wp-json\/wp\/v2\/posts\/43145"}],"collection":[{"href":"https:\/\/contextoanalisisperiodistico.com\/index.php\/wp-json\/wp\/v2\/posts"}],"about":[{"href":"https:\/\/contextoanalisisperiodistico.com\/index.php\/wp-json\/wp\/v2\/types\/post"}],"author":[{"embeddable":true,"href":"https:\/\/contextoanalisisperiodistico.com\/index.php\/wp-json\/wp\/v2\/users\/4"}],"replies":[{"embeddable":true,"href":"https:\/\/contextoanalisisperiodistico.com\/index.php\/wp-json\/wp\/v2\/comments?post=43145"}],"version-history":[{"count":0,"href":"https:\/\/contextoanalisisperiodistico.com\/index.php\/wp-json\/wp\/v2\/posts\/43145\/revisions"}],"wp:featuredmedia":[{"embeddable":true,"href":"https:\/\/contextoanalisisperiodistico.com\/index.php\/wp-json\/wp\/v2\/media\/43141"}],"wp:attachment":[{"href":"https:\/\/contextoanalisisperiodistico.com\/index.php\/wp-json\/wp\/v2\/media?parent=43145"}],"wp:term":[{"taxonomy":"category","embeddable":true,"href":"https:\/\/contextoanalisisperiodistico.com\/index.php\/wp-json\/wp\/v2\/categories?post=43145"},{"taxonomy":"post_tag","embeddable":true,"href":"https:\/\/contextoanalisisperiodistico.com\/index.php\/wp-json\/wp\/v2\/tags?post=43145"}],"curies":[{"name":"wp","href":"https:\/\/api.w.org\/{rel}","templated":true}]}}