{"id":43136,"date":"2025-06-25T16:36:04","date_gmt":"2025-06-25T22:36:04","guid":{"rendered":"https:\/\/contextoanalisisperiodistico.com\/index.php\/2025\/06\/25\/suma-sso-esfuerzos-para-poner-a-la-costa-en-pie-con-apoyo-a-la-poblacion-afectada-por-el-huracan-erick\/"},"modified":"2025-06-25T16:36:04","modified_gmt":"2025-06-25T22:36:04","slug":"suma-sso-esfuerzos-para-poner-a-la-costa-en-pie-con-apoyo-a-la-poblacion-afectada-por-el-huracan-erick","status":"publish","type":"post","link":"https:\/\/contextoanalisisperiodistico.com\/index.php\/2025\/06\/25\/suma-sso-esfuerzos-para-poner-a-la-costa-en-pie-con-apoyo-a-la-poblacion-afectada-por-el-huracan-erick\/","title":{"rendered":"Suma SSO esfuerzos para poner a la Costa en pie con apoyo a la poblaci\u00f3n afectada por el hurac\u00e1n \u201cErick\u201d"},"content":{"rendered":"<div id=\"fb-root\"><\/div>\n\n<p>\u2022 Con un convoy de 37 brigadas, se mantienen las acciones sanitarias en esa zona<\/p>\n\n\n\n<figure class=\"wp-block-image size-large\"><img fetchpriority=\"high\" decoding=\"async\" width=\"768\" height=\"1024\" src=\"https:\/\/contextoanalisisperiodistico.com\/wp-content\/uploads\/2025\/06\/img-20250625-wa00972319943565002719184-768x1024.jpg\" alt=\"\" class=\"wp-image-43133\" srcset=\"https:\/\/contextoanalisisperiodistico.com\/wp-content\/uploads\/2025\/06\/img-20250625-wa00972319943565002719184-768x1024.jpg 768w, https:\/\/contextoanalisisperiodistico.com\/wp-content\/uploads\/2025\/06\/img-20250625-wa00972319943565002719184-225x300.jpg 225w, https:\/\/contextoanalisisperiodistico.com\/wp-content\/uploads\/2025\/06\/img-20250625-wa00972319943565002719184.jpg 960w\" sizes=\"(max-width: 768px) 100vw, 768px\" \/><\/figure>\n\n\n\n<figure class=\"wp-block-image\"><img decoding=\"async\" width=\"1024\" height=\"473\" src=\"https:\/\/contextoanalisisperiodistico.com\/wp-content\/uploads\/2025\/06\/img-20250625-wa00963576022131649384997-1024x473.jpg\" alt=\"\" class=\"wp-image-43131\" srcset=\"https:\/\/contextoanalisisperiodistico.com\/wp-content\/uploads\/2025\/06\/img-20250625-wa00963576022131649384997-1024x473.jpg 1024w, https:\/\/contextoanalisisperiodistico.com\/wp-content\/uploads\/2025\/06\/img-20250625-wa00963576022131649384997-300x139.jpg 300w, https:\/\/contextoanalisisperiodistico.com\/wp-content\/uploads\/2025\/06\/img-20250625-wa00963576022131649384997-768x355.jpg 768w, https:\/\/contextoanalisisperiodistico.com\/wp-content\/uploads\/2025\/06\/img-20250625-wa00963576022131649384997-1536x709.jpg 1536w, https:\/\/contextoanalisisperiodistico.com\/wp-content\/uploads\/2025\/06\/img-20250625-wa00963576022131649384997.jpg 1600w\" sizes=\"(max-width: 1024px) 100vw, 1024px\" \/><\/figure>\n\n\n\n<figure class=\"wp-block-image\"><img decoding=\"async\" width=\"768\" height=\"1024\" src=\"https:\/\/contextoanalisisperiodistico.com\/wp-content\/uploads\/2025\/06\/img-20250625-wa00954264856191421372730-768x1024.jpg\" alt=\"\" class=\"wp-image-43134\" srcset=\"https:\/\/contextoanalisisperiodistico.com\/wp-content\/uploads\/2025\/06\/img-20250625-wa00954264856191421372730-768x1024.jpg 768w, https:\/\/contextoanalisisperiodistico.com\/wp-content\/uploads\/2025\/06\/img-20250625-wa00954264856191421372730-225x300.jpg 225w, https:\/\/contextoanalisisperiodistico.com\/wp-content\/uploads\/2025\/06\/img-20250625-wa00954264856191421372730-1152x1536.jpg 1152w, https:\/\/contextoanalisisperiodistico.com\/wp-content\/uploads\/2025\/06\/img-20250625-wa00954264856191421372730-1024x1365.jpg 1024w, https:\/\/contextoanalisisperiodistico.com\/wp-content\/uploads\/2025\/06\/img-20250625-wa00954264856191421372730.jpg 1200w\" sizes=\"(max-width: 768px) 100vw, 768px\" \/><\/figure>\n\n\n\n<figure class=\"wp-block-image\"><img loading=\"lazy\" decoding=\"async\" width=\"1024\" height=\"461\" src=\"https:\/\/contextoanalisisperiodistico.com\/wp-content\/uploads\/2025\/06\/img-20250625-wa00942067368313755920601-1024x461.jpg\" alt=\"\" class=\"wp-image-43130\" srcset=\"https:\/\/contextoanalisisperiodistico.com\/wp-content\/uploads\/2025\/06\/img-20250625-wa00942067368313755920601-1024x461.jpg 1024w, https:\/\/contextoanalisisperiodistico.com\/wp-content\/uploads\/2025\/06\/img-20250625-wa00942067368313755920601-300x135.jpg 300w, https:\/\/contextoanalisisperiodistico.com\/wp-content\/uploads\/2025\/06\/img-20250625-wa00942067368313755920601-768x346.jpg 768w, https:\/\/contextoanalisisperiodistico.com\/wp-content\/uploads\/2025\/06\/img-20250625-wa00942067368313755920601-1536x692.jpg 1536w, https:\/\/contextoanalisisperiodistico.com\/wp-content\/uploads\/2025\/06\/img-20250625-wa00942067368313755920601.jpg 1600w\" sizes=\"(max-width: 1024px) 100vw, 1024px\" \/><\/figure>\n\n\n\n<figure class=\"wp-block-image\"><img loading=\"lazy\" decoding=\"async\" width=\"1024\" height=\"768\" src=\"https:\/\/contextoanalisisperiodistico.com\/wp-content\/uploads\/2025\/06\/img-20250625-wa00982429318176702575613-1024x768.jpg\" alt=\"\" class=\"wp-image-43132\" srcset=\"https:\/\/contextoanalisisperiodistico.com\/wp-content\/uploads\/2025\/06\/img-20250625-wa00982429318176702575613-1024x768.jpg 1024w, https:\/\/contextoanalisisperiodistico.com\/wp-content\/uploads\/2025\/06\/img-20250625-wa00982429318176702575613-300x225.jpg 300w, https:\/\/contextoanalisisperiodistico.com\/wp-content\/uploads\/2025\/06\/img-20250625-wa00982429318176702575613-768x576.jpg 768w, https:\/\/contextoanalisisperiodistico.com\/wp-content\/uploads\/2025\/06\/img-20250625-wa00982429318176702575613-1536x1152.jpg 1536w, https:\/\/contextoanalisisperiodistico.com\/wp-content\/uploads\/2025\/06\/img-20250625-wa00982429318176702575613.jpg 1600w\" sizes=\"(max-width: 1024px) 100vw, 1024px\" \/><\/figure>\n\n\n\n<figure class=\"wp-block-image\"><img loading=\"lazy\" decoding=\"async\" width=\"1024\" height=\"684\" src=\"https:\/\/contextoanalisisperiodistico.com\/wp-content\/uploads\/2025\/06\/img-20250625-wa00997573999965812005841-1024x684.jpg\" alt=\"\" class=\"wp-image-43135\" srcset=\"https:\/\/contextoanalisisperiodistico.com\/wp-content\/uploads\/2025\/06\/img-20250625-wa00997573999965812005841-1024x684.jpg 1024w, https:\/\/contextoanalisisperiodistico.com\/wp-content\/uploads\/2025\/06\/img-20250625-wa00997573999965812005841-300x200.jpg 300w, https:\/\/contextoanalisisperiodistico.com\/wp-content\/uploads\/2025\/06\/img-20250625-wa00997573999965812005841-768x513.jpg 768w, https:\/\/contextoanalisisperiodistico.com\/wp-content\/uploads\/2025\/06\/img-20250625-wa00997573999965812005841-1536x1025.jpg 1536w, https:\/\/contextoanalisisperiodistico.com\/wp-content\/uploads\/2025\/06\/img-20250625-wa00997573999965812005841.jpg 1600w\" sizes=\"(max-width: 1024px) 100vw, 1024px\" \/><\/figure>\n\n\n\n<p>Santiago Pinotepa Nacional, Oax., 25 de junio de 2025.- En una muestra de compromiso humano y responsabilidad institucional, el Gobierno de Oaxaca a trav\u00e9s del Consejo Estatal de Protecci\u00f3n Civil y Servicios de Salud de Oaxaca (SSO), contin\u00faa reforzando las acciones para atender con urgencia y sensibilidad a las comunidades afectadas por el hurac\u00e1n \u201cErick\u201d, en la regi\u00f3n de la Costa.<\/p>\n\n\n\n<p>El titular del Sector Salud, Efr\u00e9n Emmanuel Jarqu\u00edn Gonz\u00e1lez destac\u00f3 que, por instrucci\u00f3n del Gobernador Salom\u00f3n Jara Cruz, se prioriza una respuesta integral y cercana a la poblaci\u00f3n, con la finalidad de salvaguardar el bienestar de las familias oaxaque\u00f1as que hoy enfrentan las secuelas de este fen\u00f3meno natural.<\/p>\n\n\n\n<p>Gracias al trabajo de un convoy de 37 brigadas integradas por 214 profesionales de la salud y personal especializado en atenci\u00f3n a emergencias, se han logrado realizar hasta el momento m\u00e1s de 5 mil 500 acciones en 52 localidades de 12 municipios de la Jurisdicci\u00f3n Sanitaria 4 Costa. Esto incluye mil 214 atenciones m\u00e9dicas directas a la poblaci\u00f3n.<\/p>\n\n\n\n<p>De manera paralela, la Comisi\u00f3n Estatal de Protecci\u00f3n contra Riesgos Sanitarios de Oaxaca (Coepriso) ha desplegado acciones en 22 localidades, realizando 2 mil 278 intervenciones sanitarias; mientras que el componente de Vigilancia Epidemiol\u00f3gica ha activado mil 445 acciones preventivas, como monitoreo de riesgos, vigilancia activa y control de vectores.<\/p>\n\n\n\n<p>Asimismo, se implementaron estrategias de termonebulizaci\u00f3n y jornadas de patio limpio para evitar la proliferaci\u00f3n del mosquito Aedes aegypti, transmisor del dengue, zika y chikungunya.<\/p>\n\n\n\n<p>A estas labores se suman 386 actividades de promoci\u00f3n a la salud, entre capacitaciones, talleres y pl\u00e1ticas sobre saneamiento b\u00e1sico, lo que ha permitido mantener cero brotes epidemiol\u00f3gicos en la zona afectada.<\/p>\n\n\n\n<p>Para fortalecer la capacidad de atenci\u00f3n m\u00e9dica, se entregaron paquetes de medicamentos e insumos esenciales a las cabeceras municipales m\u00e1s afectadas, garantizando el abasto oportuno y directo.<\/p>\n\n\n\n<p>Adem\u00e1s, se activ\u00f3 un operativo de salud en nueve refugios temporales, donde actualmente se brinda atenci\u00f3n integral a 517 personas que permanecen bajo resguardo.<\/p>\n\n\n\n<p>SSO reafirma su compromiso de estar en territorio, trabajando hombro con hombro con las comunidades, demostrando que la reconstrucci\u00f3n de la Costa oaxaque\u00f1a es posible cuando se act\u00faa con responsabilidad, unidad y sentido humano.<\/p>\n\n\n\n<p>-0-<\/p>\n","protected":false},"excerpt":{"rendered":"<p>\u2022 Con un convoy de 37 brigadas, se mantienen las acciones sanitarias en esa zona&#8230;<\/p>\n","protected":false},"author":4,"featured_media":43129,"comment_status":"","ping_status":"open","sticky":false,"template":"","format":"standard","meta":{"footnotes":""},"categories":[92],"tags":[],"jetpack_sharing_enabled":true,"featured_image_urls":{"full":["https:\/\/contextoanalisisperiodistico.com\/wp-content\/uploads\/2025\/06\/IMG-20250625-WA0093.jpg",1600,721,false],"thumbnail":["https:\/\/contextoanalisisperiodistico.com\/wp-content\/uploads\/2025\/06\/IMG-20250625-WA0093-150x150.jpg",150,150,true],"medium":["https:\/\/contextoanalisisperiodistico.com\/wp-content\/uploads\/2025\/06\/IMG-20250625-WA0093-300x135.jpg",300,135,true],"medium_large":["https:\/\/contextoanalisisperiodistico.com\/wp-content\/uploads\/2025\/06\/IMG-20250625-WA0093-768x346.jpg",640,288,true],"large":["https:\/\/contextoanalisisperiodistico.com\/wp-content\/uploads\/2025\/06\/IMG-20250625-WA0093-1024x461.jpg",640,288,true],"1536x1536":["https:\/\/contextoanalisisperiodistico.com\/wp-content\/uploads\/2025\/06\/IMG-20250625-WA0093-1536x692.jpg",1536,692,true],"2048x2048":["https:\/\/contextoanalisisperiodistico.com\/wp-content\/uploads\/2025\/06\/IMG-20250625-WA0093.jpg",1600,721,false],"covernews-slider-full":["https:\/\/contextoanalisisperiodistico.com\/wp-content\/uploads\/2025\/06\/IMG-20250625-WA0093-1115x715.jpg",1115,715,true],"covernews-slider-center":["https:\/\/contextoanalisisperiodistico.com\/wp-content\/uploads\/2025\/06\/IMG-20250625-WA0093-800x500.jpg",800,500,true],"covernews-featured":["https:\/\/contextoanalisisperiodistico.com\/wp-content\/uploads\/2025\/06\/IMG-20250625-WA0093-1024x461.jpg",1024,461,true],"covernews-medium":["https:\/\/contextoanalisisperiodistico.com\/wp-content\/uploads\/2025\/06\/IMG-20250625-WA0093-540x340.jpg",540,340,true],"covernews-medium-square":["https:\/\/contextoanalisisperiodistico.com\/wp-content\/uploads\/2025\/06\/IMG-20250625-WA0093-400x250.jpg",400,250,true]},"author_info":{"display_name":"Mario Gir\u00f3n","author_link":"https:\/\/contextoanalisisperiodistico.com\/index.php\/author\/director\/"},"category_info":"<a href=\"https:\/\/contextoanalisisperiodistico.com\/index.php\/category\/salud\/\" rel=\"category tag\">Salud<\/a>","tag_info":"Salud","comment_count":"0","jetpack_featured_media_url":"https:\/\/contextoanalisisperiodistico.com\/wp-content\/uploads\/2025\/06\/IMG-20250625-WA0093.jpg","_links":{"self":[{"href":"https:\/\/contextoanalisisperiodistico.com\/index.php\/wp-json\/wp\/v2\/posts\/43136"}],"collection":[{"href":"https:\/\/contextoanalisisperiodistico.com\/index.php\/wp-json\/wp\/v2\/posts"}],"about":[{"href":"https:\/\/contextoanalisisperiodistico.com\/index.php\/wp-json\/wp\/v2\/types\/post"}],"author":[{"embeddable":true,"href":"https:\/\/contextoanalisisperiodistico.com\/index.php\/wp-json\/wp\/v2\/users\/4"}],"replies":[{"embeddable":true,"href":"https:\/\/contextoanalisisperiodistico.com\/index.php\/wp-json\/wp\/v2\/comments?post=43136"}],"version-history":[{"count":0,"href":"https:\/\/contextoanalisisperiodistico.com\/index.php\/wp-json\/wp\/v2\/posts\/43136\/revisions"}],"wp:featuredmedia":[{"embeddable":true,"href":"https:\/\/contextoanalisisperiodistico.com\/index.php\/wp-json\/wp\/v2\/media\/43129"}],"wp:attachment":[{"href":"https:\/\/contextoanalisisperiodistico.com\/index.php\/wp-json\/wp\/v2\/media?parent=43136"}],"wp:term":[{"taxonomy":"category","embeddable":true,"href":"https:\/\/contextoanalisisperiodistico.com\/index.php\/wp-json\/wp\/v2\/categories?post=43136"},{"taxonomy":"post_tag","embeddable":true,"href":"https:\/\/contextoanalisisperiodistico.com\/index.php\/wp-json\/wp\/v2\/tags?post=43136"}],"curies":[{"name":"wp","href":"https:\/\/api.w.org\/{rel}","templated":true}]}}