{"id":43090,"date":"2025-06-24T15:46:37","date_gmt":"2025-06-24T21:46:37","guid":{"rendered":"https:\/\/contextoanalisisperiodistico.com\/?p=43090"},"modified":"2025-06-24T15:47:17","modified_gmt":"2025-06-24T21:47:17","slug":"ray-chagoya-presenta-donaji-la-leyenda-2025-orgullo-y-tradicion-en-escena","status":"publish","type":"post","link":"https:\/\/contextoanalisisperiodistico.com\/index.php\/2025\/06\/24\/ray-chagoya-presenta-donaji-la-leyenda-2025-orgullo-y-tradicion-en-escena\/","title":{"rendered":"Ray Chagoya presenta Donaj\u00ed\u2026 La Leyenda 2025: orgullo y tradici\u00f3n en escena"},"content":{"rendered":"<div id=\"fb-root\"><\/div>\n\n<ul class=\"wp-block-list\">\n<li>Este fin de semana se realizar\u00e1 el Festival de Culturas Vivas, con actividades en San Mart\u00edn Mexicapam<\/li>\n<\/ul>\n\n\n\n<figure class=\"wp-block-image size-large\"><img fetchpriority=\"high\" decoding=\"async\" width=\"1024\" height=\"682\" src=\"https:\/\/contextoanalisisperiodistico.com\/wp-content\/uploads\/2025\/06\/img-20250624-wa00726518103405167826346-1024x682.jpg\" alt=\"\" class=\"wp-image-43085\" srcset=\"https:\/\/contextoanalisisperiodistico.com\/wp-content\/uploads\/2025\/06\/img-20250624-wa00726518103405167826346-1024x682.jpg 1024w, https:\/\/contextoanalisisperiodistico.com\/wp-content\/uploads\/2025\/06\/img-20250624-wa00726518103405167826346-300x200.jpg 300w, https:\/\/contextoanalisisperiodistico.com\/wp-content\/uploads\/2025\/06\/img-20250624-wa00726518103405167826346-768x512.jpg 768w, https:\/\/contextoanalisisperiodistico.com\/wp-content\/uploads\/2025\/06\/img-20250624-wa00726518103405167826346.jpg 1280w\" sizes=\"(max-width: 1024px) 100vw, 1024px\" \/><\/figure>\n\n\n\n<figure class=\"wp-block-video\"><video controls src=\"https:\/\/contextoanalisisperiodistico.com\/wp-content\/uploads\/2025\/06\/VID-20250624-WA0044.mp4\"><\/video><\/figure>\n\n\n\n<figure class=\"wp-block-image size-large\"><img decoding=\"async\" width=\"1024\" height=\"683\" src=\"https:\/\/contextoanalisisperiodistico.com\/wp-content\/uploads\/2025\/06\/img-20250624-wa00713525002357402569795-1024x683.jpg\" alt=\"\" class=\"wp-image-43087\" srcset=\"https:\/\/contextoanalisisperiodistico.com\/wp-content\/uploads\/2025\/06\/img-20250624-wa00713525002357402569795-1024x683.jpg 1024w, https:\/\/contextoanalisisperiodistico.com\/wp-content\/uploads\/2025\/06\/img-20250624-wa00713525002357402569795-300x200.jpg 300w, https:\/\/contextoanalisisperiodistico.com\/wp-content\/uploads\/2025\/06\/img-20250624-wa00713525002357402569795-768x512.jpg 768w, https:\/\/contextoanalisisperiodistico.com\/wp-content\/uploads\/2025\/06\/img-20250624-wa00713525002357402569795.jpg 1040w\" sizes=\"(max-width: 1024px) 100vw, 1024px\" \/><\/figure>\n\n\n\n<figure class=\"wp-block-image\"><img decoding=\"async\" width=\"1024\" height=\"681\" src=\"https:\/\/contextoanalisisperiodistico.com\/wp-content\/uploads\/2025\/06\/img-20250624-wa00734455523912507951375-1024x681.jpg\" alt=\"\" class=\"wp-image-43088\" srcset=\"https:\/\/contextoanalisisperiodistico.com\/wp-content\/uploads\/2025\/06\/img-20250624-wa00734455523912507951375-1024x681.jpg 1024w, https:\/\/contextoanalisisperiodistico.com\/wp-content\/uploads\/2025\/06\/img-20250624-wa00734455523912507951375-300x199.jpg 300w, https:\/\/contextoanalisisperiodistico.com\/wp-content\/uploads\/2025\/06\/img-20250624-wa00734455523912507951375-768x510.jpg 768w, https:\/\/contextoanalisisperiodistico.com\/wp-content\/uploads\/2025\/06\/img-20250624-wa00734455523912507951375.jpg 1440w\" sizes=\"(max-width: 1024px) 100vw, 1024px\" \/><\/figure>\n\n\n\n<figure class=\"wp-block-image size-large\"><img loading=\"lazy\" decoding=\"async\" width=\"683\" height=\"1024\" src=\"https:\/\/contextoanalisisperiodistico.com\/wp-content\/uploads\/2025\/06\/img-20250624-wa00767081495974712155201-683x1024.jpg\" alt=\"\" class=\"wp-image-43089\" srcset=\"https:\/\/contextoanalisisperiodistico.com\/wp-content\/uploads\/2025\/06\/img-20250624-wa00767081495974712155201-683x1024.jpg 683w, https:\/\/contextoanalisisperiodistico.com\/wp-content\/uploads\/2025\/06\/img-20250624-wa00767081495974712155201-200x300.jpg 200w, https:\/\/contextoanalisisperiodistico.com\/wp-content\/uploads\/2025\/06\/img-20250624-wa00767081495974712155201-768x1152.jpg 768w, https:\/\/contextoanalisisperiodistico.com\/wp-content\/uploads\/2025\/06\/img-20250624-wa00767081495974712155201.jpg 886w\" sizes=\"(max-width: 683px) 100vw, 683px\" \/><\/figure>\n\n\n\n<p>Oaxaca de Ju\u00e1rez, Oax., 24 de junio de 2025.\u2013 De cara a las festividades de julio, Mes de la Guelaguetza, el Presidente Municipal Ray Chagoya present\u00f3 el espect\u00e1culo Donaj\u00ed\u2026 La Leyenda 2025 y el Festival de Culturas Vivas, dos eventos que reafirman el orgullo, la historia y la riqueza cultural de Oaxaca de Ju\u00e1rez.<\/p>\n\n\n\n<p>El edil capitalino subray\u00f3 que esta administraci\u00f3n impulsa con determinaci\u00f3n la cultura como un eje de desarrollo social y cohesi\u00f3n comunitaria. Se\u00f1al\u00f3 que estos eventos son reflejo del compromiso de acercar el arte, la historia y la tradici\u00f3n a todas las agencias municipales y a las y los habitantes de la ciudad.<\/p>\n\n\n\n<p>Durante su intervenci\u00f3n, el maestro Fernando Rosales, director del Ballet Folkl\u00f3rico de Oaxaca, resalt\u00f3 la trascendencia de Donaj\u00ed\u2026 La Leyenda como una puesta en escena que ha perdurado a lo largo de los a\u00f1os, preservando el esp\u00edritu de los pueblos originarios mediante una narrativa emotiva y visualmente impactante que honra nuestras ra\u00edces.<\/p>\n\n\n\n<p>Donaj\u00ed\u2026 La Leyenda se presentar\u00e1 los d\u00edas 20 y 27 de julio a las 20:00 horas en el Auditorio Guelaguetza. La ciudadan\u00eda podr\u00e1 acceder de manera gratuita a los palcos C y D, mientras que los boletos para los palcos A y B ya est\u00e1n disponibles a trav\u00e9s del sistema Superboletos.<\/p>\n\n\n\n<p>En la misma conferencia de prensa tambi\u00e9n se present\u00f3 el Festival de Culturas Vivas, que ofrecer\u00e1 una cartelera diversa de actividades art\u00edsticas, musicales y de di\u00e1logo intercultural. Este encuentro cultural tendr\u00e1 como sede la agencia municipal de San Mart\u00edn Mexicapam, con el objetivo de visibilizar y celebrar la diversidad que da vida a la capital oaxaque\u00f1a.<\/p>\n\n\n\n<p>Ambos eventos cuentan con el respaldo del Gobierno del Estado y la participaci\u00f3n de comunidades art\u00edsticas y vecinas y vecinos.<\/p>\n","protected":false},"excerpt":{"rendered":"<p>Oaxaca de Ju\u00e1rez, Oax., 24 de junio de 2025.\u2013 De cara a las festividades de&#8230;<\/p>\n","protected":false},"author":4,"featured_media":43084,"comment_status":"closed","ping_status":"open","sticky":false,"template":"","format":"standard","meta":{"footnotes":""},"categories":[9],"tags":[178,235,234,45],"jetpack_sharing_enabled":true,"featured_image_urls":{"full":["https:\/\/contextoanalisisperiodistico.com\/wp-content\/uploads\/2025\/06\/IMG-20250624-WA0074.jpg",1280,853,false],"thumbnail":["https:\/\/contextoanalisisperiodistico.com\/wp-content\/uploads\/2025\/06\/IMG-20250624-WA0074-150x150.jpg",150,150,true],"medium":["https:\/\/contextoanalisisperiodistico.com\/wp-content\/uploads\/2025\/06\/IMG-20250624-WA0074-300x200.jpg",300,200,true],"medium_large":["https:\/\/contextoanalisisperiodistico.com\/wp-content\/uploads\/2025\/06\/IMG-20250624-WA0074-768x512.jpg",640,427,true],"large":["https:\/\/contextoanalisisperiodistico.com\/wp-content\/uploads\/2025\/06\/IMG-20250624-WA0074-1024x682.jpg",640,426,true],"1536x1536":["https:\/\/contextoanalisisperiodistico.com\/wp-content\/uploads\/2025\/06\/IMG-20250624-WA0074.jpg",1280,853,false],"2048x2048":["https:\/\/contextoanalisisperiodistico.com\/wp-content\/uploads\/2025\/06\/IMG-20250624-WA0074.jpg",1280,853,false],"covernews-slider-full":["https:\/\/contextoanalisisperiodistico.com\/wp-content\/uploads\/2025\/06\/IMG-20250624-WA0074-1115x715.jpg",1115,715,true],"covernews-slider-center":["https:\/\/contextoanalisisperiodistico.com\/wp-content\/uploads\/2025\/06\/IMG-20250624-WA0074-800x500.jpg",800,500,true],"covernews-featured":["https:\/\/contextoanalisisperiodistico.com\/wp-content\/uploads\/2025\/06\/IMG-20250624-WA0074-1024x682.jpg",1024,682,true],"covernews-medium":["https:\/\/contextoanalisisperiodistico.com\/wp-content\/uploads\/2025\/06\/IMG-20250624-WA0074-540x340.jpg",540,340,true],"covernews-medium-square":["https:\/\/contextoanalisisperiodistico.com\/wp-content\/uploads\/2025\/06\/IMG-20250624-WA0074-400x250.jpg",400,250,true]},"author_info":{"display_name":"Mario Gir\u00f3n","author_link":"https:\/\/contextoanalisisperiodistico.com\/index.php\/author\/director\/"},"category_info":"<a href=\"https:\/\/contextoanalisisperiodistico.com\/index.php\/category\/politica\/\" rel=\"category tag\">Pol\u00edtica<\/a>","tag_info":"Pol\u00edtica","comment_count":"0","jetpack_featured_media_url":"https:\/\/contextoanalisisperiodistico.com\/wp-content\/uploads\/2025\/06\/IMG-20250624-WA0074.jpg","_links":{"self":[{"href":"https:\/\/contextoanalisisperiodistico.com\/index.php\/wp-json\/wp\/v2\/posts\/43090"}],"collection":[{"href":"https:\/\/contextoanalisisperiodistico.com\/index.php\/wp-json\/wp\/v2\/posts"}],"about":[{"href":"https:\/\/contextoanalisisperiodistico.com\/index.php\/wp-json\/wp\/v2\/types\/post"}],"author":[{"embeddable":true,"href":"https:\/\/contextoanalisisperiodistico.com\/index.php\/wp-json\/wp\/v2\/users\/4"}],"replies":[{"embeddable":true,"href":"https:\/\/contextoanalisisperiodistico.com\/index.php\/wp-json\/wp\/v2\/comments?post=43090"}],"version-history":[{"count":1,"href":"https:\/\/contextoanalisisperiodistico.com\/index.php\/wp-json\/wp\/v2\/posts\/43090\/revisions"}],"predecessor-version":[{"id":43091,"href":"https:\/\/contextoanalisisperiodistico.com\/index.php\/wp-json\/wp\/v2\/posts\/43090\/revisions\/43091"}],"wp:featuredmedia":[{"embeddable":true,"href":"https:\/\/contextoanalisisperiodistico.com\/index.php\/wp-json\/wp\/v2\/media\/43084"}],"wp:attachment":[{"href":"https:\/\/contextoanalisisperiodistico.com\/index.php\/wp-json\/wp\/v2\/media?parent=43090"}],"wp:term":[{"taxonomy":"category","embeddable":true,"href":"https:\/\/contextoanalisisperiodistico.com\/index.php\/wp-json\/wp\/v2\/categories?post=43090"},{"taxonomy":"post_tag","embeddable":true,"href":"https:\/\/contextoanalisisperiodistico.com\/index.php\/wp-json\/wp\/v2\/tags?post=43090"}],"curies":[{"name":"wp","href":"https:\/\/api.w.org\/{rel}","templated":true}]}}