{"id":43070,"date":"2025-06-24T15:13:43","date_gmt":"2025-06-24T21:13:43","guid":{"rendered":"https:\/\/contextoanalisisperiodistico.com\/index.php\/2025\/06\/24\/buzon-vecinal-modelo-innovador-de-expresion-y-gobernanza-municipal-antonio-alvarez-martinez\/"},"modified":"2025-06-24T15:13:43","modified_gmt":"2025-06-24T21:13:43","slug":"buzon-vecinal-modelo-innovador-de-expresion-y-gobernanza-municipal-antonio-alvarez-martinez","status":"publish","type":"post","link":"https:\/\/contextoanalisisperiodistico.com\/index.php\/2025\/06\/24\/buzon-vecinal-modelo-innovador-de-expresion-y-gobernanza-municipal-antonio-alvarez-martinez\/","title":{"rendered":"Buz\u00f3n Vecinal, modelo innovador de expresi\u00f3n y gobernanza municipal: Antonio \u00c1lvarez Mart\u00ednez"},"content":{"rendered":"<div id=\"fb-root\"><\/div>\n\n<p>*El de Oaxaca de Ju\u00e1rez, un gobierno de territorio; Ray Chagoya, presidente municipal que sabe o\u00edr, atiende y trabaja de manera cercana y permanente con los capitalinos, reconoce el Regidor del Centro Hist\u00f3rico y Patrimonio Mundial<\/p>\n\n\n\n<p>*El Buz\u00f3n Vecinal es complemento de los Di\u00e1logos Vecinales: Ray Chagoya<\/p>\n\n\n\n<p>Mario GIR\u00d3N<\/p>\n\n\n\n<p>Con la implementaci\u00f3n del programa \u201cBuz\u00f3n Vecinal\u201d, se reitera la convicci\u00f3n de esta administraci\u00f3n municipal de que un gobierno que escucha, es un gobierno que responde, se\u00f1al\u00f3 en Sesi\u00f3n de Cabildo, el Regidor del Centro Hist\u00f3rico y Patrimonio Mundial del Ayuntamiento capitalino, Antonio \u00c1lvarez Mart\u00ednez.Record\u00f3, que el programa Buz\u00f3n Vecinal, fu\u00e9 una<br \/>propuesta presentada por la regidur\u00eda a su cargo, al seno del Cabildo, el pasado 18 de marzo, impulsada por la firme convicci\u00f3n de que un gobierno cercano y receptivo es la clave para construir una comunidad fuerte y participativa.<\/p>\n\n\n\n<p>Record\u00f3, que el programa Buz\u00f3n Vecinal, fu\u00e9 una propuesta presentada por la regidur\u00eda a su cargo, al seno del Cabildo, el pasado 18 de marzo, impulsada por la firme convicci\u00f3n de que un gobierno cercano y receptivo es la clave para construir una comunidad fuerte y participativa.<\/p>\n\n\n\n<p>Por ello, reconoci\u00f3 la sensibilidad del gobierno de Ray Chagoya, al adoptar<br \/>una herramienta valiosa para recoger las voces, opiniones y propuestas de los habitantes de Oaxaca de Ju\u00e1rez.<\/p>\n\n\n\n<p>Mencion\u00f3 que el \u201cBuz\u00f3n Vecinal\u201d es un programa que permitir\u00e1 a cada ciudadano expresar sus propuestas, necesidades y sugerencias de manera directa y efectiva, adem\u00e1s de ser un canal abierto para el di\u00e1logo, un puente que acerca el gobierno a la ciudadan\u00eda y fomenta una cultura de participaci\u00f3n activa.<\/p>\n\n\n\n<p>Agreg\u00f3 que adem\u00e1s de los buzones f\u00edsicos colocados en la sede del gobierno de la ciudad, en las 13 agencias municipales, se ha habilitado un buz\u00f3n digital, accesible desde cualquier lugar a trav\u00e9s del enlace bit.ly\/4l6CLB8, garantizando que la participaci\u00f3n sea inclusiva y conveniente para todos.El \u00abBuz\u00f3n Vecinal\u00bb permitir\u00e1 a los ciudadanos expresar sus inquietudes, sugerencias y quejas de<br \/>manera directa y accesible, lo que a su vez proporcionar\u00e1 al Ayuntamiento informaci\u00f3n<br \/>relevante para la toma de decisiones y la mejora de los servicios p\u00fablicos.<\/p>\n\n\n\n<p>El \u00abBuz\u00f3n Vecinal\u00bb permitir\u00e1 a los ciudadanos expresar sus inquietudes, sugerencias y quejas de manera directa y accesible, lo que a su vez proporcionar\u00e1 al Ayuntamiento informaci\u00f3n<br \/>relevante para la toma de decisiones y la mejora de los servicios p\u00fablicos.<\/p>\n\n\n\n<figure class=\"wp-block-video\"><video controls src=\"https:\/\/contextoanalisisperiodistico.com\/wp-content\/uploads\/2025\/06\/VID20250624103248.mp4\"><\/video><\/figure>\n\n\n\n<ul class=\"wp-block-list\">\n<li><\/li>\n<\/ul>\n\n\n\n<figure class=\"wp-block-video\"><video controls src=\"https:\/\/contextoanalisisperiodistico.com\/wp-content\/uploads\/2025\/06\/VID20250624104534.mp4\"><\/video><figcaption class=\"wp-element-caption\">Ray Chagoya: Buz\u00f3n Vecinal, complemento de Di\u00e1logos Vecinales <\/figcaption><\/figure>\n\n\n\n<figure class=\"wp-block-image size-large\"><img fetchpriority=\"high\" decoding=\"async\" width=\"769\" height=\"1024\" src=\"https:\/\/contextoanalisisperiodistico.com\/wp-content\/uploads\/2025\/06\/img-20250624-wa00291725996331137661835-769x1024.jpg\" alt=\"\" class=\"wp-image-43069\" srcset=\"https:\/\/contextoanalisisperiodistico.com\/wp-content\/uploads\/2025\/06\/img-20250624-wa00291725996331137661835-769x1024.jpg 769w, https:\/\/contextoanalisisperiodistico.com\/wp-content\/uploads\/2025\/06\/img-20250624-wa00291725996331137661835-225x300.jpg 225w, https:\/\/contextoanalisisperiodistico.com\/wp-content\/uploads\/2025\/06\/img-20250624-wa00291725996331137661835-768x1023.jpg 768w, https:\/\/contextoanalisisperiodistico.com\/wp-content\/uploads\/2025\/06\/img-20250624-wa00291725996331137661835-1153x1536.jpg 1153w, https:\/\/contextoanalisisperiodistico.com\/wp-content\/uploads\/2025\/06\/img-20250624-wa00291725996331137661835-1024x1364.jpg 1024w, https:\/\/contextoanalisisperiodistico.com\/wp-content\/uploads\/2025\/06\/img-20250624-wa00291725996331137661835.jpg 1201w\" sizes=\"(max-width: 769px) 100vw, 769px\" \/><\/figure>\n","protected":false},"excerpt":{"rendered":"<p>*El de Oaxaca de Ju\u00e1rez, un gobierno de territorio; Ray Chagoya, presidente municipal que sabe&#8230;<\/p>\n","protected":false},"author":4,"featured_media":43066,"comment_status":"","ping_status":"open","sticky":false,"template":"","format":"standard","meta":{"footnotes":""},"categories":[9],"tags":[295,178,235,234,45],"jetpack_sharing_enabled":true,"featured_image_urls":{"full":["https:\/\/contextoanalisisperiodistico.com\/wp-content\/uploads\/2025\/06\/IMG_20250624_145544.jpg",701,849,false],"thumbnail":["https:\/\/contextoanalisisperiodistico.com\/wp-content\/uploads\/2025\/06\/IMG_20250624_145544-150x150.jpg",150,150,true],"medium":["https:\/\/contextoanalisisperiodistico.com\/wp-content\/uploads\/2025\/06\/IMG_20250624_145544-248x300.jpg",248,300,true],"medium_large":["https:\/\/contextoanalisisperiodistico.com\/wp-content\/uploads\/2025\/06\/IMG_20250624_145544.jpg",640,775,false],"large":["https:\/\/contextoanalisisperiodistico.com\/wp-content\/uploads\/2025\/06\/IMG_20250624_145544.jpg",640,775,false],"1536x1536":["https:\/\/contextoanalisisperiodistico.com\/wp-content\/uploads\/2025\/06\/IMG_20250624_145544.jpg",701,849,false],"2048x2048":["https:\/\/contextoanalisisperiodistico.com\/wp-content\/uploads\/2025\/06\/IMG_20250624_145544.jpg",701,849,false],"covernews-slider-full":["https:\/\/contextoanalisisperiodistico.com\/wp-content\/uploads\/2025\/06\/IMG_20250624_145544-701x715.jpg",701,715,true],"covernews-slider-center":["https:\/\/contextoanalisisperiodistico.com\/wp-content\/uploads\/2025\/06\/IMG_20250624_145544-701x500.jpg",701,500,true],"covernews-featured":["https:\/\/contextoanalisisperiodistico.com\/wp-content\/uploads\/2025\/06\/IMG_20250624_145544.jpg",701,849,false],"covernews-medium":["https:\/\/contextoanalisisperiodistico.com\/wp-content\/uploads\/2025\/06\/IMG_20250624_145544-540x340.jpg",540,340,true],"covernews-medium-square":["https:\/\/contextoanalisisperiodistico.com\/wp-content\/uploads\/2025\/06\/IMG_20250624_145544-400x250.jpg",400,250,true]},"author_info":{"display_name":"Mario Gir\u00f3n","author_link":"https:\/\/contextoanalisisperiodistico.com\/index.php\/author\/director\/"},"category_info":"<a href=\"https:\/\/contextoanalisisperiodistico.com\/index.php\/category\/politica\/\" rel=\"category tag\">Pol\u00edtica<\/a>","tag_info":"Pol\u00edtica","comment_count":"0","jetpack_featured_media_url":"https:\/\/contextoanalisisperiodistico.com\/wp-content\/uploads\/2025\/06\/IMG_20250624_145544.jpg","_links":{"self":[{"href":"https:\/\/contextoanalisisperiodistico.com\/index.php\/wp-json\/wp\/v2\/posts\/43070"}],"collection":[{"href":"https:\/\/contextoanalisisperiodistico.com\/index.php\/wp-json\/wp\/v2\/posts"}],"about":[{"href":"https:\/\/contextoanalisisperiodistico.com\/index.php\/wp-json\/wp\/v2\/types\/post"}],"author":[{"embeddable":true,"href":"https:\/\/contextoanalisisperiodistico.com\/index.php\/wp-json\/wp\/v2\/users\/4"}],"replies":[{"embeddable":true,"href":"https:\/\/contextoanalisisperiodistico.com\/index.php\/wp-json\/wp\/v2\/comments?post=43070"}],"version-history":[{"count":0,"href":"https:\/\/contextoanalisisperiodistico.com\/index.php\/wp-json\/wp\/v2\/posts\/43070\/revisions"}],"wp:featuredmedia":[{"embeddable":true,"href":"https:\/\/contextoanalisisperiodistico.com\/index.php\/wp-json\/wp\/v2\/media\/43066"}],"wp:attachment":[{"href":"https:\/\/contextoanalisisperiodistico.com\/index.php\/wp-json\/wp\/v2\/media?parent=43070"}],"wp:term":[{"taxonomy":"category","embeddable":true,"href":"https:\/\/contextoanalisisperiodistico.com\/index.php\/wp-json\/wp\/v2\/categories?post=43070"},{"taxonomy":"post_tag","embeddable":true,"href":"https:\/\/contextoanalisisperiodistico.com\/index.php\/wp-json\/wp\/v2\/tags?post=43070"}],"curies":[{"name":"wp","href":"https:\/\/api.w.org\/{rel}","templated":true}]}}