{"id":43045,"date":"2025-06-23T16:05:28","date_gmt":"2025-06-23T22:05:28","guid":{"rendered":"https:\/\/contextoanalisisperiodistico.com\/index.php\/2025\/06\/23\/aumenta-gobierno-de-oaxaca-oportunidades-de-emprendedoras-con-entrega-de-cheques-mujer-primavera-creditos-a-la-palabra\/"},"modified":"2025-06-23T16:07:59","modified_gmt":"2025-06-23T22:07:59","slug":"aumenta-gobierno-de-oaxaca-oportunidades-de-emprendedoras-con-entrega-de-cheques-mujer-primavera-creditos-a-la-palabra","status":"publish","type":"post","link":"https:\/\/contextoanalisisperiodistico.com\/index.php\/2025\/06\/23\/aumenta-gobierno-de-oaxaca-oportunidades-de-emprendedoras-con-entrega-de-cheques-mujer-primavera-creditos-a-la-palabra\/","title":{"rendered":"Gobierno de Oaxaca entrega a emprendedoras cheques Mujer Primavera, Cr\u00e9ditos a la Palabra"},"content":{"rendered":"<div id=\"fb-root\"><\/div>\n\n<p>\u2022 El Mandatario Salom\u00f3n Jara dio los primeros apoyos con los cuales, dijo, no solo se desarrollan las beneficiarias, tambi\u00e9n, sus familias y la sociedad en general<\/p>\n\n\n\n<figure class=\"wp-block-image size-large\"><img fetchpriority=\"high\" decoding=\"async\" width=\"1024\" height=\"682\" src=\"https:\/\/contextoanalisisperiodistico.com\/wp-content\/uploads\/2025\/06\/img-20250623-wa00803209223961541913718-1024x682.jpg\" alt=\"\" class=\"wp-image-43042\" srcset=\"https:\/\/contextoanalisisperiodistico.com\/wp-content\/uploads\/2025\/06\/img-20250623-wa00803209223961541913718-1024x682.jpg 1024w, https:\/\/contextoanalisisperiodistico.com\/wp-content\/uploads\/2025\/06\/img-20250623-wa00803209223961541913718-300x200.jpg 300w, https:\/\/contextoanalisisperiodistico.com\/wp-content\/uploads\/2025\/06\/img-20250623-wa00803209223961541913718-768x512.jpg 768w, https:\/\/contextoanalisisperiodistico.com\/wp-content\/uploads\/2025\/06\/img-20250623-wa00803209223961541913718.jpg 1280w\" sizes=\"(max-width: 1024px) 100vw, 1024px\" \/><\/figure>\n\n\n\n<figure class=\"wp-block-image\"><img decoding=\"async\" width=\"1024\" height=\"682\" src=\"https:\/\/contextoanalisisperiodistico.com\/wp-content\/uploads\/2025\/06\/img-20250623-wa00773619055889274399761-1024x682.jpg\" alt=\"\" class=\"wp-image-43043\" srcset=\"https:\/\/contextoanalisisperiodistico.com\/wp-content\/uploads\/2025\/06\/img-20250623-wa00773619055889274399761-1024x682.jpg 1024w, https:\/\/contextoanalisisperiodistico.com\/wp-content\/uploads\/2025\/06\/img-20250623-wa00773619055889274399761-300x200.jpg 300w, https:\/\/contextoanalisisperiodistico.com\/wp-content\/uploads\/2025\/06\/img-20250623-wa00773619055889274399761-768x512.jpg 768w, https:\/\/contextoanalisisperiodistico.com\/wp-content\/uploads\/2025\/06\/img-20250623-wa00773619055889274399761.jpg 1280w\" sizes=\"(max-width: 1024px) 100vw, 1024px\" \/><\/figure>\n\n\n\n<figure class=\"wp-block-image\"><img decoding=\"async\" width=\"1024\" height=\"682\" src=\"https:\/\/contextoanalisisperiodistico.com\/wp-content\/uploads\/2025\/06\/img-20250623-wa00787803496547748184058-1024x682.jpg\" alt=\"\" class=\"wp-image-43044\" srcset=\"https:\/\/contextoanalisisperiodistico.com\/wp-content\/uploads\/2025\/06\/img-20250623-wa00787803496547748184058-1024x682.jpg 1024w, https:\/\/contextoanalisisperiodistico.com\/wp-content\/uploads\/2025\/06\/img-20250623-wa00787803496547748184058-300x200.jpg 300w, https:\/\/contextoanalisisperiodistico.com\/wp-content\/uploads\/2025\/06\/img-20250623-wa00787803496547748184058-768x512.jpg 768w, https:\/\/contextoanalisisperiodistico.com\/wp-content\/uploads\/2025\/06\/img-20250623-wa00787803496547748184058.jpg 1280w\" sizes=\"(max-width: 1024px) 100vw, 1024px\" \/><\/figure>\n\n\n\n<p>\u2022 En este a\u00f1o se otorgar\u00e1n 9 mil 500 financiamientos en todo el estado<\/p>\n\n\n\n<p>Santa Luc\u00eda del Camino, Oax. 23 de junio de 2025.- Con una inversi\u00f3n de 5.5 millones de pesos, el Gobernador Salom\u00f3n Jara Cruz entreg\u00f3 los primeros mil 112 cheques del programa Mujer Primavera, Cr\u00e9ditos a la Palabra; para impulsar a emprendedoras locales de Oaxaca de Ju\u00e1rez, Santa Luc\u00eda del Camino, Santa Cruz Xoxocotl\u00e1n y San Antonio de la Cal.<\/p>\n\n\n\n<p>En el evento realizado en el Centro Cultural y de Convenciones de Oaxaca (CCCO), el titular del Poder Ejecutivo Estatal afirm\u00f3 que esta iniciativa refleja los principios de la Primavera Oaxaque\u00f1a: inclusi\u00f3n, equidad, dignidad y bienestar para todas y todos.<\/p>\n\n\n\n<p>\u201cNo hay transformaci\u00f3n verdadera si no llega primero a las mujeres que m\u00e1s lo necesitan. Este es un gobierno que escucha, que construye desde abajo y que pone el bienestar en el centro de sus decisiones. Sabemos que cuando una mujer avanza con su familia y comunidad, avanza todo Oaxaca\u201d, expres\u00f3.<\/p>\n\n\n\n<p>Este programa estatal tiene una meta anual proyectada de 9 mil 500 beneficiarias en toda la entidad, con un presupuesto total de 50 millones de pesos, el cual se duplicar\u00e1 el pr\u00f3ximo a\u00f1o.<\/p>\n\n\n\n<p>Jara Cruz detall\u00f3 que Mujer Primavera no solo fortalece los negocios a trav\u00e9s de un cr\u00e9dito de 5 mil pesos, a pagarse en 6 meses, con uno de gracia; sino tambi\u00e9n, evita que las oaxaque\u00f1as caigan en pr\u00e1cticas que vulneren la seguridad, con esquemas que derivan en violencia.<\/p>\n\n\n\n<p>La titular de la Secretar\u00eda de Bienestar, Tequio e Inclusi\u00f3n (Sebienti), Vilma Mart\u00ednez Cort\u00e9s dijo que este programa reconoce el esfuerzo de las mujeres que trabajan por cuenta propia para sacar adelante a sus familias y fortalece negocios familiares, locales y oficios. Resalt\u00f3, que el primer paso para el bienestar no es posible si no se acompa\u00f1a de independencia econ\u00f3mica.<\/p>\n\n\n\n<p>\u201cEsta acci\u00f3n representa m\u00e1s que un apoyo econ\u00f3mico, significa confianza, justicia y una deuda que empezamos a saldar con quienes hist\u00f3ricamente han sido excluidas del acceso a financiamiento\u201d, dijo.<\/p>\n\n\n\n<p>El director general del Fideicomiso de Fomento para el Estado de Oaxaca (Fifeo), Alberto Santiago Mart\u00ednez coment\u00f3 que esta estrategia es la v\u00eda para el empoderamiento econ\u00f3mico de las mujeres, as\u00ed como, del desarrollo de sus familias y la sociedad.<br \/>-0-<\/p>\n","protected":false},"excerpt":{"rendered":"<p>\u2022 El Mandatario Salom\u00f3n Jara dio los primeros apoyos con los cuales, dijo, no solo&#8230;<\/p>\n","protected":false},"author":4,"featured_media":43041,"comment_status":"closed","ping_status":"open","sticky":false,"template":"","format":"standard","meta":{"footnotes":""},"categories":[9],"tags":[],"jetpack_sharing_enabled":true,"featured_image_urls":{"full":["https:\/\/contextoanalisisperiodistico.com\/wp-content\/uploads\/2025\/06\/IMG-20250623-WA0079.jpg",1280,853,false],"thumbnail":["https:\/\/contextoanalisisperiodistico.com\/wp-content\/uploads\/2025\/06\/IMG-20250623-WA0079-150x150.jpg",150,150,true],"medium":["https:\/\/contextoanalisisperiodistico.com\/wp-content\/uploads\/2025\/06\/IMG-20250623-WA0079-300x200.jpg",300,200,true],"medium_large":["https:\/\/contextoanalisisperiodistico.com\/wp-content\/uploads\/2025\/06\/IMG-20250623-WA0079-768x512.jpg",640,427,true],"large":["https:\/\/contextoanalisisperiodistico.com\/wp-content\/uploads\/2025\/06\/IMG-20250623-WA0079-1024x682.jpg",640,426,true],"1536x1536":["https:\/\/contextoanalisisperiodistico.com\/wp-content\/uploads\/2025\/06\/IMG-20250623-WA0079.jpg",1280,853,false],"2048x2048":["https:\/\/contextoanalisisperiodistico.com\/wp-content\/uploads\/2025\/06\/IMG-20250623-WA0079.jpg",1280,853,false],"covernews-slider-full":["https:\/\/contextoanalisisperiodistico.com\/wp-content\/uploads\/2025\/06\/IMG-20250623-WA0079-1115x715.jpg",1115,715,true],"covernews-slider-center":["https:\/\/contextoanalisisperiodistico.com\/wp-content\/uploads\/2025\/06\/IMG-20250623-WA0079-800x500.jpg",800,500,true],"covernews-featured":["https:\/\/contextoanalisisperiodistico.com\/wp-content\/uploads\/2025\/06\/IMG-20250623-WA0079-1024x682.jpg",1024,682,true],"covernews-medium":["https:\/\/contextoanalisisperiodistico.com\/wp-content\/uploads\/2025\/06\/IMG-20250623-WA0079-540x340.jpg",540,340,true],"covernews-medium-square":["https:\/\/contextoanalisisperiodistico.com\/wp-content\/uploads\/2025\/06\/IMG-20250623-WA0079-400x250.jpg",400,250,true]},"author_info":{"display_name":"Mario Gir\u00f3n","author_link":"https:\/\/contextoanalisisperiodistico.com\/index.php\/author\/director\/"},"category_info":"<a href=\"https:\/\/contextoanalisisperiodistico.com\/index.php\/category\/politica\/\" rel=\"category tag\">Pol\u00edtica<\/a>","tag_info":"Pol\u00edtica","comment_count":"0","jetpack_featured_media_url":"https:\/\/contextoanalisisperiodistico.com\/wp-content\/uploads\/2025\/06\/IMG-20250623-WA0079.jpg","_links":{"self":[{"href":"https:\/\/contextoanalisisperiodistico.com\/index.php\/wp-json\/wp\/v2\/posts\/43045"}],"collection":[{"href":"https:\/\/contextoanalisisperiodistico.com\/index.php\/wp-json\/wp\/v2\/posts"}],"about":[{"href":"https:\/\/contextoanalisisperiodistico.com\/index.php\/wp-json\/wp\/v2\/types\/post"}],"author":[{"embeddable":true,"href":"https:\/\/contextoanalisisperiodistico.com\/index.php\/wp-json\/wp\/v2\/users\/4"}],"replies":[{"embeddable":true,"href":"https:\/\/contextoanalisisperiodistico.com\/index.php\/wp-json\/wp\/v2\/comments?post=43045"}],"version-history":[{"count":1,"href":"https:\/\/contextoanalisisperiodistico.com\/index.php\/wp-json\/wp\/v2\/posts\/43045\/revisions"}],"predecessor-version":[{"id":43046,"href":"https:\/\/contextoanalisisperiodistico.com\/index.php\/wp-json\/wp\/v2\/posts\/43045\/revisions\/43046"}],"wp:featuredmedia":[{"embeddable":true,"href":"https:\/\/contextoanalisisperiodistico.com\/index.php\/wp-json\/wp\/v2\/media\/43041"}],"wp:attachment":[{"href":"https:\/\/contextoanalisisperiodistico.com\/index.php\/wp-json\/wp\/v2\/media?parent=43045"}],"wp:term":[{"taxonomy":"category","embeddable":true,"href":"https:\/\/contextoanalisisperiodistico.com\/index.php\/wp-json\/wp\/v2\/categories?post=43045"},{"taxonomy":"post_tag","embeddable":true,"href":"https:\/\/contextoanalisisperiodistico.com\/index.php\/wp-json\/wp\/v2\/tags?post=43045"}],"curies":[{"name":"wp","href":"https:\/\/api.w.org\/{rel}","templated":true}]}}