{"id":43019,"date":"2025-06-23T06:36:28","date_gmt":"2025-06-23T12:36:28","guid":{"rendered":"https:\/\/contextoanalisisperiodistico.com\/index.php\/2025\/06\/23\/este-lunes-23-de-junio-se-reanudan-clases-en-la-costa-sierra-sur-e-istmo-de-tehuantepec-ieepo\/"},"modified":"2025-06-23T06:36:28","modified_gmt":"2025-06-23T12:36:28","slug":"este-lunes-23-de-junio-se-reanudan-clases-en-la-costa-sierra-sur-e-istmo-de-tehuantepec-ieepo","status":"publish","type":"post","link":"https:\/\/contextoanalisisperiodistico.com\/index.php\/2025\/06\/23\/este-lunes-23-de-junio-se-reanudan-clases-en-la-costa-sierra-sur-e-istmo-de-tehuantepec-ieepo\/","title":{"rendered":"Este lunes 23 de junio se reanudan clases en la Costa, Sierra Sur e Istmo de Tehuantepec: IEEPO"},"content":{"rendered":"<div id=\"fb-root\"><\/div>\n\n<ul class=\"wp-block-list\">\n<li>Se realizar\u00e1n excepciones en los casos donde persisten da\u00f1os o riesgos por el hurac\u00e1n Erick<\/li>\n\n\n\n<li>Se mantienen los protocolos preventivos en los planteles educativos de acuerdo a las indicaciones del Consejo Estatal de Protecci\u00f3n Civil<\/li>\n<\/ul>\n\n\n\n<p>Oaxaca de Ju\u00e1rez, Oax., 22 de junio de 2025.- El Consejo Estatal de Protecci\u00f3n Civil, a trav\u00e9s del Instituto Estatal de Educaci\u00f3n P\u00fablica de Oaxaca (IEEPO), informa que este lunes 23 de junio se reanudar\u00e1n las actividades escolares en las regiones Costa, Sierra Sur e Istmo de Tehuantepec, con excepci\u00f3n de aquellas zonas que registran afectaciones severas por el paso del hurac\u00e1n \u201cErick\u201d.<\/p>\n\n\n\n<p>En los casos donde persisten da\u00f1os o riesgos, las y los directoras de los planteles en coordinaci\u00f3n con madres y padres de familia, as\u00ed como personas tutoras y autoridades municipales; deber\u00e1n valorar las condiciones estructurales y de seguridad de los inmuebles escolares para garantizar el retorno seguro del alumnado y docentes.<\/p>\n\n\n\n<p>El IEEPO mantiene activo el protocolo preventivo en los centros educativos, siguiendo las indicaciones del Consejo Estatal de Protecci\u00f3n Civil, por lo que contin\u00faa el seguimiento puntual en las zonas afectadas.<\/p>\n\n\n\n<p>De acuerdo con el recuento de da\u00f1os, en la Costa hay 151 escuelas con colapsos de techumbres, de \u00e1rboles, barda perimetral, muro de fosa s\u00e9ptica y de mallas; as\u00ed como desprendimiento de impermeabilizantes, puertas y ventanas; deslaves e inundaciones. En tanto, en el Istmo de Tehuantepec se reportan 20 con inundaciones y filtraciones.<\/p>\n\n\n\n<p>-0-<\/p>\n","protected":false},"excerpt":{"rendered":"<p>Oaxaca de Ju\u00e1rez, Oax., 22 de junio de 2025.- El Consejo Estatal de Protecci\u00f3n Civil,&#8230;<\/p>\n","protected":false},"author":4,"featured_media":43018,"comment_status":"","ping_status":"open","sticky":false,"template":"","format":"standard","meta":{"footnotes":""},"categories":[91],"tags":[],"jetpack_sharing_enabled":true,"featured_image_urls":{"full":["https:\/\/contextoanalisisperiodistico.com\/wp-content\/uploads\/2025\/06\/IMG-20250622-WA0121.jpg",1600,1581,false],"thumbnail":["https:\/\/contextoanalisisperiodistico.com\/wp-content\/uploads\/2025\/06\/IMG-20250622-WA0121-150x150.jpg",150,150,true],"medium":["https:\/\/contextoanalisisperiodistico.com\/wp-content\/uploads\/2025\/06\/IMG-20250622-WA0121-300x296.jpg",300,296,true],"medium_large":["https:\/\/contextoanalisisperiodistico.com\/wp-content\/uploads\/2025\/06\/IMG-20250622-WA0121-768x759.jpg",640,633,true],"large":["https:\/\/contextoanalisisperiodistico.com\/wp-content\/uploads\/2025\/06\/IMG-20250622-WA0121-1024x1012.jpg",640,633,true],"1536x1536":["https:\/\/contextoanalisisperiodistico.com\/wp-content\/uploads\/2025\/06\/IMG-20250622-WA0121-1536x1518.jpg",1536,1518,true],"2048x2048":["https:\/\/contextoanalisisperiodistico.com\/wp-content\/uploads\/2025\/06\/IMG-20250622-WA0121.jpg",1600,1581,false],"covernews-slider-full":["https:\/\/contextoanalisisperiodistico.com\/wp-content\/uploads\/2025\/06\/IMG-20250622-WA0121-1115x715.jpg",1115,715,true],"covernews-slider-center":["https:\/\/contextoanalisisperiodistico.com\/wp-content\/uploads\/2025\/06\/IMG-20250622-WA0121-800x500.jpg",800,500,true],"covernews-featured":["https:\/\/contextoanalisisperiodistico.com\/wp-content\/uploads\/2025\/06\/IMG-20250622-WA0121-1024x1012.jpg",1024,1012,true],"covernews-medium":["https:\/\/contextoanalisisperiodistico.com\/wp-content\/uploads\/2025\/06\/IMG-20250622-WA0121-540x340.jpg",540,340,true],"covernews-medium-square":["https:\/\/contextoanalisisperiodistico.com\/wp-content\/uploads\/2025\/06\/IMG-20250622-WA0121-400x250.jpg",400,250,true]},"author_info":{"display_name":"Mario Gir\u00f3n","author_link":"https:\/\/contextoanalisisperiodistico.com\/index.php\/author\/director\/"},"category_info":"<a href=\"https:\/\/contextoanalisisperiodistico.com\/index.php\/category\/educacion\/\" rel=\"category tag\">Educaci\u00f3n<\/a>","tag_info":"Educaci\u00f3n","comment_count":"0","jetpack_featured_media_url":"https:\/\/contextoanalisisperiodistico.com\/wp-content\/uploads\/2025\/06\/IMG-20250622-WA0121.jpg","_links":{"self":[{"href":"https:\/\/contextoanalisisperiodistico.com\/index.php\/wp-json\/wp\/v2\/posts\/43019"}],"collection":[{"href":"https:\/\/contextoanalisisperiodistico.com\/index.php\/wp-json\/wp\/v2\/posts"}],"about":[{"href":"https:\/\/contextoanalisisperiodistico.com\/index.php\/wp-json\/wp\/v2\/types\/post"}],"author":[{"embeddable":true,"href":"https:\/\/contextoanalisisperiodistico.com\/index.php\/wp-json\/wp\/v2\/users\/4"}],"replies":[{"embeddable":true,"href":"https:\/\/contextoanalisisperiodistico.com\/index.php\/wp-json\/wp\/v2\/comments?post=43019"}],"version-history":[{"count":0,"href":"https:\/\/contextoanalisisperiodistico.com\/index.php\/wp-json\/wp\/v2\/posts\/43019\/revisions"}],"wp:featuredmedia":[{"embeddable":true,"href":"https:\/\/contextoanalisisperiodistico.com\/index.php\/wp-json\/wp\/v2\/media\/43018"}],"wp:attachment":[{"href":"https:\/\/contextoanalisisperiodistico.com\/index.php\/wp-json\/wp\/v2\/media?parent=43019"}],"wp:term":[{"taxonomy":"category","embeddable":true,"href":"https:\/\/contextoanalisisperiodistico.com\/index.php\/wp-json\/wp\/v2\/categories?post=43019"},{"taxonomy":"post_tag","embeddable":true,"href":"https:\/\/contextoanalisisperiodistico.com\/index.php\/wp-json\/wp\/v2\/tags?post=43019"}],"curies":[{"name":"wp","href":"https:\/\/api.w.org\/{rel}","templated":true}]}}