{"id":42923,"date":"2025-06-20T18:05:21","date_gmt":"2025-06-21T00:05:21","guid":{"rendered":"https:\/\/contextoanalisisperiodistico.com\/index.php\/2025\/06\/20\/policia-municipal-detiene-a-una-persona-por-presunto-delito-de-robo-con-violencia\/"},"modified":"2025-06-20T18:05:21","modified_gmt":"2025-06-21T00:05:21","slug":"policia-municipal-detiene-a-una-persona-por-presunto-delito-de-robo-con-violencia","status":"publish","type":"post","link":"https:\/\/contextoanalisisperiodistico.com\/index.php\/2025\/06\/20\/policia-municipal-detiene-a-una-persona-por-presunto-delito-de-robo-con-violencia\/","title":{"rendered":"Polic\u00eda Municipal detiene a una persona por presunto delito de robo con violencia"},"content":{"rendered":"<div id=\"fb-root\"><\/div>\n\n<ul class=\"wp-block-list\">\n<li>Le aseguran un arma de utiler\u00eda, con la que amag\u00f3 a sus v\u00edctimas<\/li>\n<\/ul>\n\n\n\n<figure class=\"wp-block-image size-large\"><img fetchpriority=\"high\" decoding=\"async\" width=\"640\" height=\"586\" src=\"https:\/\/contextoanalisisperiodistico.com\/wp-content\/uploads\/2025\/06\/img-20250620-wa01422962953742628253381.jpg\" alt=\"\" class=\"wp-image-42922\" srcset=\"https:\/\/contextoanalisisperiodistico.com\/wp-content\/uploads\/2025\/06\/img-20250620-wa01422962953742628253381.jpg 640w, https:\/\/contextoanalisisperiodistico.com\/wp-content\/uploads\/2025\/06\/img-20250620-wa01422962953742628253381-300x275.jpg 300w\" sizes=\"(max-width: 640px) 100vw, 640px\" \/><\/figure>\n\n\n\n<p>Oaxaca de Ju\u00e1rez, Oax., 20 de junio de 2025.- La efectiva intervenci\u00f3n de elementos de la Secretar\u00eda de Seguridad Vecinal llev\u00f3 a la detenci\u00f3n de una persona como presunta responsable del delito de robo con violencia.<\/p>\n\n\n\n<p>Elementos de la Direcci\u00f3n de Proximidad Social efectuaban un operativo de prevenci\u00f3n, disuasi\u00f3n y vigilancia en las inmediaciones del Mercado de Abasto, cuando al circular en la prolongaci\u00f3n de Nu\u00f1o del Mercado, observaron a una mujer en el balc\u00f3n de un tercer nivel, quien les pidi\u00f3 apoyo, as\u00ed como indic\u00f3 que hab\u00eda sido asaltada y el sujeto estaba por salir del domicilio.<\/p>\n\n\n\n<p>Los elementos se acercaron a la vivienda y justo en ese momento observaron que un sujeto trat\u00f3 de salir corriendo del domicilio, por lo cual le marcaron el alto.<\/p>\n\n\n\n<p>Al resistirse, cay\u00f3 al suelo y observaron que en el cinto, portaba un objeto similar a un arma de fuego, el cual fue asegurado y constataron que se trataba de un arma de utiler\u00eda.<\/p>\n\n\n\n<p>En ese momento, la persona que gritaba en el balc\u00f3n baj\u00f3 y lo se\u00f1al\u00f3 como quien momentos antes lleg\u00f3 hasta el tercer nivel y le apunt\u00f3 con el arma, para despojarla de su tel\u00e9fono celular y dinero en efectivo.<\/p>\n\n\n\n<p>Al descender, tambi\u00e9n despoj\u00f3 de dinero en efectivo a la madre de la primera v\u00edctima, quien es propietaria de un dep\u00f3sito de refrescos.<\/p>\n\n\n\n<p>En la inspecci\u00f3n precautoria, al sujeto le hallaron el tel\u00e9fono de la v\u00edctima y la cantidad de 3 mil 982 pesos en billetes y monedas, producto del robo.<\/p>\n\n\n\n<p>El detenido dijo llamarse Jos\u00e9 C. P., de 54 a\u00f1os de edad, quien junto con lo recuperado qued\u00f3 a disposici\u00f3n de la Fiscal\u00eda General del Estado para determinar su situaci\u00f3n jur\u00eddica.<\/p>\n\n\n\n<p>Con estas acciones, la Secretar\u00eda de Seguridad Vecinal garantiza la seguridad de las vecinas y vecinos de Oaxaca de Ju\u00e1rez.<\/p>\n","protected":false},"excerpt":{"rendered":"<p>Oaxaca de Ju\u00e1rez, Oax., 20 de junio de 2025.- La efectiva intervenci\u00f3n de elementos de&#8230;<\/p>\n","protected":false},"author":4,"featured_media":42921,"comment_status":"","ping_status":"open","sticky":false,"template":"","format":"standard","meta":{"footnotes":""},"categories":[10],"tags":[178,235,234,45],"jetpack_sharing_enabled":true,"featured_image_urls":{"full":["https:\/\/contextoanalisisperiodistico.com\/wp-content\/uploads\/2025\/06\/IMG-20250620-WA0143.jpg",413,284,false],"thumbnail":["https:\/\/contextoanalisisperiodistico.com\/wp-content\/uploads\/2025\/06\/IMG-20250620-WA0143-150x150.jpg",150,150,true],"medium":["https:\/\/contextoanalisisperiodistico.com\/wp-content\/uploads\/2025\/06\/IMG-20250620-WA0143-300x206.jpg",300,206,true],"medium_large":["https:\/\/contextoanalisisperiodistico.com\/wp-content\/uploads\/2025\/06\/IMG-20250620-WA0143.jpg",413,284,false],"large":["https:\/\/contextoanalisisperiodistico.com\/wp-content\/uploads\/2025\/06\/IMG-20250620-WA0143.jpg",413,284,false],"1536x1536":["https:\/\/contextoanalisisperiodistico.com\/wp-content\/uploads\/2025\/06\/IMG-20250620-WA0143.jpg",413,284,false],"2048x2048":["https:\/\/contextoanalisisperiodistico.com\/wp-content\/uploads\/2025\/06\/IMG-20250620-WA0143.jpg",413,284,false],"covernews-slider-full":["https:\/\/contextoanalisisperiodistico.com\/wp-content\/uploads\/2025\/06\/IMG-20250620-WA0143.jpg",413,284,false],"covernews-slider-center":["https:\/\/contextoanalisisperiodistico.com\/wp-content\/uploads\/2025\/06\/IMG-20250620-WA0143.jpg",413,284,false],"covernews-featured":["https:\/\/contextoanalisisperiodistico.com\/wp-content\/uploads\/2025\/06\/IMG-20250620-WA0143.jpg",413,284,false],"covernews-medium":["https:\/\/contextoanalisisperiodistico.com\/wp-content\/uploads\/2025\/06\/IMG-20250620-WA0143.jpg",413,284,false],"covernews-medium-square":["https:\/\/contextoanalisisperiodistico.com\/wp-content\/uploads\/2025\/06\/IMG-20250620-WA0143-400x250.jpg",400,250,true]},"author_info":{"display_name":"Mario Gir\u00f3n","author_link":"https:\/\/contextoanalisisperiodistico.com\/index.php\/author\/director\/"},"category_info":"<a href=\"https:\/\/contextoanalisisperiodistico.com\/index.php\/category\/seguridad\/\" rel=\"category tag\">Seguridad<\/a>","tag_info":"Seguridad","comment_count":"0","jetpack_featured_media_url":"https:\/\/contextoanalisisperiodistico.com\/wp-content\/uploads\/2025\/06\/IMG-20250620-WA0143.jpg","_links":{"self":[{"href":"https:\/\/contextoanalisisperiodistico.com\/index.php\/wp-json\/wp\/v2\/posts\/42923"}],"collection":[{"href":"https:\/\/contextoanalisisperiodistico.com\/index.php\/wp-json\/wp\/v2\/posts"}],"about":[{"href":"https:\/\/contextoanalisisperiodistico.com\/index.php\/wp-json\/wp\/v2\/types\/post"}],"author":[{"embeddable":true,"href":"https:\/\/contextoanalisisperiodistico.com\/index.php\/wp-json\/wp\/v2\/users\/4"}],"replies":[{"embeddable":true,"href":"https:\/\/contextoanalisisperiodistico.com\/index.php\/wp-json\/wp\/v2\/comments?post=42923"}],"version-history":[{"count":0,"href":"https:\/\/contextoanalisisperiodistico.com\/index.php\/wp-json\/wp\/v2\/posts\/42923\/revisions"}],"wp:featuredmedia":[{"embeddable":true,"href":"https:\/\/contextoanalisisperiodistico.com\/index.php\/wp-json\/wp\/v2\/media\/42921"}],"wp:attachment":[{"href":"https:\/\/contextoanalisisperiodistico.com\/index.php\/wp-json\/wp\/v2\/media?parent=42923"}],"wp:term":[{"taxonomy":"category","embeddable":true,"href":"https:\/\/contextoanalisisperiodistico.com\/index.php\/wp-json\/wp\/v2\/categories?post=42923"},{"taxonomy":"post_tag","embeddable":true,"href":"https:\/\/contextoanalisisperiodistico.com\/index.php\/wp-json\/wp\/v2\/tags?post=42923"}],"curies":[{"name":"wp","href":"https:\/\/api.w.org\/{rel}","templated":true}]}}