{"id":42837,"date":"2025-06-19T12:43:44","date_gmt":"2025-06-19T18:43:44","guid":{"rendered":"https:\/\/contextoanalisisperiodistico.com\/index.php\/2025\/06\/19\/reprograman-proceso-de-seleccion-de-la-representante-de-la-diosa-centeotl-2025\/"},"modified":"2025-06-19T12:55:18","modified_gmt":"2025-06-19T18:55:18","slug":"reprograman-proceso-de-seleccion-de-la-representante-de-la-diosa-centeotl-2025","status":"publish","type":"post","link":"https:\/\/contextoanalisisperiodistico.com\/index.php\/2025\/06\/19\/reprograman-proceso-de-seleccion-de-la-representante-de-la-diosa-centeotl-2025\/","title":{"rendered":"Reprograman selecci\u00f3n de la representante Diosa Cent\u00e9otl 2025"},"content":{"rendered":"<div id=\"fb-root\"><\/div>\n\n<p>\u2022 Se notificar\u00e1 a las participantes y autoridades la nueva fecha del evento<\/p>\n\n\n\n<p>Oaxaca de Ju\u00e1rez, Oax. 19 de junio de 2025.- El Consejo Estatal de Protecci\u00f3n Civil, a trav\u00e9s de la Secretar\u00eda de las Culturas y Artes (Seculta), informa que, ante el impacto del hurac\u00e1n Erick en las costas de Oaxaca, el proceso de selecci\u00f3n de la representante de la Diosa Cent\u00e9otl 2025, previsto para este 20 y 21 de junio; ser\u00e1 reprogramado.<\/p>\n\n\n\n<p>Participantes de las ocho regiones del estado, as\u00ed como las y los acompa\u00f1antes, jurados, artistas, conductores e invitados especiales; han sido notificados de esta decisi\u00f3n como medida de prevenci\u00f3n y salvaguarda, adem\u00e1s, en solidaridad con las comunidades afectadas.<\/p>\n\n\n\n<p>Tan pronto como las condiciones meteorol\u00f3gicas lo permitan y en consideraci\u00f3n permanente con las zonas afectadas, se notificar\u00e1 a las participantes y autoridades la nueva fecha del evento.<\/p>\n\n\n\n<p>-0-<\/p>\n","protected":false},"excerpt":{"rendered":"<p>\u2022 Se notificar\u00e1 a las participantes y autoridades la nueva fecha del evento Oaxaca de&#8230;<\/p>\n","protected":false},"author":4,"featured_media":42836,"comment_status":"closed","ping_status":"open","sticky":false,"template":"","format":"standard","meta":{"footnotes":""},"categories":[4],"tags":[],"jetpack_sharing_enabled":true,"featured_image_urls":{"full":["https:\/\/contextoanalisisperiodistico.com\/wp-content\/uploads\/2025\/06\/IMG-20250414-WA0164.jpg",1080,1080,false],"thumbnail":["https:\/\/contextoanalisisperiodistico.com\/wp-content\/uploads\/2025\/06\/IMG-20250414-WA0164-150x150.jpg",150,150,true],"medium":["https:\/\/contextoanalisisperiodistico.com\/wp-content\/uploads\/2025\/06\/IMG-20250414-WA0164-300x300.jpg",300,300,true],"medium_large":["https:\/\/contextoanalisisperiodistico.com\/wp-content\/uploads\/2025\/06\/IMG-20250414-WA0164-768x768.jpg",640,640,true],"large":["https:\/\/contextoanalisisperiodistico.com\/wp-content\/uploads\/2025\/06\/IMG-20250414-WA0164-1024x1024.jpg",640,640,true],"1536x1536":["https:\/\/contextoanalisisperiodistico.com\/wp-content\/uploads\/2025\/06\/IMG-20250414-WA0164.jpg",1080,1080,false],"2048x2048":["https:\/\/contextoanalisisperiodistico.com\/wp-content\/uploads\/2025\/06\/IMG-20250414-WA0164.jpg",1080,1080,false],"covernews-slider-full":["https:\/\/contextoanalisisperiodistico.com\/wp-content\/uploads\/2025\/06\/IMG-20250414-WA0164-1080x715.jpg",1080,715,true],"covernews-slider-center":["https:\/\/contextoanalisisperiodistico.com\/wp-content\/uploads\/2025\/06\/IMG-20250414-WA0164-800x500.jpg",800,500,true],"covernews-featured":["https:\/\/contextoanalisisperiodistico.com\/wp-content\/uploads\/2025\/06\/IMG-20250414-WA0164-1024x1024.jpg",1024,1024,true],"covernews-medium":["https:\/\/contextoanalisisperiodistico.com\/wp-content\/uploads\/2025\/06\/IMG-20250414-WA0164-540x340.jpg",540,340,true],"covernews-medium-square":["https:\/\/contextoanalisisperiodistico.com\/wp-content\/uploads\/2025\/06\/IMG-20250414-WA0164-400x250.jpg",400,250,true]},"author_info":{"display_name":"Mario Gir\u00f3n","author_link":"https:\/\/contextoanalisisperiodistico.com\/index.php\/author\/director\/"},"category_info":"<a href=\"https:\/\/contextoanalisisperiodistico.com\/index.php\/category\/cultura\/\" rel=\"category tag\">Cultura<\/a>","tag_info":"Cultura","comment_count":"0","jetpack_featured_media_url":"https:\/\/contextoanalisisperiodistico.com\/wp-content\/uploads\/2025\/06\/IMG-20250414-WA0164.jpg","_links":{"self":[{"href":"https:\/\/contextoanalisisperiodistico.com\/index.php\/wp-json\/wp\/v2\/posts\/42837"}],"collection":[{"href":"https:\/\/contextoanalisisperiodistico.com\/index.php\/wp-json\/wp\/v2\/posts"}],"about":[{"href":"https:\/\/contextoanalisisperiodistico.com\/index.php\/wp-json\/wp\/v2\/types\/post"}],"author":[{"embeddable":true,"href":"https:\/\/contextoanalisisperiodistico.com\/index.php\/wp-json\/wp\/v2\/users\/4"}],"replies":[{"embeddable":true,"href":"https:\/\/contextoanalisisperiodistico.com\/index.php\/wp-json\/wp\/v2\/comments?post=42837"}],"version-history":[{"count":1,"href":"https:\/\/contextoanalisisperiodistico.com\/index.php\/wp-json\/wp\/v2\/posts\/42837\/revisions"}],"predecessor-version":[{"id":42838,"href":"https:\/\/contextoanalisisperiodistico.com\/index.php\/wp-json\/wp\/v2\/posts\/42837\/revisions\/42838"}],"wp:featuredmedia":[{"embeddable":true,"href":"https:\/\/contextoanalisisperiodistico.com\/index.php\/wp-json\/wp\/v2\/media\/42836"}],"wp:attachment":[{"href":"https:\/\/contextoanalisisperiodistico.com\/index.php\/wp-json\/wp\/v2\/media?parent=42837"}],"wp:term":[{"taxonomy":"category","embeddable":true,"href":"https:\/\/contextoanalisisperiodistico.com\/index.php\/wp-json\/wp\/v2\/categories?post=42837"},{"taxonomy":"post_tag","embeddable":true,"href":"https:\/\/contextoanalisisperiodistico.com\/index.php\/wp-json\/wp\/v2\/tags?post=42837"}],"curies":[{"name":"wp","href":"https:\/\/api.w.org\/{rel}","templated":true}]}}