{"id":42827,"date":"2025-06-19T11:00:23","date_gmt":"2025-06-19T17:00:23","guid":{"rendered":"https:\/\/contextoanalisisperiodistico.com\/index.php\/2025\/06\/19\/buzones-vecinales-fortaleceran-el-dialogo-ciudadano-en-oaxaca-de-juarez\/"},"modified":"2025-06-19T11:03:31","modified_gmt":"2025-06-19T17:03:31","slug":"buzones-vecinales-fortaleceran-el-dialogo-ciudadano-en-oaxaca-de-juarez","status":"publish","type":"post","link":"https:\/\/contextoanalisisperiodistico.com\/index.php\/2025\/06\/19\/buzones-vecinales-fortaleceran-el-dialogo-ciudadano-en-oaxaca-de-juarez\/","title":{"rendered":"Buzones Vecinales fortalecer\u00e1n el di\u00e1logo ciudadano en Oaxaca de Ju\u00e1rez"},"content":{"rendered":"<div id=\"fb-root\"><\/div>\n\n<ul class=\"wp-block-list\">\n<li>\u201cTu Voz Cuenta\u201d: Una herramienta directa de participaci\u00f3n en cada agencia municipal<\/li>\n<\/ul>\n\n\n\n<p>Oaxaca de Ju\u00e1rez, Oax., a 19 de junio de 2025.- Con el objetivo de acercar el gobierno a la ciudadan\u00eda y fomentar una cultura de participaci\u00f3n activa, el Municipio de Oaxaca de Ju\u00e1rez pone en marcha la iniciativa \u201cTu Voz Cuenta. Buzones Vecinales en tu Agencia\u201d, un modelo innovador de gobernanza que permite a las y los oaxaque\u00f1os expresar sus propuestas, necesidades y sugerencias de manera directa.<\/p>\n\n\n\n<p>Los Buzones Vecinales se instalan en el palacio municipal y en las 13 agencias municipales y de polic\u00eda de la capital, como espacios visibles, accesibles y seguros para fortalecer la comunicaci\u00f3n entre la ciudadan\u00eda y la administraci\u00f3n municipal.<\/p>\n\n\n\n<p>La propuesta para implementar esta herramienta de participaci\u00f3n fue presentada en sesi\u00f3n de Cabildo del 18 de marzo por el Regidor de Centro Hist\u00f3rico y Patrimonio Mundial, Antonio \u00c1lvarez Mart\u00ednez, como parte del compromiso de construir canales efectivos de di\u00e1logo entre el gobierno municipal y las comunidades.<\/p>\n\n\n\n<p>A la par, se habilita un buz\u00f3n digital que permite a la poblaci\u00f3n participar desde casa, accediendo a trav\u00e9s del siguiente enlace:<br \/>\ud83d\udd17 bit.ly\/4l6CLB8<\/p>\n\n\n\n<p>Este esfuerzo responde al compromiso del presidente Ray Chagoya de contar con un gobierno de territorio que escucha, atiende y trabaja en colaboraci\u00f3n con sus habitantes, canalizando cada mensaje al \u00e1rea competente y brindando respuestas mediante los Di\u00e1logos Vecinales, redes sociales o comunicaci\u00f3n directa en cada comunidad.<\/p>\n\n\n\n<p>La Coordinaci\u00f3n de Atenci\u00f3n Vecinal realizar\u00e1 revisiones quincenales de los buzones, mientras que los resultados ser\u00e1n reportados de forma transparente de manera mensual, incluyendo encuestas de satisfacci\u00f3n, n\u00famero de mensajes recibidos y porcentaje de respuestas entregadas.<\/p>\n\n\n\n<p>Con este programa, el Gobierno Municipal reitera su convicci\u00f3n de que un gobierno que escucha, es un gobierno que responde.<\/p>\n\n\n\n<p><\/p>\n\n\n\n<p><\/p>\n","protected":false},"excerpt":{"rendered":"<p>Oaxaca de Ju\u00e1rez, Oax., a 19 de junio de 2025.- Con el objetivo de acercar&#8230;<\/p>\n","protected":false},"author":4,"featured_media":42826,"comment_status":"closed","ping_status":"open","sticky":false,"template":"","format":"standard","meta":{"footnotes":""},"categories":[9],"tags":[178,235,234,45],"jetpack_sharing_enabled":true,"featured_image_urls":{"full":["https:\/\/contextoanalisisperiodistico.com\/wp-content\/uploads\/2025\/06\/IMG-20250619-WA0046.jpg",1080,1080,false],"thumbnail":["https:\/\/contextoanalisisperiodistico.com\/wp-content\/uploads\/2025\/06\/IMG-20250619-WA0046-150x150.jpg",150,150,true],"medium":["https:\/\/contextoanalisisperiodistico.com\/wp-content\/uploads\/2025\/06\/IMG-20250619-WA0046-300x300.jpg",300,300,true],"medium_large":["https:\/\/contextoanalisisperiodistico.com\/wp-content\/uploads\/2025\/06\/IMG-20250619-WA0046-768x768.jpg",640,640,true],"large":["https:\/\/contextoanalisisperiodistico.com\/wp-content\/uploads\/2025\/06\/IMG-20250619-WA0046-1024x1024.jpg",640,640,true],"1536x1536":["https:\/\/contextoanalisisperiodistico.com\/wp-content\/uploads\/2025\/06\/IMG-20250619-WA0046.jpg",1080,1080,false],"2048x2048":["https:\/\/contextoanalisisperiodistico.com\/wp-content\/uploads\/2025\/06\/IMG-20250619-WA0046.jpg",1080,1080,false],"covernews-slider-full":["https:\/\/contextoanalisisperiodistico.com\/wp-content\/uploads\/2025\/06\/IMG-20250619-WA0046-1080x715.jpg",1080,715,true],"covernews-slider-center":["https:\/\/contextoanalisisperiodistico.com\/wp-content\/uploads\/2025\/06\/IMG-20250619-WA0046-800x500.jpg",800,500,true],"covernews-featured":["https:\/\/contextoanalisisperiodistico.com\/wp-content\/uploads\/2025\/06\/IMG-20250619-WA0046-1024x1024.jpg",1024,1024,true],"covernews-medium":["https:\/\/contextoanalisisperiodistico.com\/wp-content\/uploads\/2025\/06\/IMG-20250619-WA0046-540x340.jpg",540,340,true],"covernews-medium-square":["https:\/\/contextoanalisisperiodistico.com\/wp-content\/uploads\/2025\/06\/IMG-20250619-WA0046-400x250.jpg",400,250,true]},"author_info":{"display_name":"Mario Gir\u00f3n","author_link":"https:\/\/contextoanalisisperiodistico.com\/index.php\/author\/director\/"},"category_info":"<a href=\"https:\/\/contextoanalisisperiodistico.com\/index.php\/category\/politica\/\" rel=\"category tag\">Pol\u00edtica<\/a>","tag_info":"Pol\u00edtica","comment_count":"0","jetpack_featured_media_url":"https:\/\/contextoanalisisperiodistico.com\/wp-content\/uploads\/2025\/06\/IMG-20250619-WA0046.jpg","_links":{"self":[{"href":"https:\/\/contextoanalisisperiodistico.com\/index.php\/wp-json\/wp\/v2\/posts\/42827"}],"collection":[{"href":"https:\/\/contextoanalisisperiodistico.com\/index.php\/wp-json\/wp\/v2\/posts"}],"about":[{"href":"https:\/\/contextoanalisisperiodistico.com\/index.php\/wp-json\/wp\/v2\/types\/post"}],"author":[{"embeddable":true,"href":"https:\/\/contextoanalisisperiodistico.com\/index.php\/wp-json\/wp\/v2\/users\/4"}],"replies":[{"embeddable":true,"href":"https:\/\/contextoanalisisperiodistico.com\/index.php\/wp-json\/wp\/v2\/comments?post=42827"}],"version-history":[{"count":1,"href":"https:\/\/contextoanalisisperiodistico.com\/index.php\/wp-json\/wp\/v2\/posts\/42827\/revisions"}],"predecessor-version":[{"id":42828,"href":"https:\/\/contextoanalisisperiodistico.com\/index.php\/wp-json\/wp\/v2\/posts\/42827\/revisions\/42828"}],"wp:featuredmedia":[{"embeddable":true,"href":"https:\/\/contextoanalisisperiodistico.com\/index.php\/wp-json\/wp\/v2\/media\/42826"}],"wp:attachment":[{"href":"https:\/\/contextoanalisisperiodistico.com\/index.php\/wp-json\/wp\/v2\/media?parent=42827"}],"wp:term":[{"taxonomy":"category","embeddable":true,"href":"https:\/\/contextoanalisisperiodistico.com\/index.php\/wp-json\/wp\/v2\/categories?post=42827"},{"taxonomy":"post_tag","embeddable":true,"href":"https:\/\/contextoanalisisperiodistico.com\/index.php\/wp-json\/wp\/v2\/tags?post=42827"}],"curies":[{"name":"wp","href":"https:\/\/api.w.org\/{rel}","templated":true}]}}